{"id":1011,"date":"2024-01-04T07:50:42","date_gmt":"2024-01-04T06:50:42","guid":{"rendered":"https:\/\/www.militia-christi.it\/sitoweb\/2024\/01\/04\/elizabeth-ann-bayley-seton\/"},"modified":"2024-01-04T07:50:42","modified_gmt":"2024-01-04T06:50:42","slug":"elizabeth-ann-bayley-seton","status":"publish","type":"post","link":"https:\/\/www.militia-christi.it\/sitoweb\/2024\/01\/04\/elizabeth-ann-bayley-seton\/","title":{"rendered":"Elizabeth Ann Bayley Seton"},"content":{"rendered":"\n<p class=\"wp-block-paragraph\"><strong><br>Elizabeth Ann Bayley Seton<\/strong> (<a href=\"app:\/\/it.wikipedia.org\/wiki\/New_York\">New York<\/a>, <a href=\"app:\/\/it.wikipedia.org\/wiki\/28_agosto\">28 agosto<\/a> <a href=\"app:\/\/it.wikipedia.org\/wiki\/1774\">1774<\/a> \u2013 <a href=\"app:\/\/it.wikipedia.org\/wiki\/Emmitsburg\">Emmitsburg<\/a>, <a href=\"app:\/\/it.wikipedia.org\/wiki\/4_gennaio\">4 gennaio<\/a> <a href=\"app:\/\/it.wikipedia.org\/wiki\/1821\">1821<\/a>) \u00e8 stata una <a href=\"app:\/\/it.wikipedia.org\/wiki\/Religioso_(cristianesimo)\">religiosa<\/a> <a href=\"app:\/\/it.wikipedia.org\/wiki\/Stati_Uniti_d'America\">statunitense<\/a>, promotrice di numerose iniziative caritatevoli a favore dei poveri, particolarmente delle vedove con figli piccoli. \u00c8 stata proclamata <a href=\"app:\/\/it.wikipedia.org\/wiki\/Santo\">santa<\/a> da <a href=\"app:\/\/it.wikipedia.org\/wiki\/Papa_Paolo_VI\">papa Paolo VI<\/a> nel <a href=\"app:\/\/it.wikipedia.org\/wiki\/1975\">1975<\/a>, divenendo la prima persona nata negli Stati Uniti ad essere <a href=\"app:\/\/it.wikipedia.org\/wiki\/Canonizzazione\">canonizzata<\/a>.<\/p>\n\n\n\n<h2 class=\"wp-block-heading\" id=\"Biografia\">Biografia<\/h2>\n\n\n\n<p class=\"wp-block-paragraph\"><\/p>\n\n\n\n<p class=\"wp-block-paragraph\">Elizabeth Ann Bayley nacque nel 1774 a New York da una famiglia <a class=\"mw-redirect\" href=\"app:\/\/it.wikipedia.org\/wiki\/Chiesa_episcopale_degli_Stati_Uniti_d'America\">episcopaliana<\/a>: il 25 gennaio del <a href=\"app:\/\/it.wikipedia.org\/wiki\/1794\">1794<\/a>, all&#8217;et\u00e0 di diciannove anni, spos\u00f2 il ricco commerciante William Seton, a cui diede cinque figli.<\/p>\n\n\n\n<figure class=\"wp-block-image size-large\"><img data-recalc-dims=\"1\" fetchpriority=\"high\" decoding=\"async\" width=\"608\" height=\"1024\" src=\"https:\/\/i0.wp.com\/www.militia-christi.it\/sitoweb\/wp-content\/uploads\/2024\/01\/img_5455-1.jpg?resize=608%2C1024&#038;ssl=1\" class=\"wp-image-1009\" srcset=\"https:\/\/i0.wp.com\/www.militia-christi.it\/sitoweb\/wp-content\/uploads\/2024\/01\/img_5455-1.jpg?resize=608%2C1024&amp;ssl=1 608w, https:\/\/i0.wp.com\/www.militia-christi.it\/sitoweb\/wp-content\/uploads\/2024\/01\/img_5455-1.jpg?resize=178%2C300&amp;ssl=1 178w, https:\/\/i0.wp.com\/www.militia-christi.it\/sitoweb\/wp-content\/uploads\/2024\/01\/img_5455-1.jpg?resize=768%2C1294&amp;ssl=1 768w, https:\/\/i0.wp.com\/www.militia-christi.it\/sitoweb\/wp-content\/uploads\/2024\/01\/img_5455-1.jpg?resize=912%2C1536&amp;ssl=1 912w, https:\/\/i0.wp.com\/www.militia-christi.it\/sitoweb\/wp-content\/uploads\/2024\/01\/img_5455-1.jpg?w=1114&amp;ssl=1 1114w\" sizes=\"(max-width: 608px) 100vw, 608px\" \/><\/figure>\n\n\n\n<p class=\"wp-block-paragraph\">Il marito si ammal\u00f2 gravemente e, su consiglio dei medici, si trasfer\u00ec in Italia per rimettersi in salute. Elizabeth e William sbarcarono a&nbsp;<a href=\"app:\/\/it.wikipedia.org\/wiki\/Livorno\">Livorno<\/a>&nbsp;nel novembre 1803, ma, a causa dell&#8217;epidemia di&nbsp;<a href=\"app:\/\/it.wikipedia.org\/wiki\/Febbre_gialla\">febbre gialla<\/a>&nbsp;che si era sviluppata a New York, fu imposta loro la quarantena in un lazzaretto alle porte della citt\u00e0. Durante la permanenza a Livorno, i coniugi furono visitati pi\u00f9 volte da Filippo Filicchi, console degli Stati Uniti nella stessa citt\u00e0 toscana. Tuttavia, le condizioni del marito peggiorarono e il 27 dicembre 1803 William mor\u00ec nell\u2019ospedale di Pisa; fu quindi sepolto nel&nbsp;<a href=\"app:\/\/it.wikipedia.org\/wiki\/Antico_cimitero_degli_inglesi\">cimitero degli inglesi<\/a>.<sup class=\"mw-ref reference right-touch-area\"><a href=\"app:\/\/it.wikipedia.org\/wiki\/Elizabeth_Ann_Bayley_Seton#cite_note-1\" class=\"reference-link\"><\/a><\/sup><\/p>\n\n\n\n<p class=\"wp-block-paragraph\">Dopo la morte del marito, i Filicchi cercarono di aiutare la vedova, portandola in pellegrinaggio in molte chiese della citt\u00e0, tra cui quella di&nbsp;<a href=\"app:\/\/it.wikipedia.org\/wiki\/Chiesa_di_Santa_Caterina_(Livorno)\">Santa Caterina<\/a>&nbsp;e il&nbsp;<a href=\"app:\/\/it.wikipedia.org\/wiki\/Santuario_della_Madonna_delle_Grazie_(Livorno)\">santuario di Montenero<\/a>. Cos\u00ec Elizabeth inizi\u00f2 il percorso che la port\u00f2 a convertirsi al&nbsp;<a href=\"app:\/\/it.wikipedia.org\/wiki\/Cattolicesimo\" class=\"mw-redirect\">cattolicesimo<\/a>&nbsp;e proprio durante la celebrazione di una messa nel suddetto santuario ebbe una rivelazione circa la presenza reale di Ges\u00f9 nell\u2019Eucarestia e decise di diventare cattolica.<\/p>\n\n\n\n<p class=\"wp-block-paragraph\">Tornata negli Stati Uniti nel 1804, dopo un non breve travaglio spirituale, in forma ufficiale dichiar\u00f2 di staccarsi dal chiesa episcopale e di voler entrare nella chiesa cattolica: era il 14 marzo 1805. Ricevette la&nbsp;<a href=\"app:\/\/it.wikipedia.org\/wiki\/Prima_comunione\">prima comunione<\/a>&nbsp;il 25 marzo 1805 e venne&nbsp;<a href=\"app:\/\/it.wikipedia.org\/wiki\/Cresima\" class=\"mw-redirect\">cresimata<\/a>&nbsp;il 26 marzo dell&#8217;anno successivo.<sup class=\"mw-ref reference default-touch-area\"><a href=\"app:\/\/it.wikipedia.org\/wiki\/Elizabeth_Ann_Bayley_Seton#cite_note-2\" class=\"reference-link\"><\/a><\/sup><\/p>\n\n\n\n<p class=\"wp-block-paragraph\">Si trasfer\u00ec a&nbsp;<a href=\"app:\/\/it.wikipedia.org\/wiki\/Baltimora\">Baltimora<\/a>, sotto la protezione del vescovo&nbsp;<a href=\"app:\/\/it.wikipedia.org\/wiki\/John_Carroll\">John Carroll<\/a>, e inizi\u00f2 a svolgere il suo apostolato a favore delle donne vedove con figli piccoli: eresse anche molte scuole.<\/p>\n\n\n\n<p class=\"wp-block-paragraph\">Il 1\u00ba giugno del 1809 fond\u00f2 una comunit\u00e0 religiosa improntata alla spiritualit\u00e0&nbsp;<a href=\"app:\/\/it.wikipedia.org\/wiki\/Vincenzo_de'_Paoli\">vincenziana<\/a>&nbsp;(le Figlie della Carit\u00e0 di San Giuseppe) e si stabil\u00ec ad Emmitsburg, nel&nbsp;<a href=\"app:\/\/it.wikipedia.org\/wiki\/Maryland\">Maryland<\/a>: nel 1812 adott\u00f2 le&nbsp;<a href=\"app:\/\/it.wikipedia.org\/wiki\/Costituzioni_religiose\">costituzioni<\/a>&nbsp;delle&nbsp;<a href=\"app:\/\/it.wikipedia.org\/wiki\/Figlie_della_Carit%C3%A0_di_San_Vincenzo_de'_Paoli\" class=\"mw-redirect\">Figlie della Carit\u00e0 di San Vincenzo de&#8217; Paoli<\/a>, modificate e approvate dal vescovo Carrol. Il primo gruppo di religiose (madre Seton e altre sedici consorelle) fecero la loro professione di&nbsp;<a href=\"app:\/\/it.wikipedia.org\/wiki\/Voto_(religione)\">voti<\/a>&nbsp;perpetui il 19 luglio 1813.<\/p>\n\n\n\n<p class=\"wp-block-paragraph\">Importante e di indubbia rilevanza storica il carteggio epistolare tra Seton e Filicchi da cui \u00e8 scaturita la crescita nella fede di Elisabetta Anna Seton. Motivazioni storiche e culturali che hanno portato all&#8217;edificazione della prima chiesa al mondo dedicata a&nbsp;<a href=\"app:\/\/it.wikipedia.org\/wiki\/Livorno\">Livorno<\/a>&nbsp;alla prima santa americana.<sup class=\"mw-ref reference default-touch-area\"><a href=\"app:\/\/it.wikipedia.org\/wiki\/Elizabeth_Ann_Bayley_Seton#cite_note-3\" class=\"reference-link\"><\/a><\/sup><\/p>\n\n\n\n<p class=\"wp-block-paragraph\">Mor\u00ec il 4 gennaio 1821 all&#8217;et\u00e0 di 46 anni.<\/p>\n","protected":false},"excerpt":{"rendered":"<p>Elizabeth Ann Bayley Seton (New York, 28 agosto 1774 \u2013 Emmitsburg, 4 gennaio 1821) \u00e8 stata una religiosa statunitense, promotrice di numerose iniziative caritatevoli a favore dei poveri, particolarmente delle [&hellip;]<\/p>\n","protected":false},"author":2,"featured_media":1010,"comment_status":"open","ping_status":"open","sticky":false,"template":"","format":"standard","meta":{"om_disable_all_campaigns":false,"_monsterinsights_skip_tracking":false,"_uf_show_specific_survey":0,"_uf_disable_surveys":false,"_jetpack_newsletter_access":"","_jetpack_dont_email_post_to_subs":false,"_jetpack_newsletter_tier_id":0,"_jetpack_memberships_contains_paywalled_content":false,"_jetpack_feature_clip_id":0,"_jetpack_memberships_contains_paid_content":false,"footnotes":"","jetpack_publicize_message":"","jetpack_publicize_feature_enabled":true,"jetpack_social_post_already_shared":true,"jetpack_social_options":{"image_generator_settings":{"template":"highway","default_image_id":0,"font":"","enabled":false},"version":2},"jetpack_post_was_ever_published":false},"categories":[60],"tags":[138,140,139],"class_list":["post-1011","post","type-post","status-publish","format-standard","has-post-thumbnail","hentry","category-santi-del-giorno","tag-ann","tag-bayley","tag-seton"],"aioseo_notices":[],"aioseo_head":"\n\t\t<!-- All in One SEO 4.9.10 - aioseo.com -->\n\t<meta name=\"description\" content=\"Elizabeth Ann Bayley Seton (New York, 28 agosto 1774 \u2013 Emmitsburg, 4 gennaio 1821) \u00e8 stata una religiosa statunitense, promotrice di numerose iniziative caritatevoli a favore dei poveri, particolarmente delle vedove con figli piccoli. \u00c8 stata proclamata santa da papa Paolo VI nel 1975, divenendo la prima persona nata negli Stati Uniti ad essere canonizzata.\" \/>\n\t<meta name=\"robots\" content=\"max-image-preview:large\" \/>\n\t<meta name=\"author\" content=\"Admin Admin\"\/>\n\t<link rel=\"canonical\" href=\"https:\/\/www.militia-christi.it\/sitoweb\/2024\/01\/04\/elizabeth-ann-bayley-seton\/\" \/>\n\t<meta name=\"generator\" content=\"All in One SEO (AIOSEO) 4.9.10\" \/>\n\t\t<meta property=\"og:locale\" content=\"it_IT\" \/>\n\t\t<meta property=\"og:site_name\" content=\"I Templari: Poveri Cavalieri di Cristo del Tempio di Salomone - Non nobis Domine, non nobis, sed nomini tuo da gloriam\" \/>\n\t\t<meta property=\"og:type\" content=\"article\" \/>\n\t\t<meta property=\"og:title\" content=\"Elizabeth Ann Bayley Seton - I Templari: Poveri Cavalieri di Cristo del Tempio di Salomone\" \/>\n\t\t<meta property=\"og:description\" content=\"Elizabeth Ann Bayley Seton (New York, 28 agosto 1774 \u2013 Emmitsburg, 4 gennaio 1821) \u00e8 stata una religiosa statunitense, promotrice di numerose iniziative caritatevoli a favore dei poveri, particolarmente delle vedove con figli piccoli. \u00c8 stata proclamata santa da papa Paolo VI nel 1975, divenendo la prima persona nata negli Stati Uniti ad essere canonizzata.\" \/>\n\t\t<meta property=\"og:url\" content=\"https:\/\/www.militia-christi.it\/sitoweb\/2024\/01\/04\/elizabeth-ann-bayley-seton\/\" \/>\n\t\t<meta property=\"og:image\" content=\"https:\/\/i0.wp.com\/www.militia-christi.it\/sitoweb\/wp-content\/uploads\/2024\/02\/LOGO-SMALL.png?fit=200%2C200&#038;ssl=1\" \/>\n\t\t<meta property=\"og:image:secure_url\" content=\"https:\/\/i0.wp.com\/www.militia-christi.it\/sitoweb\/wp-content\/uploads\/2024\/02\/LOGO-SMALL.png?fit=200%2C200&#038;ssl=1\" \/>\n\t\t<meta property=\"article:published_time\" content=\"2024-01-04T06:50:42+00:00\" \/>\n\t\t<meta property=\"article:modified_time\" content=\"2024-01-04T06:50:42+00:00\" \/>\n\t\t<meta name=\"twitter:card\" content=\"summary_large_image\" \/>\n\t\t<meta name=\"twitter:title\" content=\"Elizabeth Ann Bayley Seton - I Templari: Poveri Cavalieri di Cristo del Tempio di Salomone\" \/>\n\t\t<meta name=\"twitter:description\" content=\"Elizabeth Ann Bayley Seton (New York, 28 agosto 1774 \u2013 Emmitsburg, 4 gennaio 1821) \u00e8 stata una religiosa statunitense, promotrice di numerose iniziative caritatevoli a favore dei poveri, particolarmente delle vedove con figli piccoli. \u00c8 stata proclamata santa da papa Paolo VI nel 1975, divenendo la prima persona nata negli Stati Uniti ad essere canonizzata.\" \/>\n\t\t<meta name=\"twitter:image\" content=\"https:\/\/i0.wp.com\/www.militia-christi.it\/sitoweb\/wp-content\/uploads\/2024\/02\/LOGO-SMALL.png?fit=200%2C200&amp;ssl=1\" \/>\n\t\t<script type=\"application\/ld+json\" class=\"aioseo-schema\">\n\t\t\t{\"@context\":\"https:\\\/\\\/schema.org\",\"@graph\":[{\"@type\":\"BlogPosting\",\"@id\":\"https:\\\/\\\/www.militia-christi.it\\\/sitoweb\\\/2024\\\/01\\\/04\\\/elizabeth-ann-bayley-seton\\\/#blogposting\",\"name\":\"Elizabeth Ann Bayley Seton - I Templari: Poveri Cavalieri di Cristo del Tempio di Salomone\",\"headline\":\"Elizabeth Ann Bayley Seton\",\"author\":{\"@id\":\"https:\\\/\\\/www.militia-christi.it\\\/sitoweb\\\/author\\\/administrator\\\/#author\"},\"publisher\":{\"@id\":\"https:\\\/\\\/www.militia-christi.it\\\/sitoweb\\\/#organization\"},\"image\":{\"@type\":\"ImageObject\",\"url\":\"https:\\\/\\\/i0.wp.com\\\/www.militia-christi.it\\\/sitoweb\\\/wp-content\\\/uploads\\\/2024\\\/01\\\/img_5454-1.jpg?fit=1284%2C760&ssl=1\",\"width\":1284,\"height\":760},\"datePublished\":\"2024-01-04T07:50:42+01:00\",\"dateModified\":\"2024-01-04T07:50:42+01:00\",\"inLanguage\":\"it-IT\",\"mainEntityOfPage\":{\"@id\":\"https:\\\/\\\/www.militia-christi.it\\\/sitoweb\\\/2024\\\/01\\\/04\\\/elizabeth-ann-bayley-seton\\\/#webpage\"},\"isPartOf\":{\"@id\":\"https:\\\/\\\/www.militia-christi.it\\\/sitoweb\\\/2024\\\/01\\\/04\\\/elizabeth-ann-bayley-seton\\\/#webpage\"},\"articleSection\":\"Santi del Giorno, Ann, Bayley, Seton\"},{\"@type\":\"BreadcrumbList\",\"@id\":\"https:\\\/\\\/www.militia-christi.it\\\/sitoweb\\\/2024\\\/01\\\/04\\\/elizabeth-ann-bayley-seton\\\/#breadcrumblist\",\"itemListElement\":[{\"@type\":\"ListItem\",\"@id\":\"https:\\\/\\\/www.militia-christi.it\\\/sitoweb#listItem\",\"position\":1,\"name\":\"Home\",\"item\":\"https:\\\/\\\/www.militia-christi.it\\\/sitoweb\",\"nextItem\":{\"@type\":\"ListItem\",\"@id\":\"https:\\\/\\\/www.militia-christi.it\\\/sitoweb\\\/category\\\/santi-del-giorno\\\/#listItem\",\"name\":\"Santi del Giorno\"}},{\"@type\":\"ListItem\",\"@id\":\"https:\\\/\\\/www.militia-christi.it\\\/sitoweb\\\/category\\\/santi-del-giorno\\\/#listItem\",\"position\":2,\"name\":\"Santi del Giorno\",\"item\":\"https:\\\/\\\/www.militia-christi.it\\\/sitoweb\\\/category\\\/santi-del-giorno\\\/\",\"nextItem\":{\"@type\":\"ListItem\",\"@id\":\"https:\\\/\\\/www.militia-christi.it\\\/sitoweb\\\/2024\\\/01\\\/04\\\/elizabeth-ann-bayley-seton\\\/#listItem\",\"name\":\"Elizabeth Ann Bayley Seton\"},\"previousItem\":{\"@type\":\"ListItem\",\"@id\":\"https:\\\/\\\/www.militia-christi.it\\\/sitoweb#listItem\",\"name\":\"Home\"}},{\"@type\":\"ListItem\",\"@id\":\"https:\\\/\\\/www.militia-christi.it\\\/sitoweb\\\/2024\\\/01\\\/04\\\/elizabeth-ann-bayley-seton\\\/#listItem\",\"position\":3,\"name\":\"Elizabeth Ann Bayley Seton\",\"previousItem\":{\"@type\":\"ListItem\",\"@id\":\"https:\\\/\\\/www.militia-christi.it\\\/sitoweb\\\/category\\\/santi-del-giorno\\\/#listItem\",\"name\":\"Santi del Giorno\"}}]},{\"@type\":\"Organization\",\"@id\":\"https:\\\/\\\/www.militia-christi.it\\\/sitoweb\\\/#organization\",\"name\":\"MILITIA CHRISTI Ordine Religioso\",\"description\":\"Non nobis Domine, non nobis, sed nomini tuo da gloriam\",\"url\":\"https:\\\/\\\/www.militia-christi.it\\\/sitoweb\\\/\",\"logo\":{\"@type\":\"ImageObject\",\"url\":\"https:\\\/\\\/i0.wp.com\\\/www.militia-christi.it\\\/sitoweb\\\/wp-content\\\/uploads\\\/2024\\\/02\\\/LOGO-SMALL.png?fit=200%2C200&ssl=1\",\"@id\":\"https:\\\/\\\/www.militia-christi.it\\\/sitoweb\\\/2024\\\/01\\\/04\\\/elizabeth-ann-bayley-seton\\\/#organizationLogo\",\"width\":200,\"height\":200},\"image\":{\"@id\":\"https:\\\/\\\/www.militia-christi.it\\\/sitoweb\\\/2024\\\/01\\\/04\\\/elizabeth-ann-bayley-seton\\\/#organizationLogo\"}},{\"@type\":\"Person\",\"@id\":\"https:\\\/\\\/www.militia-christi.it\\\/sitoweb\\\/author\\\/administrator\\\/#author\",\"url\":\"https:\\\/\\\/www.militia-christi.it\\\/sitoweb\\\/author\\\/administrator\\\/\",\"name\":\"Admin Admin\",\"image\":{\"@type\":\"ImageObject\",\"@id\":\"https:\\\/\\\/www.militia-christi.it\\\/sitoweb\\\/2024\\\/01\\\/04\\\/elizabeth-ann-bayley-seton\\\/#authorImage\",\"url\":\"https:\\\/\\\/secure.gravatar.com\\\/avatar\\\/f2a244d67cfedff29fee2b22d51bd7bb01d2dbad1318dbdacd924119f7983b60?s=96&d=mm&r=g\",\"width\":96,\"height\":96,\"caption\":\"Admin Admin\"}},{\"@type\":\"WebPage\",\"@id\":\"https:\\\/\\\/www.militia-christi.it\\\/sitoweb\\\/2024\\\/01\\\/04\\\/elizabeth-ann-bayley-seton\\\/#webpage\",\"url\":\"https:\\\/\\\/www.militia-christi.it\\\/sitoweb\\\/2024\\\/01\\\/04\\\/elizabeth-ann-bayley-seton\\\/\",\"name\":\"Elizabeth Ann Bayley Seton - I Templari: Poveri Cavalieri di Cristo del Tempio di Salomone\",\"description\":\"Elizabeth Ann Bayley Seton (New York, 28 agosto 1774 \\u2013 Emmitsburg, 4 gennaio 1821) \\u00e8 stata una religiosa statunitense, promotrice di numerose iniziative caritatevoli a favore dei poveri, particolarmente delle vedove con figli piccoli. \\u00c8 stata proclamata santa da papa Paolo VI nel 1975, divenendo la prima persona nata negli Stati Uniti ad essere canonizzata.\",\"inLanguage\":\"it-IT\",\"isPartOf\":{\"@id\":\"https:\\\/\\\/www.militia-christi.it\\\/sitoweb\\\/#website\"},\"breadcrumb\":{\"@id\":\"https:\\\/\\\/www.militia-christi.it\\\/sitoweb\\\/2024\\\/01\\\/04\\\/elizabeth-ann-bayley-seton\\\/#breadcrumblist\"},\"author\":{\"@id\":\"https:\\\/\\\/www.militia-christi.it\\\/sitoweb\\\/author\\\/administrator\\\/#author\"},\"creator\":{\"@id\":\"https:\\\/\\\/www.militia-christi.it\\\/sitoweb\\\/author\\\/administrator\\\/#author\"},\"image\":{\"@type\":\"ImageObject\",\"url\":\"https:\\\/\\\/i0.wp.com\\\/www.militia-christi.it\\\/sitoweb\\\/wp-content\\\/uploads\\\/2024\\\/01\\\/img_5454-1.jpg?fit=1284%2C760&ssl=1\",\"@id\":\"https:\\\/\\\/www.militia-christi.it\\\/sitoweb\\\/2024\\\/01\\\/04\\\/elizabeth-ann-bayley-seton\\\/#mainImage\",\"width\":1284,\"height\":760},\"primaryImageOfPage\":{\"@id\":\"https:\\\/\\\/www.militia-christi.it\\\/sitoweb\\\/2024\\\/01\\\/04\\\/elizabeth-ann-bayley-seton\\\/#mainImage\"},\"datePublished\":\"2024-01-04T07:50:42+01:00\",\"dateModified\":\"2024-01-04T07:50:42+01:00\"},{\"@type\":\"WebSite\",\"@id\":\"https:\\\/\\\/www.militia-christi.it\\\/sitoweb\\\/#website\",\"url\":\"https:\\\/\\\/www.militia-christi.it\\\/sitoweb\\\/\",\"name\":\"MILITIA CHRISTI Ordine Religioso\",\"description\":\"Non nobis Domine, non nobis, sed nomini tuo da gloriam\",\"inLanguage\":\"it-IT\",\"publisher\":{\"@id\":\"https:\\\/\\\/www.militia-christi.it\\\/sitoweb\\\/#organization\"}}]}\n\t\t<\/script>\n\t\t<!-- All in One SEO -->\n\n","aioseo_head_json":{"title":"Elizabeth Ann Bayley Seton - I Templari: Poveri Cavalieri di Cristo del Tempio di Salomone","description":"Elizabeth Ann Bayley Seton (New York, 28 agosto 1774 \u2013 Emmitsburg, 4 gennaio 1821) \u00e8 stata una religiosa statunitense, promotrice di numerose iniziative caritatevoli a favore dei poveri, particolarmente delle vedove con figli piccoli. \u00c8 stata proclamata santa da papa Paolo VI nel 1975, divenendo la prima persona nata negli Stati Uniti ad essere canonizzata.","canonical_url":"https:\/\/www.militia-christi.it\/sitoweb\/2024\/01\/04\/elizabeth-ann-bayley-seton\/","robots":"max-image-preview:large","keywords":"","webmasterTools":{"miscellaneous":""},"schema":{"@context":"https:\/\/schema.org","@graph":[{"@type":"BlogPosting","@id":"https:\/\/www.militia-christi.it\/sitoweb\/2024\/01\/04\/elizabeth-ann-bayley-seton\/#blogposting","name":"Elizabeth Ann Bayley Seton - I Templari: Poveri Cavalieri di Cristo del Tempio di Salomone","headline":"Elizabeth Ann Bayley Seton","author":{"@id":"https:\/\/www.militia-christi.it\/sitoweb\/author\/administrator\/#author"},"publisher":{"@id":"https:\/\/www.militia-christi.it\/sitoweb\/#organization"},"image":{"@type":"ImageObject","url":"https:\/\/i0.wp.com\/www.militia-christi.it\/sitoweb\/wp-content\/uploads\/2024\/01\/img_5454-1.jpg?fit=1284%2C760&ssl=1","width":1284,"height":760},"datePublished":"2024-01-04T07:50:42+01:00","dateModified":"2024-01-04T07:50:42+01:00","inLanguage":"it-IT","mainEntityOfPage":{"@id":"https:\/\/www.militia-christi.it\/sitoweb\/2024\/01\/04\/elizabeth-ann-bayley-seton\/#webpage"},"isPartOf":{"@id":"https:\/\/www.militia-christi.it\/sitoweb\/2024\/01\/04\/elizabeth-ann-bayley-seton\/#webpage"},"articleSection":"Santi del Giorno, Ann, Bayley, Seton"},{"@type":"BreadcrumbList","@id":"https:\/\/www.militia-christi.it\/sitoweb\/2024\/01\/04\/elizabeth-ann-bayley-seton\/#breadcrumblist","itemListElement":[{"@type":"ListItem","@id":"https:\/\/www.militia-christi.it\/sitoweb#listItem","position":1,"name":"Home","item":"https:\/\/www.militia-christi.it\/sitoweb","nextItem":{"@type":"ListItem","@id":"https:\/\/www.militia-christi.it\/sitoweb\/category\/santi-del-giorno\/#listItem","name":"Santi del Giorno"}},{"@type":"ListItem","@id":"https:\/\/www.militia-christi.it\/sitoweb\/category\/santi-del-giorno\/#listItem","position":2,"name":"Santi del Giorno","item":"https:\/\/www.militia-christi.it\/sitoweb\/category\/santi-del-giorno\/","nextItem":{"@type":"ListItem","@id":"https:\/\/www.militia-christi.it\/sitoweb\/2024\/01\/04\/elizabeth-ann-bayley-seton\/#listItem","name":"Elizabeth Ann Bayley Seton"},"previousItem":{"@type":"ListItem","@id":"https:\/\/www.militia-christi.it\/sitoweb#listItem","name":"Home"}},{"@type":"ListItem","@id":"https:\/\/www.militia-christi.it\/sitoweb\/2024\/01\/04\/elizabeth-ann-bayley-seton\/#listItem","position":3,"name":"Elizabeth Ann Bayley Seton","previousItem":{"@type":"ListItem","@id":"https:\/\/www.militia-christi.it\/sitoweb\/category\/santi-del-giorno\/#listItem","name":"Santi del Giorno"}}]},{"@type":"Organization","@id":"https:\/\/www.militia-christi.it\/sitoweb\/#organization","name":"MILITIA CHRISTI Ordine Religioso","description":"Non nobis Domine, non nobis, sed nomini tuo da gloriam","url":"https:\/\/www.militia-christi.it\/sitoweb\/","logo":{"@type":"ImageObject","url":"https:\/\/i0.wp.com\/www.militia-christi.it\/sitoweb\/wp-content\/uploads\/2024\/02\/LOGO-SMALL.png?fit=200%2C200&ssl=1","@id":"https:\/\/www.militia-christi.it\/sitoweb\/2024\/01\/04\/elizabeth-ann-bayley-seton\/#organizationLogo","width":200,"height":200},"image":{"@id":"https:\/\/www.militia-christi.it\/sitoweb\/2024\/01\/04\/elizabeth-ann-bayley-seton\/#organizationLogo"}},{"@type":"Person","@id":"https:\/\/www.militia-christi.it\/sitoweb\/author\/administrator\/#author","url":"https:\/\/www.militia-christi.it\/sitoweb\/author\/administrator\/","name":"Admin Admin","image":{"@type":"ImageObject","@id":"https:\/\/www.militia-christi.it\/sitoweb\/2024\/01\/04\/elizabeth-ann-bayley-seton\/#authorImage","url":"https:\/\/secure.gravatar.com\/avatar\/f2a244d67cfedff29fee2b22d51bd7bb01d2dbad1318dbdacd924119f7983b60?s=96&d=mm&r=g","width":96,"height":96,"caption":"Admin Admin"}},{"@type":"WebPage","@id":"https:\/\/www.militia-christi.it\/sitoweb\/2024\/01\/04\/elizabeth-ann-bayley-seton\/#webpage","url":"https:\/\/www.militia-christi.it\/sitoweb\/2024\/01\/04\/elizabeth-ann-bayley-seton\/","name":"Elizabeth Ann Bayley Seton - I Templari: Poveri Cavalieri di Cristo del Tempio di Salomone","description":"Elizabeth Ann Bayley Seton (New York, 28 agosto 1774 \u2013 Emmitsburg, 4 gennaio 1821) \u00e8 stata una religiosa statunitense, promotrice di numerose iniziative caritatevoli a favore dei poveri, particolarmente delle vedove con figli piccoli. \u00c8 stata proclamata santa da papa Paolo VI nel 1975, divenendo la prima persona nata negli Stati Uniti ad essere canonizzata.","inLanguage":"it-IT","isPartOf":{"@id":"https:\/\/www.militia-christi.it\/sitoweb\/#website"},"breadcrumb":{"@id":"https:\/\/www.militia-christi.it\/sitoweb\/2024\/01\/04\/elizabeth-ann-bayley-seton\/#breadcrumblist"},"author":{"@id":"https:\/\/www.militia-christi.it\/sitoweb\/author\/administrator\/#author"},"creator":{"@id":"https:\/\/www.militia-christi.it\/sitoweb\/author\/administrator\/#author"},"image":{"@type":"ImageObject","url":"https:\/\/i0.wp.com\/www.militia-christi.it\/sitoweb\/wp-content\/uploads\/2024\/01\/img_5454-1.jpg?fit=1284%2C760&ssl=1","@id":"https:\/\/www.militia-christi.it\/sitoweb\/2024\/01\/04\/elizabeth-ann-bayley-seton\/#mainImage","width":1284,"height":760},"primaryImageOfPage":{"@id":"https:\/\/www.militia-christi.it\/sitoweb\/2024\/01\/04\/elizabeth-ann-bayley-seton\/#mainImage"},"datePublished":"2024-01-04T07:50:42+01:00","dateModified":"2024-01-04T07:50:42+01:00"},{"@type":"WebSite","@id":"https:\/\/www.militia-christi.it\/sitoweb\/#website","url":"https:\/\/www.militia-christi.it\/sitoweb\/","name":"MILITIA CHRISTI Ordine Religioso","description":"Non nobis Domine, non nobis, sed nomini tuo da gloriam","inLanguage":"it-IT","publisher":{"@id":"https:\/\/www.militia-christi.it\/sitoweb\/#organization"}}]},"og:locale":"it_IT","og:site_name":"I Templari: Poveri Cavalieri di Cristo del Tempio di Salomone - Non nobis Domine, non nobis, sed nomini tuo da gloriam","og:type":"article","og:title":"Elizabeth Ann Bayley Seton - I Templari: Poveri Cavalieri di Cristo del Tempio di Salomone","og:description":"Elizabeth Ann Bayley Seton (New York, 28 agosto 1774 \u2013 Emmitsburg, 4 gennaio 1821) \u00e8 stata una religiosa statunitense, promotrice di numerose iniziative caritatevoli a favore dei poveri, particolarmente delle vedove con figli piccoli. \u00c8 stata proclamata santa da papa Paolo VI nel 1975, divenendo la prima persona nata negli Stati Uniti ad essere canonizzata.","og:url":"https:\/\/www.militia-christi.it\/sitoweb\/2024\/01\/04\/elizabeth-ann-bayley-seton\/","og:image":"https:\/\/i0.wp.com\/www.militia-christi.it\/sitoweb\/wp-content\/uploads\/2024\/02\/LOGO-SMALL.png?fit=200%2C200&#038;ssl=1","og:image:secure_url":"https:\/\/i0.wp.com\/www.militia-christi.it\/sitoweb\/wp-content\/uploads\/2024\/02\/LOGO-SMALL.png?fit=200%2C200&#038;ssl=1","article:published_time":"2024-01-04T06:50:42+00:00","article:modified_time":"2024-01-04T06:50:42+00:00","twitter:card":"summary_large_image","twitter:title":"Elizabeth Ann Bayley Seton - I Templari: Poveri Cavalieri di Cristo del Tempio di Salomone","twitter:description":"Elizabeth Ann Bayley Seton (New York, 28 agosto 1774 \u2013 Emmitsburg, 4 gennaio 1821) \u00e8 stata una religiosa statunitense, promotrice di numerose iniziative caritatevoli a favore dei poveri, particolarmente delle vedove con figli piccoli. \u00c8 stata proclamata santa da papa Paolo VI nel 1975, divenendo la prima persona nata negli Stati Uniti ad essere canonizzata.","twitter:image":"https:\/\/i0.wp.com\/www.militia-christi.it\/sitoweb\/wp-content\/uploads\/2024\/02\/LOGO-SMALL.png?fit=200%2C200&ssl=1"},"aioseo_meta_data":{"post_id":"1011","title":null,"description":null,"keywords":null,"keyphrases":null,"primary_term":null,"canonical_url":null,"og_title":null,"og_description":null,"og_object_type":"default","og_image_type":"default","og_image_url":null,"og_image_width":null,"og_image_height":null,"og_image_custom_url":null,"og_image_custom_fields":null,"og_video":null,"og_custom_url":null,"og_article_section":null,"og_article_tags":null,"twitter_use_og":false,"twitter_card":"default","twitter_image_type":"default","twitter_image_url":null,"twitter_image_custom_url":null,"twitter_image_custom_fields":null,"twitter_title":null,"twitter_description":null,"schema":{"blockGraphs":[],"customGraphs":[],"default":{"data":{"Article":[],"Course":[],"Dataset":[],"FAQPage":[],"Movie":[],"Person":[],"Product":[],"ProductReview":[],"Car":[],"Recipe":[],"Service":[],"SoftwareApplication":[],"WebPage":[]},"graphName":"","isEnabled":true},"graphs":[]},"schema_type":"default","schema_type_options":null,"pillar_content":false,"robots_default":true,"robots_noindex":false,"robots_noarchive":false,"robots_nosnippet":false,"robots_nofollow":false,"robots_noimageindex":false,"robots_noodp":false,"robots_notranslate":false,"robots_max_snippet":null,"robots_max_videopreview":null,"robots_max_imagepreview":"large","priority":null,"frequency":null,"local_seo":null,"breadcrumb_settings":null,"limit_modified_date":false,"ai":null,"created":"2024-01-04 06:57:18","updated":"2025-09-29 11:28:00","seo_analyzer_scan_date":null},"aioseo_breadcrumb":"<div class=\"aioseo-breadcrumbs\"><span class=\"aioseo-breadcrumb\">\n\t\t\t<a href=\"https:\/\/www.militia-christi.it\/sitoweb\" title=\"Home\">Home<\/a>\n\t\t<\/span><span class=\"aioseo-breadcrumb-separator\">&raquo;<\/span><span class=\"aioseo-breadcrumb\">\n\t\t\t<a href=\"https:\/\/www.militia-christi.it\/sitoweb\/category\/santi-del-giorno\/\" title=\"Santi del Giorno\">Santi del Giorno<\/a>\n\t\t<\/span><span class=\"aioseo-breadcrumb-separator\">&raquo;<\/span><span class=\"aioseo-breadcrumb\">\n\t\t\tElizabeth Ann Bayley Seton\n\t\t<\/span><\/div>","aioseo_breadcrumb_json":[{"label":"Home","link":"https:\/\/www.militia-christi.it\/sitoweb"},{"label":"Santi del Giorno","link":"https:\/\/www.militia-christi.it\/sitoweb\/category\/santi-del-giorno\/"},{"label":"Elizabeth Ann Bayley Seton","link":"https:\/\/www.militia-christi.it\/sitoweb\/2024\/01\/04\/elizabeth-ann-bayley-seton\/"}],"jetpack_publicize_connections":[],"jetpack_featured_media_url":"https:\/\/i0.wp.com\/www.militia-christi.it\/sitoweb\/wp-content\/uploads\/2024\/01\/img_5454-1.jpg?fit=1284%2C760&ssl=1","jetpack-related-posts":[{"id":1109,"url":"https:\/\/www.militia-christi.it\/sitoweb\/2024\/01\/28\/madre-teresa-di-calcutta-frase\/","url_meta":{"origin":1011,"position":0},"title":"Madre Teresa di Calcutta &#8211; Frase","author":"Admin Admin","date":"28 Gennaio 2024","format":false,"excerpt":"Madre Teresa di Calcutta Nata a Skopje, in Albania, il 26 agosto 1910 e morta a Calcutta il 5 settembre 1997, Madre Teresa \u00e8 stata la fondatrice di una delle congregazioni religiose, le Missionarie della Carit\u00e0, pi\u00f9 presenti nei luoghi disofferenza.","rel":"","context":"In &quot;Preghiere, Frasi, Citazioni clericali&quot;","block_context":{"text":"Preghiere, Frasi, Citazioni clericali","link":"https:\/\/www.militia-christi.it\/sitoweb\/category\/documenti-realizzati-da-cavalieri-o-dame\/preghiere-frasi-citazioni-clericali\/"},"img":{"alt_text":"","src":"https:\/\/i0.wp.com\/www.militia-christi.it\/sitoweb\/wp-content\/uploads\/2024\/01\/img_6043-1.jpg?fit=1000%2C666&ssl=1&resize=350%2C200","width":350,"height":200,"srcset":"https:\/\/i0.wp.com\/www.militia-christi.it\/sitoweb\/wp-content\/uploads\/2024\/01\/img_6043-1.jpg?fit=1000%2C666&ssl=1&resize=350%2C200 1x, https:\/\/i0.wp.com\/www.militia-christi.it\/sitoweb\/wp-content\/uploads\/2024\/01\/img_6043-1.jpg?fit=1000%2C666&ssl=1&resize=525%2C300 1.5x, https:\/\/i0.wp.com\/www.militia-christi.it\/sitoweb\/wp-content\/uploads\/2024\/01\/img_6043-1.jpg?fit=1000%2C666&ssl=1&resize=700%2C400 2x"},"classes":[]},{"id":651,"url":"https:\/\/www.militia-christi.it\/sitoweb\/2023\/12\/15\/maria-crocifissa-di-rosa\/","url_meta":{"origin":1011,"position":1},"title":"Maria Crocifissa Di Rosa","author":"fvendola","date":"15 Dicembre 2023","format":false,"excerpt":"Maria Crocifissa Di Rosa, al secolo Paola Francesca Maria Di Rosa (Brescia, 6 novembre 1813 \u2013 Brescia, 15 dicembre 1855), \u00e8 stata una religiosa italiana, fondatrice della congregazionedelle Ancelle della Carit\u00e0; \u00e8 stata canonizzata da papa Pio XII nel 1954. Fatti in breve Santa Maria Crocifissa Di Rosa, Nascita ...\u2026","rel":"","context":"In &quot;Santi del Giorno&quot;","block_context":{"text":"Santi del Giorno","link":"https:\/\/www.militia-christi.it\/sitoweb\/category\/santi-del-giorno\/"},"img":{"alt_text":"","src":"https:\/\/i0.wp.com\/www.militia-christi.it\/sitoweb\/wp-content\/uploads\/2023\/12\/img_4765-1.jpg?fit=1200%2C893&ssl=1&resize=350%2C200","width":350,"height":200,"srcset":"https:\/\/i0.wp.com\/www.militia-christi.it\/sitoweb\/wp-content\/uploads\/2023\/12\/img_4765-1.jpg?fit=1200%2C893&ssl=1&resize=350%2C200 1x, https:\/\/i0.wp.com\/www.militia-christi.it\/sitoweb\/wp-content\/uploads\/2023\/12\/img_4765-1.jpg?fit=1200%2C893&ssl=1&resize=525%2C300 1.5x, https:\/\/i0.wp.com\/www.militia-christi.it\/sitoweb\/wp-content\/uploads\/2023\/12\/img_4765-1.jpg?fit=1200%2C893&ssl=1&resize=700%2C400 2x, https:\/\/i0.wp.com\/www.militia-christi.it\/sitoweb\/wp-content\/uploads\/2023\/12\/img_4765-1.jpg?fit=1200%2C893&ssl=1&resize=1050%2C600 3x"},"classes":[]},{"id":666,"url":"https:\/\/www.militia-christi.it\/sitoweb\/2023\/12\/17\/non-nobis-domine\/","url_meta":{"origin":1011,"position":2},"title":"Non nobis Domine\u2026.","author":"fvendola","date":"17 Dicembre 2023","format":false,"excerpt":"La frase \"Non nobis Domine\" \u00e8 una locuzione latina che significa \"Non a noi, Signore\". Questa frase \u00e8 associata ai Cavalieri Templari, un ordine militare e religioso fondato nel XII secolo durante le Crociate. La frase \"Non nobis Domine\" era il motto ufficiale dei Cavalieri Templari e veniva utilizzata come\u2026","rel":"","context":"In &quot;Documenti realizzati da Cavalieri o Dame&quot;","block_context":{"text":"Documenti realizzati da Cavalieri o Dame","link":"https:\/\/www.militia-christi.it\/sitoweb\/category\/documenti-realizzati-da-cavalieri-o-dame\/"},"img":{"alt_text":"","src":"https:\/\/i0.wp.com\/www.militia-christi.it\/sitoweb\/wp-content\/uploads\/2023\/12\/img_4862-1.jpg?resize=350%2C200&ssl=1","width":350,"height":200,"srcset":"https:\/\/i0.wp.com\/www.militia-christi.it\/sitoweb\/wp-content\/uploads\/2023\/12\/img_4862-1.jpg?resize=350%2C200&ssl=1 1x, https:\/\/i0.wp.com\/www.militia-christi.it\/sitoweb\/wp-content\/uploads\/2023\/12\/img_4862-1.jpg?resize=525%2C300&ssl=1 1.5x"},"classes":[]},{"id":671,"url":"https:\/\/www.militia-christi.it\/sitoweb\/2023\/12\/18\/poesia-lultimo-gran-maestro\/","url_meta":{"origin":1011,"position":3},"title":"Poesia &#8211; L\u2019ultimo gran Maestro","author":"fvendola","date":"18 Dicembre 2023","format":false,"excerpt":"Jacques de Molay, valoroso Templare,Con il tuo coraggio hai saputo affrontareLe sfide e le prove che la vita ti ha dato,Fedele al tuo ordine, sempre al tuo fianco. Nel nome della fede, hai combattuto con ardore,Guidando i tuoi compagni con onore.Ma l'ombra dell'accusa si \u00e8 abbattuta su di te,E la\u2026","rel":"","context":"In &quot;Documenti realizzati da Cavalieri o Dame&quot;","block_context":{"text":"Documenti realizzati da Cavalieri o Dame","link":"https:\/\/www.militia-christi.it\/sitoweb\/category\/documenti-realizzati-da-cavalieri-o-dame\/"},"img":{"alt_text":"","src":"https:\/\/i0.wp.com\/www.militia-christi.it\/sitoweb\/wp-content\/uploads\/2023\/12\/img_4886-1.jpg?fit=1200%2C712&ssl=1&resize=350%2C200","width":350,"height":200,"srcset":"https:\/\/i0.wp.com\/www.militia-christi.it\/sitoweb\/wp-content\/uploads\/2023\/12\/img_4886-1.jpg?fit=1200%2C712&ssl=1&resize=350%2C200 1x, https:\/\/i0.wp.com\/www.militia-christi.it\/sitoweb\/wp-content\/uploads\/2023\/12\/img_4886-1.jpg?fit=1200%2C712&ssl=1&resize=525%2C300 1.5x, https:\/\/i0.wp.com\/www.militia-christi.it\/sitoweb\/wp-content\/uploads\/2023\/12\/img_4886-1.jpg?fit=1200%2C712&ssl=1&resize=700%2C400 2x, https:\/\/i0.wp.com\/www.militia-christi.it\/sitoweb\/wp-content\/uploads\/2023\/12\/img_4886-1.jpg?fit=1200%2C712&ssl=1&resize=1050%2C600 3x"},"classes":[]},{"id":625,"url":"https:\/\/www.militia-christi.it\/sitoweb\/2023\/12\/10\/madonna-di-loreto\/","url_meta":{"origin":1011,"position":4},"title":"Madonna di Loreto","author":"fvendola","date":"10 Dicembre 2023","format":false,"excerpt":"a Madonna di Loreto \u00e8 sempre la Madonna per cui un' Ave o Maria va benissimo. La leggenda parla dellacasa di Maria trasportata con un volo d'Angeli. Da qui la sua scelta come patrona degli aeronauti, sancita dal decreto in data 24 marzo 1920, emesso dal Papa Benedetto XV. La\u2026","rel":"","context":"In &quot;Santi del Giorno&quot;","block_context":{"text":"Santi del Giorno","link":"https:\/\/www.militia-christi.it\/sitoweb\/category\/santi-del-giorno\/"},"img":{"alt_text":"","src":"https:\/\/i0.wp.com\/www.militia-christi.it\/sitoweb\/wp-content\/uploads\/2023\/12\/img_4668-1-204x300.jpg?resize=350%2C200&ssl=1","width":350,"height":200},"classes":[]},{"id":1121,"url":"https:\/\/www.militia-christi.it\/sitoweb\/2024\/02\/05\/santagata\/","url_meta":{"origin":1011,"position":5},"title":"Sant\u2019Agata","author":"Admin Admin","date":"5 Febbraio 2024","format":false,"excerpt":"Sant'Agata (Catania, 229\/235 \u2013 Catania, 5 febbraio 251) \u00e8 stata, secondo la tradizione cattolica, una giovane cristiana vissuta nel III secolo, martirizzata durante le persecuzioni sottol'imperatore Decio. Presente nei martirologi pi\u00f9 antichi, \u00e8 venerata come santa, vergine e martiredalla Chiesa cattolica, dalla Chiesa ortodossa e dalla Chiesa Anglicana, che ne\u2026","rel":"","context":"In &quot;Santi del Giorno&quot;","block_context":{"text":"Santi del Giorno","link":"https:\/\/www.militia-christi.it\/sitoweb\/category\/santi-del-giorno\/"},"img":{"alt_text":"","src":"https:\/\/i0.wp.com\/www.militia-christi.it\/sitoweb\/wp-content\/uploads\/2024\/02\/img_6227-1.jpg?fit=600%2C300&ssl=1&resize=350%2C200","width":350,"height":200,"srcset":"https:\/\/i0.wp.com\/www.militia-christi.it\/sitoweb\/wp-content\/uploads\/2024\/02\/img_6227-1.jpg?fit=600%2C300&ssl=1&resize=350%2C200 1x, https:\/\/i0.wp.com\/www.militia-christi.it\/sitoweb\/wp-content\/uploads\/2024\/02\/img_6227-1.jpg?fit=600%2C300&ssl=1&resize=525%2C300 1.5x"},"classes":[]}],"jetpack_sharing_enabled":true,"_links":{"self":[{"href":"https:\/\/www.militia-christi.it\/sitoweb\/wp-json\/wp\/v2\/posts\/1011","targetHints":{"allow":["GET"]}}],"collection":[{"href":"https:\/\/www.militia-christi.it\/sitoweb\/wp-json\/wp\/v2\/posts"}],"about":[{"href":"https:\/\/www.militia-christi.it\/sitoweb\/wp-json\/wp\/v2\/types\/post"}],"author":[{"embeddable":true,"href":"https:\/\/www.militia-christi.it\/sitoweb\/wp-json\/wp\/v2\/users\/2"}],"replies":[{"embeddable":true,"href":"https:\/\/www.militia-christi.it\/sitoweb\/wp-json\/wp\/v2\/comments?post=1011"}],"version-history":[{"count":0,"href":"https:\/\/www.militia-christi.it\/sitoweb\/wp-json\/wp\/v2\/posts\/1011\/revisions"}],"wp:featuredmedia":[{"embeddable":true,"href":"https:\/\/www.militia-christi.it\/sitoweb\/wp-json\/wp\/v2\/media\/1010"}],"wp:attachment":[{"href":"https:\/\/www.militia-christi.it\/sitoweb\/wp-json\/wp\/v2\/media?parent=1011"}],"wp:term":[{"taxonomy":"category","embeddable":true,"href":"https:\/\/www.militia-christi.it\/sitoweb\/wp-json\/wp\/v2\/categories?post=1011"},{"taxonomy":"post_tag","embeddable":true,"href":"https:\/\/www.militia-christi.it\/sitoweb\/wp-json\/wp\/v2\/tags?post=1011"}],"curies":[{"name":"wp","href":"https:\/\/api.w.org\/{rel}","templated":true}]}}