{"id":1053,"date":"2024-01-13T07:21:03","date_gmt":"2024-01-13T06:21:03","guid":{"rendered":"https:\/\/www.militia-christi.it\/sitoweb\/2024\/01\/13\/sant-ilario-di-poitiers\/"},"modified":"2024-01-13T07:21:03","modified_gmt":"2024-01-13T06:21:03","slug":"sant-ilario-di-poitiers","status":"publish","type":"post","link":"https:\/\/www.militia-christi.it\/sitoweb\/2024\/01\/13\/sant-ilario-di-poitiers\/","title":{"rendered":"Sant\u2019 Ilario di Poitiers"},"content":{"rendered":"\n<p class=\"wp-block-paragraph\"><strong><br>Ilario di Poitiers<\/strong> (<a href=\"app:\/\/it.wikipedia.org\/wiki\/Poitiers\">Poitiers<\/a>, <a href=\"app:\/\/it.wikipedia.org\/wiki\/310\">310<\/a> circa \u2013 <a href=\"app:\/\/it.wikipedia.org\/wiki\/Poitiers\">Poitiers<\/a>, <a href=\"app:\/\/it.wikipedia.org\/wiki\/367\">367<\/a>) \u00e8 stato un <a href=\"app:\/\/it.wikipedia.org\/wiki\/Vescovo\">vescovo<\/a> e <a href=\"app:\/\/it.wikipedia.org\/wiki\/Teologo\">teologo<\/a><a href=\"app:\/\/it.wikipedia.org\/wiki\/Civilt%C3%A0_romana\">romano<\/a>; fu <a href=\"app:\/\/it.wikipedia.org\/wiki\/Arcidiocesi_di_Poitiers\">Vescovo di <em>Pictavium<\/em><\/a> (l&#8217;attuale <a href=\"app:\/\/it.wikipedia.org\/wiki\/Poitiers\">Poitiers<\/a>), teologo, filosofo e scrittore. \u00c8 venerato come <a href=\"app:\/\/it.wikipedia.org\/wiki\/Santo\">santo<\/a>dalla <a href=\"app:\/\/it.wikipedia.org\/wiki\/Chiesa_cattolica\">Chiesa cattolica<\/a>, dalla <a href=\"app:\/\/it.wikipedia.org\/wiki\/Chiesa_ortodossa\">Chiesa ortodossa<\/a> e dalla <a href=\"app:\/\/it.wikipedia.org\/wiki\/Comunione_anglicana\">Comunione anglicana<\/a> ed \u00e8 stato proclamato <a href=\"app:\/\/it.wikipedia.org\/wiki\/Dottore_della_Chiesa\">Dottore della Chiesa<\/a>. \u00c8 patrono della citt\u00e0 di <a href=\"app:\/\/it.wikipedia.org\/wiki\/Parma\">Parma<\/a> e del paese di <a href=\"app:\/\/it.wikipedia.org\/wiki\/Nus\">Nus<\/a>.<\/p>\n\n\n\n<h2 class=\"wp-block-heading\" id=\"Biografia\">Biografia<\/h2>\n\n\n\n<p class=\"wp-block-paragraph\"><a href=\"app:\/\/it.wikipedia.org\/w\/index.php?title=Ilario_di_Poitiers&amp;action=edit&amp;section=1\" class=\"pcs-edit-section-link\"><\/a><\/p>\n\n\n\n<p class=\"wp-block-paragraph\">Proveniente da una famiglia aristocratica gallo-romana, Ilario fu subito attratto dalla&nbsp;<a href=\"app:\/\/it.wikipedia.org\/wiki\/Filosofia\">filosofia<\/a>. Era sposato e padre di una bambina di nome Abra, quando i religiosi della sua comunit\u00e0 lo acclamarono&nbsp;<a href=\"app:\/\/it.wikipedia.org\/wiki\/Arcidiocesi_di_Poitiers\">vescovo di Pictavium<\/a>&nbsp;(attuale Poitiers) nel&nbsp;<a href=\"app:\/\/it.wikipedia.org\/wiki\/353\">353<\/a>. Prese sotto la propria protezione&nbsp;<a href=\"app:\/\/it.wikipedia.org\/wiki\/Martino_di_Tours\">Martino<\/a>, futuro&nbsp;<a href=\"app:\/\/it.wikipedia.org\/wiki\/Arcidiocesi_di_Tours\">vescovo di Tours<\/a>.<\/p>\n\n\n\n<p class=\"wp-block-paragraph\">Ancora poco addentro ai problemi della fede, scopr\u00ec solo nel&nbsp;<a href=\"app:\/\/it.wikipedia.org\/wiki\/354\">354<\/a>&nbsp;il&nbsp;<a href=\"app:\/\/it.wikipedia.org\/wiki\/Simbolo_niceno-costantinopolitano\">simbolo di Nicea<\/a>. Fu presente al sinodo di&nbsp;<a href=\"app:\/\/it.wikipedia.org\/wiki\/B%C3%A9ziers\">B\u00e9ziers<\/a>&nbsp;nel&nbsp;<a href=\"app:\/\/it.wikipedia.org\/wiki\/356\">356<\/a>, a seguito del quale fu mandato in esilio in&nbsp;<a href=\"app:\/\/it.wikipedia.org\/wiki\/Frigia\">Frigia<\/a>&nbsp;dall&#8217;imperatore&nbsp;<a href=\"app:\/\/it.wikipedia.org\/wiki\/Costanzo_II\">Costanzo II<\/a>. Nei cinque anni seguenti ebbe modo di approfondire il pensiero dei padri orientali, e scrisse la sua opera pi\u00f9 famosa&nbsp;<em>Sulla Trinit\u00e0<\/em>&nbsp;(<em><a href=\"app:\/\/it.wikipedia.org\/wiki\/De_Trinitate_(Ilario_di_Poitiers)\">De Trinitate<\/a><\/em>).<\/p>\n\n\n\n<p class=\"wp-block-paragraph\">Partecip\u00f2 al <a href=\"app:\/\/it.wikipedia.org\/wiki\/Concilio_di_Seleucia_(359)\">concilio di Seleucia<\/a> in <a href=\"app:\/\/it.wikipedia.org\/wiki\/Isauria\">Isauria<\/a> nel <a href=\"app:\/\/it.wikipedia.org\/wiki\/359\">359<\/a>, dove ottenne l&#8217;unit\u00e0 tra i sostenitori del simbolo di Nicea e chi sosteneva che il <a href=\"app:\/\/it.wikipedia.org\/wiki\/Cristo\">Cristo<\/a> era simile nella sostanza al Padre.<\/p>\n\n\n\n<figure class=\"wp-block-image size-large\"><img data-recalc-dims=\"1\" fetchpriority=\"high\" decoding=\"async\" width=\"193\" height=\"300\" src=\"https:\/\/i0.wp.com\/www.militia-christi.it\/sitoweb\/wp-content\/uploads\/2024\/01\/img_5753-1.jpg?resize=193%2C300&#038;ssl=1\" class=\"wp-image-1052\" srcset=\"https:\/\/i0.wp.com\/www.militia-christi.it\/sitoweb\/wp-content\/uploads\/2024\/01\/img_5753-1.jpg?resize=193%2C300&amp;ssl=1 193w, https:\/\/i0.wp.com\/www.militia-christi.it\/sitoweb\/wp-content\/uploads\/2024\/01\/img_5753-1.jpg?w=430&amp;ssl=1 430w\" sizes=\"(max-width: 193px) 100vw, 193px\" \/><\/figure>\n\n\n\n<h2 class=\"wp-block-heading\" id=\"Culto\">Culto<\/h2>\n\n\n\n<p class=\"wp-block-paragraph\"><a href=\"app:\/\/it.wikipedia.org\/w\/index.php?title=Ilario_di_Poitiers&amp;action=edit&amp;section=2\" class=\"pcs-edit-section-link\"><\/a><\/p>\n\n\n\n<p class=\"wp-block-paragraph\">La&nbsp;<a href=\"app:\/\/it.wikipedia.org\/wiki\/Chiesa_cattolica\">Chiesa cattolica<\/a>&nbsp;e quella&nbsp;<a href=\"app:\/\/it.wikipedia.org\/wiki\/Chiesa_anglicana\">anglicana<\/a>&nbsp;lo ricordano il&nbsp;<a href=\"app:\/\/it.wikipedia.org\/wiki\/13_gennaio\">13 gennaio<\/a>, suo&nbsp;<em>dies natalis<\/em>, ma fu iscritto nel&nbsp;<a href=\"app:\/\/it.wikipedia.org\/wiki\/Martirologio_romano\" class=\"mw-redirect\">Martirologio romano<\/a>&nbsp;alla data del&nbsp;<a href=\"app:\/\/it.wikipedia.org\/wiki\/14_gennaio\">14 gennaio<\/a>, data ancora onorata nella&nbsp;<a href=\"app:\/\/it.wikipedia.org\/wiki\/Messa_tridentina\">messa tridentina<\/a>. Fu proclamato&nbsp;<a href=\"app:\/\/it.wikipedia.org\/wiki\/Dottore_della_Chiesa\">dottore della Chiesa<\/a>&nbsp;dal&nbsp;<a href=\"app:\/\/it.wikipedia.org\/wiki\/Papa_Pio_IX\">papa Pio IX<\/a>&nbsp;nel&nbsp;<a href=\"app:\/\/it.wikipedia.org\/wiki\/1851\">1851<\/a>.<\/p>\n\n\n\n<p class=\"wp-block-paragraph\">Il culto di Ilario di Poitiers fu particolarmente popolare nella sua citt\u00e0 natale, tanto che&nbsp;<a href=\"app:\/\/it.wikipedia.org\/wiki\/Giovanni_Calvino\">Calvino<\/a>ricordava come in Poitiers fossero venerati due corpi del santo, di cui uno distrutto nel 1562 dagli&nbsp;<a href=\"app:\/\/it.wikipedia.org\/wiki\/Ugonotti\">Ugonotti<\/a>; altri corpi erano mostrati gi\u00e0 nel Medioevo a&nbsp;<a href=\"app:\/\/it.wikipedia.org\/wiki\/Puy-en-Velay\" class=\"mw-redirect\">Puy-en-Velay<\/a>&nbsp;e&nbsp;<a href=\"app:\/\/it.wikipedia.org\/wiki\/Wallers\">Wallers<\/a>, mentre parti dello stesso a&nbsp;<a href=\"app:\/\/it.wikipedia.org\/wiki\/Reims\">Reims<\/a>, Parma e Toledo.<sup class=\"mw-ref reference default-touch-area\"><a href=\"app:\/\/it.wikipedia.org\/wiki\/Ilario_di_Poitiers#cite_note-1\" class=\"reference-link\"><\/a><\/sup><\/p>\n\n\n\n<h2 class=\"wp-block-heading\" id=\"Opere\">Opere<\/h2>\n\n\n\n<p class=\"wp-block-paragraph\"><a href=\"app:\/\/it.wikipedia.org\/w\/index.php?title=Ilario_di_Poitiers&amp;action=edit&amp;section=3\" class=\"pcs-edit-section-link\"><\/a><\/p>\n\n\n\n<p class=\"wp-block-paragraph\">Di Ilario si sono conservati alcuni scritti esegetici e teologici e alcuni inni.<\/p>\n\n\n\n<ul class=\"wp-block-list\">\n<li><em><a href=\"app:\/\/it.wikipedia.org\/wiki\/De_Trinitate_(Ilario_di_Poitiers)\">De Trinitate<\/a><\/em>&nbsp;dove difende la&nbsp;<a href=\"app:\/\/it.wikipedia.org\/wiki\/Consustanzialit%C3%A0\" class=\"mw-redirect\">consustanzialit\u00e0<\/a>&nbsp;del &#8220;Figlio&#8221; con il &#8220;Padre&#8221;, in opposizione all&#8217;idea ariana. Questa opera, basata su fonti greche, resta originale nel mondo latino.<\/li>\n\n\n\n<li><em><a href=\"app:\/\/it.wikipedia.org\/wiki\/Liber_hymnorum\">Hymni<\/a><\/em>, ritrovati nel 1887, di argomento dottrinale.<\/li>\n<\/ul>\n\n\n\n<p class=\"wp-block-paragraph\">Altre opere:<\/p>\n\n\n\n<ul class=\"wp-block-list\">\n<li><em><a href=\"app:\/\/it.wikipedia.org\/wiki\/Fragmenta_historica\">Fragmenta historica<\/a><\/em><\/li>\n\n\n\n<li><em>Contra Arianos vel Auxentium Mediolanensem<\/em><\/li>\n\n\n\n<li><em>Contra Constantium Augustum<\/em><\/li>\n\n\n\n<li><em><a href=\"app:\/\/it.wikipedia.org\/wiki\/Liber_adversus_Valentem_et_Ursacium\">Adversus Valentem et Ursacium<\/a><\/em><\/li>\n\n\n\n<li><em><a href=\"app:\/\/it.wikipedia.org\/wiki\/Commentarius_in_Matthaeum\" class=\"mw-redirect\">Commentarius in Evangelium Matthaei<\/a><\/em><\/li>\n\n\n\n<li><em><a href=\"app:\/\/it.wikipedia.org\/wiki\/Tractatus_in_Psalmos\">Tractatus super Psalmos<\/a><\/em>&nbsp;(opera molto influenzata da&nbsp;<a href=\"app:\/\/it.wikipedia.org\/wiki\/Origene\">Origene<\/a>).<\/li>\n\n\n\n<li><em><a href=\"app:\/\/it.wikipedia.org\/wiki\/De_Synodis\">De Synodis<\/a><\/em><\/li>\n\n\n\n<li><em><a href=\"app:\/\/it.wikipedia.org\/wiki\/Liber_mysteriorum\">De mysteriis<\/a><\/em><\/li>\n<\/ul>\n\n\n\n<p class=\"wp-block-paragraph\">Le sue opere furono pubblicate da <a href=\"app:\/\/it.wikipedia.org\/wiki\/Erasmo_da_Rotterdam\">Erasmo da Rotterdam<\/a> a <a href=\"app:\/\/it.wikipedia.org\/wiki\/Basilea\">Basilea<\/a> nel <a href=\"app:\/\/it.wikipedia.org\/wiki\/1523\">1523<\/a>, <a href=\"app:\/\/it.wikipedia.org\/wiki\/1526\">1526<\/a> e <a href=\"app:\/\/it.wikipedia.org\/wiki\/1528\">1528<\/a>.<\/p>\n","protected":false},"excerpt":{"rendered":"<p>Ilario di Poitiers (Poitiers, 310 circa \u2013 Poitiers, 367) \u00e8 stato un vescovo e teologoromano; fu Vescovo di Pictavium (l&#8217;attuale Poitiers), teologo, filosofo e scrittore. \u00c8 venerato come santodalla Chiesa [&hellip;]<\/p>\n","protected":false},"author":2,"featured_media":1051,"comment_status":"open","ping_status":"open","sticky":false,"template":"","format":"standard","meta":{"om_disable_all_campaigns":false,"_monsterinsights_skip_tracking":false,"_uf_show_specific_survey":0,"_uf_disable_surveys":false,"_jetpack_newsletter_access":"","_jetpack_dont_email_post_to_subs":false,"_jetpack_newsletter_tier_id":0,"_jetpack_memberships_contains_paywalled_content":false,"_jetpack_feature_clip_id":0,"_jetpack_memberships_contains_paid_content":false,"footnotes":"","jetpack_publicize_message":"","jetpack_publicize_feature_enabled":true,"jetpack_social_post_already_shared":true,"jetpack_social_options":{"image_generator_settings":{"template":"highway","default_image_id":0,"font":"","enabled":false},"version":2},"jetpack_post_was_ever_published":false},"categories":[60],"tags":[155,156],"class_list":["post-1053","post","type-post","status-publish","format-standard","has-post-thumbnail","hentry","category-santi-del-giorno","tag-ilario","tag-poitiers"],"aioseo_notices":[],"aioseo_head":"\n\t\t<!-- All in One SEO 4.9.10 - aioseo.com -->\n\t<meta name=\"description\" content=\"Ilario di Poitiers (Poitiers, 310 circa \u2013 Poitiers, 367) \u00e8 stato un vescovo e teologoromano; fu Vescovo di Pictavium (l&#039;attuale Poitiers), teologo, filosofo e scrittore. \u00c8 venerato come santodalla Chiesa cattolica, dalla Chiesa ortodossa e dalla Comunione anglicana ed \u00e8 stato proclamato Dottore della Chiesa. \u00c8 patrono della citt\u00e0 di Parma e del paese di\" \/>\n\t<meta name=\"robots\" content=\"max-image-preview:large\" \/>\n\t<meta name=\"author\" content=\"Admin Admin\"\/>\n\t<link rel=\"canonical\" href=\"https:\/\/www.militia-christi.it\/sitoweb\/2024\/01\/13\/sant-ilario-di-poitiers\/\" \/>\n\t<meta name=\"generator\" content=\"All in One SEO (AIOSEO) 4.9.10\" \/>\n\t\t<meta property=\"og:locale\" content=\"it_IT\" \/>\n\t\t<meta property=\"og:site_name\" content=\"I Templari: Poveri Cavalieri di Cristo del Tempio di Salomone - Non nobis Domine, non nobis, sed nomini tuo da gloriam\" \/>\n\t\t<meta property=\"og:type\" content=\"article\" \/>\n\t\t<meta property=\"og:title\" content=\"Sant\u2019 Ilario di Poitiers - I Templari: Poveri Cavalieri di Cristo del Tempio di Salomone\" \/>\n\t\t<meta property=\"og:description\" content=\"Ilario di Poitiers (Poitiers, 310 circa \u2013 Poitiers, 367) \u00e8 stato un vescovo e teologoromano; fu Vescovo di Pictavium (l&#039;attuale Poitiers), teologo, filosofo e scrittore. \u00c8 venerato come santodalla Chiesa cattolica, dalla Chiesa ortodossa e dalla Comunione anglicana ed \u00e8 stato proclamato Dottore della Chiesa. \u00c8 patrono della citt\u00e0 di Parma e del paese di\" \/>\n\t\t<meta property=\"og:url\" content=\"https:\/\/www.militia-christi.it\/sitoweb\/2024\/01\/13\/sant-ilario-di-poitiers\/\" \/>\n\t\t<meta property=\"og:image\" content=\"https:\/\/i0.wp.com\/www.militia-christi.it\/sitoweb\/wp-content\/uploads\/2024\/02\/LOGO-SMALL.png?fit=200%2C200&#038;ssl=1\" \/>\n\t\t<meta property=\"og:image:secure_url\" content=\"https:\/\/i0.wp.com\/www.militia-christi.it\/sitoweb\/wp-content\/uploads\/2024\/02\/LOGO-SMALL.png?fit=200%2C200&#038;ssl=1\" \/>\n\t\t<meta property=\"article:published_time\" content=\"2024-01-13T06:21:03+00:00\" \/>\n\t\t<meta property=\"article:modified_time\" content=\"2024-01-13T06:21:03+00:00\" \/>\n\t\t<meta name=\"twitter:card\" content=\"summary_large_image\" \/>\n\t\t<meta name=\"twitter:title\" content=\"Sant\u2019 Ilario di Poitiers - I Templari: Poveri Cavalieri di Cristo del Tempio di Salomone\" \/>\n\t\t<meta name=\"twitter:description\" content=\"Ilario di Poitiers (Poitiers, 310 circa \u2013 Poitiers, 367) \u00e8 stato un vescovo e teologoromano; fu Vescovo di Pictavium (l&#039;attuale Poitiers), teologo, filosofo e scrittore. \u00c8 venerato come santodalla Chiesa cattolica, dalla Chiesa ortodossa e dalla Comunione anglicana ed \u00e8 stato proclamato Dottore della Chiesa. \u00c8 patrono della citt\u00e0 di Parma e del paese di\" \/>\n\t\t<meta name=\"twitter:image\" content=\"https:\/\/i0.wp.com\/www.militia-christi.it\/sitoweb\/wp-content\/uploads\/2024\/02\/LOGO-SMALL.png?fit=200%2C200&amp;ssl=1\" \/>\n\t\t<script type=\"application\/ld+json\" class=\"aioseo-schema\">\n\t\t\t{\"@context\":\"https:\\\/\\\/schema.org\",\"@graph\":[{\"@type\":\"BlogPosting\",\"@id\":\"https:\\\/\\\/www.militia-christi.it\\\/sitoweb\\\/2024\\\/01\\\/13\\\/sant-ilario-di-poitiers\\\/#blogposting\",\"name\":\"Sant\\u2019 Ilario di Poitiers - I Templari: Poveri Cavalieri di Cristo del Tempio di Salomone\",\"headline\":\"Sant\\u2019 Ilario di Poitiers\",\"author\":{\"@id\":\"https:\\\/\\\/www.militia-christi.it\\\/sitoweb\\\/author\\\/administrator\\\/#author\"},\"publisher\":{\"@id\":\"https:\\\/\\\/www.militia-christi.it\\\/sitoweb\\\/#organization\"},\"image\":{\"@type\":\"ImageObject\",\"url\":\"https:\\\/\\\/i0.wp.com\\\/www.militia-christi.it\\\/sitoweb\\\/wp-content\\\/uploads\\\/2024\\\/01\\\/img_5752-1.jpg?fit=690%2C504&ssl=1\",\"width\":690,\"height\":504},\"datePublished\":\"2024-01-13T07:21:03+01:00\",\"dateModified\":\"2024-01-13T07:21:03+01:00\",\"inLanguage\":\"it-IT\",\"mainEntityOfPage\":{\"@id\":\"https:\\\/\\\/www.militia-christi.it\\\/sitoweb\\\/2024\\\/01\\\/13\\\/sant-ilario-di-poitiers\\\/#webpage\"},\"isPartOf\":{\"@id\":\"https:\\\/\\\/www.militia-christi.it\\\/sitoweb\\\/2024\\\/01\\\/13\\\/sant-ilario-di-poitiers\\\/#webpage\"},\"articleSection\":\"Santi del Giorno, ilario, Poitiers\"},{\"@type\":\"BreadcrumbList\",\"@id\":\"https:\\\/\\\/www.militia-christi.it\\\/sitoweb\\\/2024\\\/01\\\/13\\\/sant-ilario-di-poitiers\\\/#breadcrumblist\",\"itemListElement\":[{\"@type\":\"ListItem\",\"@id\":\"https:\\\/\\\/www.militia-christi.it\\\/sitoweb#listItem\",\"position\":1,\"name\":\"Home\",\"item\":\"https:\\\/\\\/www.militia-christi.it\\\/sitoweb\",\"nextItem\":{\"@type\":\"ListItem\",\"@id\":\"https:\\\/\\\/www.militia-christi.it\\\/sitoweb\\\/category\\\/santi-del-giorno\\\/#listItem\",\"name\":\"Santi del Giorno\"}},{\"@type\":\"ListItem\",\"@id\":\"https:\\\/\\\/www.militia-christi.it\\\/sitoweb\\\/category\\\/santi-del-giorno\\\/#listItem\",\"position\":2,\"name\":\"Santi del Giorno\",\"item\":\"https:\\\/\\\/www.militia-christi.it\\\/sitoweb\\\/category\\\/santi-del-giorno\\\/\",\"nextItem\":{\"@type\":\"ListItem\",\"@id\":\"https:\\\/\\\/www.militia-christi.it\\\/sitoweb\\\/2024\\\/01\\\/13\\\/sant-ilario-di-poitiers\\\/#listItem\",\"name\":\"Sant\\u2019 Ilario di Poitiers\"},\"previousItem\":{\"@type\":\"ListItem\",\"@id\":\"https:\\\/\\\/www.militia-christi.it\\\/sitoweb#listItem\",\"name\":\"Home\"}},{\"@type\":\"ListItem\",\"@id\":\"https:\\\/\\\/www.militia-christi.it\\\/sitoweb\\\/2024\\\/01\\\/13\\\/sant-ilario-di-poitiers\\\/#listItem\",\"position\":3,\"name\":\"Sant\\u2019 Ilario di Poitiers\",\"previousItem\":{\"@type\":\"ListItem\",\"@id\":\"https:\\\/\\\/www.militia-christi.it\\\/sitoweb\\\/category\\\/santi-del-giorno\\\/#listItem\",\"name\":\"Santi del Giorno\"}}]},{\"@type\":\"Organization\",\"@id\":\"https:\\\/\\\/www.militia-christi.it\\\/sitoweb\\\/#organization\",\"name\":\"MILITIA CHRISTI Ordine Religioso\",\"description\":\"Non nobis Domine, non nobis, sed nomini tuo da gloriam\",\"url\":\"https:\\\/\\\/www.militia-christi.it\\\/sitoweb\\\/\",\"logo\":{\"@type\":\"ImageObject\",\"url\":\"https:\\\/\\\/i0.wp.com\\\/www.militia-christi.it\\\/sitoweb\\\/wp-content\\\/uploads\\\/2024\\\/02\\\/LOGO-SMALL.png?fit=200%2C200&ssl=1\",\"@id\":\"https:\\\/\\\/www.militia-christi.it\\\/sitoweb\\\/2024\\\/01\\\/13\\\/sant-ilario-di-poitiers\\\/#organizationLogo\",\"width\":200,\"height\":200},\"image\":{\"@id\":\"https:\\\/\\\/www.militia-christi.it\\\/sitoweb\\\/2024\\\/01\\\/13\\\/sant-ilario-di-poitiers\\\/#organizationLogo\"}},{\"@type\":\"Person\",\"@id\":\"https:\\\/\\\/www.militia-christi.it\\\/sitoweb\\\/author\\\/administrator\\\/#author\",\"url\":\"https:\\\/\\\/www.militia-christi.it\\\/sitoweb\\\/author\\\/administrator\\\/\",\"name\":\"Admin Admin\",\"image\":{\"@type\":\"ImageObject\",\"@id\":\"https:\\\/\\\/www.militia-christi.it\\\/sitoweb\\\/2024\\\/01\\\/13\\\/sant-ilario-di-poitiers\\\/#authorImage\",\"url\":\"https:\\\/\\\/secure.gravatar.com\\\/avatar\\\/f2a244d67cfedff29fee2b22d51bd7bb01d2dbad1318dbdacd924119f7983b60?s=96&d=mm&r=g\",\"width\":96,\"height\":96,\"caption\":\"Admin Admin\"}},{\"@type\":\"WebPage\",\"@id\":\"https:\\\/\\\/www.militia-christi.it\\\/sitoweb\\\/2024\\\/01\\\/13\\\/sant-ilario-di-poitiers\\\/#webpage\",\"url\":\"https:\\\/\\\/www.militia-christi.it\\\/sitoweb\\\/2024\\\/01\\\/13\\\/sant-ilario-di-poitiers\\\/\",\"name\":\"Sant\\u2019 Ilario di Poitiers - I Templari: Poveri Cavalieri di Cristo del Tempio di Salomone\",\"description\":\"Ilario di Poitiers (Poitiers, 310 circa \\u2013 Poitiers, 367) \\u00e8 stato un vescovo e teologoromano; fu Vescovo di Pictavium (l'attuale Poitiers), teologo, filosofo e scrittore. \\u00c8 venerato come santodalla Chiesa cattolica, dalla Chiesa ortodossa e dalla Comunione anglicana ed \\u00e8 stato proclamato Dottore della Chiesa. \\u00c8 patrono della citt\\u00e0 di Parma e del paese di\",\"inLanguage\":\"it-IT\",\"isPartOf\":{\"@id\":\"https:\\\/\\\/www.militia-christi.it\\\/sitoweb\\\/#website\"},\"breadcrumb\":{\"@id\":\"https:\\\/\\\/www.militia-christi.it\\\/sitoweb\\\/2024\\\/01\\\/13\\\/sant-ilario-di-poitiers\\\/#breadcrumblist\"},\"author\":{\"@id\":\"https:\\\/\\\/www.militia-christi.it\\\/sitoweb\\\/author\\\/administrator\\\/#author\"},\"creator\":{\"@id\":\"https:\\\/\\\/www.militia-christi.it\\\/sitoweb\\\/author\\\/administrator\\\/#author\"},\"image\":{\"@type\":\"ImageObject\",\"url\":\"https:\\\/\\\/i0.wp.com\\\/www.militia-christi.it\\\/sitoweb\\\/wp-content\\\/uploads\\\/2024\\\/01\\\/img_5752-1.jpg?fit=690%2C504&ssl=1\",\"@id\":\"https:\\\/\\\/www.militia-christi.it\\\/sitoweb\\\/2024\\\/01\\\/13\\\/sant-ilario-di-poitiers\\\/#mainImage\",\"width\":690,\"height\":504},\"primaryImageOfPage\":{\"@id\":\"https:\\\/\\\/www.militia-christi.it\\\/sitoweb\\\/2024\\\/01\\\/13\\\/sant-ilario-di-poitiers\\\/#mainImage\"},\"datePublished\":\"2024-01-13T07:21:03+01:00\",\"dateModified\":\"2024-01-13T07:21:03+01:00\"},{\"@type\":\"WebSite\",\"@id\":\"https:\\\/\\\/www.militia-christi.it\\\/sitoweb\\\/#website\",\"url\":\"https:\\\/\\\/www.militia-christi.it\\\/sitoweb\\\/\",\"name\":\"MILITIA CHRISTI Ordine Religioso\",\"description\":\"Non nobis Domine, non nobis, sed nomini tuo da gloriam\",\"inLanguage\":\"it-IT\",\"publisher\":{\"@id\":\"https:\\\/\\\/www.militia-christi.it\\\/sitoweb\\\/#organization\"}}]}\n\t\t<\/script>\n\t\t<!-- All in One SEO -->\n\n","aioseo_head_json":{"title":"Sant\u2019 Ilario di Poitiers - I Templari: Poveri Cavalieri di Cristo del Tempio di Salomone","description":"Ilario di Poitiers (Poitiers, 310 circa \u2013 Poitiers, 367) \u00e8 stato un vescovo e teologoromano; fu Vescovo di Pictavium (l'attuale Poitiers), teologo, filosofo e scrittore. \u00c8 venerato come santodalla Chiesa cattolica, dalla Chiesa ortodossa e dalla Comunione anglicana ed \u00e8 stato proclamato Dottore della Chiesa. \u00c8 patrono della citt\u00e0 di Parma e del paese di","canonical_url":"https:\/\/www.militia-christi.it\/sitoweb\/2024\/01\/13\/sant-ilario-di-poitiers\/","robots":"max-image-preview:large","keywords":"","webmasterTools":{"miscellaneous":""},"schema":{"@context":"https:\/\/schema.org","@graph":[{"@type":"BlogPosting","@id":"https:\/\/www.militia-christi.it\/sitoweb\/2024\/01\/13\/sant-ilario-di-poitiers\/#blogposting","name":"Sant\u2019 Ilario di Poitiers - I Templari: Poveri Cavalieri di Cristo del Tempio di Salomone","headline":"Sant\u2019 Ilario di Poitiers","author":{"@id":"https:\/\/www.militia-christi.it\/sitoweb\/author\/administrator\/#author"},"publisher":{"@id":"https:\/\/www.militia-christi.it\/sitoweb\/#organization"},"image":{"@type":"ImageObject","url":"https:\/\/i0.wp.com\/www.militia-christi.it\/sitoweb\/wp-content\/uploads\/2024\/01\/img_5752-1.jpg?fit=690%2C504&ssl=1","width":690,"height":504},"datePublished":"2024-01-13T07:21:03+01:00","dateModified":"2024-01-13T07:21:03+01:00","inLanguage":"it-IT","mainEntityOfPage":{"@id":"https:\/\/www.militia-christi.it\/sitoweb\/2024\/01\/13\/sant-ilario-di-poitiers\/#webpage"},"isPartOf":{"@id":"https:\/\/www.militia-christi.it\/sitoweb\/2024\/01\/13\/sant-ilario-di-poitiers\/#webpage"},"articleSection":"Santi del Giorno, ilario, Poitiers"},{"@type":"BreadcrumbList","@id":"https:\/\/www.militia-christi.it\/sitoweb\/2024\/01\/13\/sant-ilario-di-poitiers\/#breadcrumblist","itemListElement":[{"@type":"ListItem","@id":"https:\/\/www.militia-christi.it\/sitoweb#listItem","position":1,"name":"Home","item":"https:\/\/www.militia-christi.it\/sitoweb","nextItem":{"@type":"ListItem","@id":"https:\/\/www.militia-christi.it\/sitoweb\/category\/santi-del-giorno\/#listItem","name":"Santi del Giorno"}},{"@type":"ListItem","@id":"https:\/\/www.militia-christi.it\/sitoweb\/category\/santi-del-giorno\/#listItem","position":2,"name":"Santi del Giorno","item":"https:\/\/www.militia-christi.it\/sitoweb\/category\/santi-del-giorno\/","nextItem":{"@type":"ListItem","@id":"https:\/\/www.militia-christi.it\/sitoweb\/2024\/01\/13\/sant-ilario-di-poitiers\/#listItem","name":"Sant\u2019 Ilario di Poitiers"},"previousItem":{"@type":"ListItem","@id":"https:\/\/www.militia-christi.it\/sitoweb#listItem","name":"Home"}},{"@type":"ListItem","@id":"https:\/\/www.militia-christi.it\/sitoweb\/2024\/01\/13\/sant-ilario-di-poitiers\/#listItem","position":3,"name":"Sant\u2019 Ilario di Poitiers","previousItem":{"@type":"ListItem","@id":"https:\/\/www.militia-christi.it\/sitoweb\/category\/santi-del-giorno\/#listItem","name":"Santi del Giorno"}}]},{"@type":"Organization","@id":"https:\/\/www.militia-christi.it\/sitoweb\/#organization","name":"MILITIA CHRISTI Ordine Religioso","description":"Non nobis Domine, non nobis, sed nomini tuo da gloriam","url":"https:\/\/www.militia-christi.it\/sitoweb\/","logo":{"@type":"ImageObject","url":"https:\/\/i0.wp.com\/www.militia-christi.it\/sitoweb\/wp-content\/uploads\/2024\/02\/LOGO-SMALL.png?fit=200%2C200&ssl=1","@id":"https:\/\/www.militia-christi.it\/sitoweb\/2024\/01\/13\/sant-ilario-di-poitiers\/#organizationLogo","width":200,"height":200},"image":{"@id":"https:\/\/www.militia-christi.it\/sitoweb\/2024\/01\/13\/sant-ilario-di-poitiers\/#organizationLogo"}},{"@type":"Person","@id":"https:\/\/www.militia-christi.it\/sitoweb\/author\/administrator\/#author","url":"https:\/\/www.militia-christi.it\/sitoweb\/author\/administrator\/","name":"Admin Admin","image":{"@type":"ImageObject","@id":"https:\/\/www.militia-christi.it\/sitoweb\/2024\/01\/13\/sant-ilario-di-poitiers\/#authorImage","url":"https:\/\/secure.gravatar.com\/avatar\/f2a244d67cfedff29fee2b22d51bd7bb01d2dbad1318dbdacd924119f7983b60?s=96&d=mm&r=g","width":96,"height":96,"caption":"Admin Admin"}},{"@type":"WebPage","@id":"https:\/\/www.militia-christi.it\/sitoweb\/2024\/01\/13\/sant-ilario-di-poitiers\/#webpage","url":"https:\/\/www.militia-christi.it\/sitoweb\/2024\/01\/13\/sant-ilario-di-poitiers\/","name":"Sant\u2019 Ilario di Poitiers - I Templari: Poveri Cavalieri di Cristo del Tempio di Salomone","description":"Ilario di Poitiers (Poitiers, 310 circa \u2013 Poitiers, 367) \u00e8 stato un vescovo e teologoromano; fu Vescovo di Pictavium (l'attuale Poitiers), teologo, filosofo e scrittore. \u00c8 venerato come santodalla Chiesa cattolica, dalla Chiesa ortodossa e dalla Comunione anglicana ed \u00e8 stato proclamato Dottore della Chiesa. \u00c8 patrono della citt\u00e0 di Parma e del paese di","inLanguage":"it-IT","isPartOf":{"@id":"https:\/\/www.militia-christi.it\/sitoweb\/#website"},"breadcrumb":{"@id":"https:\/\/www.militia-christi.it\/sitoweb\/2024\/01\/13\/sant-ilario-di-poitiers\/#breadcrumblist"},"author":{"@id":"https:\/\/www.militia-christi.it\/sitoweb\/author\/administrator\/#author"},"creator":{"@id":"https:\/\/www.militia-christi.it\/sitoweb\/author\/administrator\/#author"},"image":{"@type":"ImageObject","url":"https:\/\/i0.wp.com\/www.militia-christi.it\/sitoweb\/wp-content\/uploads\/2024\/01\/img_5752-1.jpg?fit=690%2C504&ssl=1","@id":"https:\/\/www.militia-christi.it\/sitoweb\/2024\/01\/13\/sant-ilario-di-poitiers\/#mainImage","width":690,"height":504},"primaryImageOfPage":{"@id":"https:\/\/www.militia-christi.it\/sitoweb\/2024\/01\/13\/sant-ilario-di-poitiers\/#mainImage"},"datePublished":"2024-01-13T07:21:03+01:00","dateModified":"2024-01-13T07:21:03+01:00"},{"@type":"WebSite","@id":"https:\/\/www.militia-christi.it\/sitoweb\/#website","url":"https:\/\/www.militia-christi.it\/sitoweb\/","name":"MILITIA CHRISTI Ordine Religioso","description":"Non nobis Domine, non nobis, sed nomini tuo da gloriam","inLanguage":"it-IT","publisher":{"@id":"https:\/\/www.militia-christi.it\/sitoweb\/#organization"}}]},"og:locale":"it_IT","og:site_name":"I Templari: Poveri Cavalieri di Cristo del Tempio di Salomone - Non nobis Domine, non nobis, sed nomini tuo da gloriam","og:type":"article","og:title":"Sant\u2019 Ilario di Poitiers - I Templari: Poveri Cavalieri di Cristo del Tempio di Salomone","og:description":"Ilario di Poitiers (Poitiers, 310 circa \u2013 Poitiers, 367) \u00e8 stato un vescovo e teologoromano; fu Vescovo di Pictavium (l'attuale Poitiers), teologo, filosofo e scrittore. \u00c8 venerato come santodalla Chiesa cattolica, dalla Chiesa ortodossa e dalla Comunione anglicana ed \u00e8 stato proclamato Dottore della Chiesa. \u00c8 patrono della citt\u00e0 di Parma e del paese di","og:url":"https:\/\/www.militia-christi.it\/sitoweb\/2024\/01\/13\/sant-ilario-di-poitiers\/","og:image":"https:\/\/i0.wp.com\/www.militia-christi.it\/sitoweb\/wp-content\/uploads\/2024\/02\/LOGO-SMALL.png?fit=200%2C200&#038;ssl=1","og:image:secure_url":"https:\/\/i0.wp.com\/www.militia-christi.it\/sitoweb\/wp-content\/uploads\/2024\/02\/LOGO-SMALL.png?fit=200%2C200&#038;ssl=1","article:published_time":"2024-01-13T06:21:03+00:00","article:modified_time":"2024-01-13T06:21:03+00:00","twitter:card":"summary_large_image","twitter:title":"Sant\u2019 Ilario di Poitiers - I Templari: Poveri Cavalieri di Cristo del Tempio di Salomone","twitter:description":"Ilario di Poitiers (Poitiers, 310 circa \u2013 Poitiers, 367) \u00e8 stato un vescovo e teologoromano; fu Vescovo di Pictavium (l'attuale Poitiers), teologo, filosofo e scrittore. \u00c8 venerato come santodalla Chiesa cattolica, dalla Chiesa ortodossa e dalla Comunione anglicana ed \u00e8 stato proclamato Dottore della Chiesa. \u00c8 patrono della citt\u00e0 di Parma e del paese di","twitter:image":"https:\/\/i0.wp.com\/www.militia-christi.it\/sitoweb\/wp-content\/uploads\/2024\/02\/LOGO-SMALL.png?fit=200%2C200&ssl=1"},"aioseo_meta_data":{"post_id":"1053","title":null,"description":null,"keywords":null,"keyphrases":null,"primary_term":null,"canonical_url":null,"og_title":null,"og_description":null,"og_object_type":"default","og_image_type":"default","og_image_url":null,"og_image_width":null,"og_image_height":null,"og_image_custom_url":null,"og_image_custom_fields":null,"og_video":null,"og_custom_url":null,"og_article_section":null,"og_article_tags":null,"twitter_use_og":false,"twitter_card":"default","twitter_image_type":"default","twitter_image_url":null,"twitter_image_custom_url":null,"twitter_image_custom_fields":null,"twitter_title":null,"twitter_description":null,"schema":{"blockGraphs":[],"customGraphs":[],"default":{"data":{"Article":[],"Course":[],"Dataset":[],"FAQPage":[],"Movie":[],"Person":[],"Product":[],"ProductReview":[],"Car":[],"Recipe":[],"Service":[],"SoftwareApplication":[],"WebPage":[]},"graphName":"","isEnabled":true},"graphs":[]},"schema_type":"default","schema_type_options":null,"pillar_content":false,"robots_default":true,"robots_noindex":false,"robots_noarchive":false,"robots_nosnippet":false,"robots_nofollow":false,"robots_noimageindex":false,"robots_noodp":false,"robots_notranslate":false,"robots_max_snippet":null,"robots_max_videopreview":null,"robots_max_imagepreview":"large","priority":null,"frequency":null,"local_seo":null,"breadcrumb_settings":null,"limit_modified_date":false,"ai":null,"created":"2024-01-13 06:32:40","updated":"2025-09-29 11:29:26","seo_analyzer_scan_date":null},"aioseo_breadcrumb":"<div class=\"aioseo-breadcrumbs\"><span class=\"aioseo-breadcrumb\">\n\t\t\t<a href=\"https:\/\/www.militia-christi.it\/sitoweb\" title=\"Home\">Home<\/a>\n\t\t<\/span><span class=\"aioseo-breadcrumb-separator\">&raquo;<\/span><span class=\"aioseo-breadcrumb\">\n\t\t\t<a href=\"https:\/\/www.militia-christi.it\/sitoweb\/category\/santi-del-giorno\/\" title=\"Santi del Giorno\">Santi del Giorno<\/a>\n\t\t<\/span><span class=\"aioseo-breadcrumb-separator\">&raquo;<\/span><span class=\"aioseo-breadcrumb\">\n\t\t\tSant\u2019 Ilario di Poitiers\n\t\t<\/span><\/div>","aioseo_breadcrumb_json":[{"label":"Home","link":"https:\/\/www.militia-christi.it\/sitoweb"},{"label":"Santi del Giorno","link":"https:\/\/www.militia-christi.it\/sitoweb\/category\/santi-del-giorno\/"},{"label":"Sant\u2019 Ilario di Poitiers","link":"https:\/\/www.militia-christi.it\/sitoweb\/2024\/01\/13\/sant-ilario-di-poitiers\/"}],"jetpack_publicize_connections":[],"jetpack_featured_media_url":"https:\/\/i0.wp.com\/www.militia-christi.it\/sitoweb\/wp-content\/uploads\/2024\/01\/img_5752-1.jpg?fit=690%2C504&ssl=1","jetpack-related-posts":[{"id":852,"url":"https:\/\/www.militia-christi.it\/sitoweb\/2023\/12\/31\/s\/","url_meta":{"origin":1053,"position":0},"title":"San Silvestro I","author":"fvendola","date":"31 Dicembre 2023","format":false,"excerpt":"Silvestro, la cui data di nascita \u00e8 sconosciuta, secondo il\u00a0Liber pontificalis\u00a0era figlio di un certo Rufino, romano; secondo il leggendario\u00a0Vita beati Sylvestri, o\u00a0Actus Silvestri, era figlio di una certa Giusta. Dopo la morte di\u00a0papa Milziade, Silvestro fu consacrato\u00a0vescovo di Roma\u00a0e quindi papa; occup\u00f2 tale posizione per ventun anni. Il suo\u2026","rel":"","context":"In &quot;Santi del Giorno&quot;","block_context":{"text":"Santi del Giorno","link":"https:\/\/www.militia-christi.it\/sitoweb\/category\/santi-del-giorno\/"},"img":{"alt_text":"","src":"https:\/\/i0.wp.com\/www.militia-christi.it\/sitoweb\/wp-content\/uploads\/2024\/01\/1280px-Reliquie_di_san_silvestro_papa_nonantola_2020-08-06-e1704129427208.jpg?fit=1200%2C553&ssl=1&resize=350%2C200","width":350,"height":200,"srcset":"https:\/\/i0.wp.com\/www.militia-christi.it\/sitoweb\/wp-content\/uploads\/2024\/01\/1280px-Reliquie_di_san_silvestro_papa_nonantola_2020-08-06-e1704129427208.jpg?fit=1200%2C553&ssl=1&resize=350%2C200 1x, https:\/\/i0.wp.com\/www.militia-christi.it\/sitoweb\/wp-content\/uploads\/2024\/01\/1280px-Reliquie_di_san_silvestro_papa_nonantola_2020-08-06-e1704129427208.jpg?fit=1200%2C553&ssl=1&resize=525%2C300 1.5x, https:\/\/i0.wp.com\/www.militia-christi.it\/sitoweb\/wp-content\/uploads\/2024\/01\/1280px-Reliquie_di_san_silvestro_papa_nonantola_2020-08-06-e1704129427208.jpg?fit=1200%2C553&ssl=1&resize=700%2C400 2x, https:\/\/i0.wp.com\/www.militia-christi.it\/sitoweb\/wp-content\/uploads\/2024\/01\/1280px-Reliquie_di_san_silvestro_papa_nonantola_2020-08-06-e1704129427208.jpg?fit=1200%2C553&ssl=1&resize=1050%2C600 3x"},"classes":[]},{"id":590,"url":"https:\/\/www.militia-christi.it\/sitoweb\/2023\/12\/06\/san-nicola\/","url_meta":{"origin":1053,"position":1},"title":"San Nicola","author":"fvendola","date":"6 Dicembre 2023","format":false,"excerpt":"San Nicola di Bari, noto anche come san Nicola di Myra, san Nicolao, san Nicol\u00f2 (o san Niccol\u00f2; \u0386\u03b3\u03b9\u03bf\u03c2 \u039d\u03b9\u03ba\u03cc\u03bb\u03b1\u03bf\u03c2 in greco; P\u00e0tara, 15 marzo 270 \u2013 Myra, 6 dicembre 343), \u00e8 stato vescovo di Myra, venerato come santo dalla Chiesa cattolica, dalla Chiesa ortodossa e da diverse altre confessioni\u2026","rel":"","context":"In &quot;Santi del Giorno&quot;","block_context":{"text":"Santi del Giorno","link":"https:\/\/www.militia-christi.it\/sitoweb\/category\/santi-del-giorno\/"},"img":{"alt_text":"","src":"https:\/\/i0.wp.com\/www.militia-christi.it\/sitoweb\/wp-content\/uploads\/2023\/12\/img_4552-1.jpg?fit=1200%2C936&ssl=1&resize=350%2C200","width":350,"height":200,"srcset":"https:\/\/i0.wp.com\/www.militia-christi.it\/sitoweb\/wp-content\/uploads\/2023\/12\/img_4552-1.jpg?fit=1200%2C936&ssl=1&resize=350%2C200 1x, https:\/\/i0.wp.com\/www.militia-christi.it\/sitoweb\/wp-content\/uploads\/2023\/12\/img_4552-1.jpg?fit=1200%2C936&ssl=1&resize=525%2C300 1.5x, https:\/\/i0.wp.com\/www.militia-christi.it\/sitoweb\/wp-content\/uploads\/2023\/12\/img_4552-1.jpg?fit=1200%2C936&ssl=1&resize=700%2C400 2x, https:\/\/i0.wp.com\/www.militia-christi.it\/sitoweb\/wp-content\/uploads\/2023\/12\/img_4552-1.jpg?fit=1200%2C936&ssl=1&resize=1050%2C600 3x"},"classes":[]},{"id":805,"url":"https:\/\/www.militia-christi.it\/sitoweb\/2023\/12\/30\/san-ruggero-di-canne\/","url_meta":{"origin":1053,"position":2},"title":"San Ruggero di Canne","author":"fvendola","date":"30 Dicembre 2023","format":false,"excerpt":"Ruggero di Canne\u00a0(Canne,\u00a01060\u00a0\u2013\u00a0Canne,\u00a030 dicembre\u00a01129) \u00e8 stato un\u00a0vescovoitaliano; \u00e8 venerato come\u00a0santo\u00a0dalla\u00a0Chiesa cattolica. Fatti in breve\u00a0San Ruggero di Canne, Nascita ... Biografia Ruggero fu eletto vescovo della citt\u00e0 di\u00a0Canne, dove era sorta una piccola diocesi gi\u00e0 dal\u00a0X secolo. Si trov\u00f2 cos\u00ec a reggere le sorti della sua citt\u00e0 natale, reduce della dolorosa\u2026","rel":"","context":"In &quot;Santi del Giorno&quot;","block_context":{"text":"Santi del Giorno","link":"https:\/\/www.militia-christi.it\/sitoweb\/category\/santi-del-giorno\/"},"img":{"alt_text":"","src":"https:\/\/i0.wp.com\/www.militia-christi.it\/sitoweb\/wp-content\/uploads\/2023\/12\/img_5274-1.png?resize=350%2C200&ssl=1","width":350,"height":200},"classes":[]},{"id":1105,"url":"https:\/\/www.militia-christi.it\/sitoweb\/2024\/01\/24\/san-francesco-di-sales\/","url_meta":{"origin":1053,"position":3},"title":"San Francesco di Sales","author":"Admin Admin","date":"24 Gennaio 2024","format":false,"excerpt":"Francesco di Sales (in francese Fran\u00e7ois de Sales; Thorens-Gli\u00e8res, 21 agosto 1567 \u2013 Lione, 28 dicembre 1622) \u00e8 stato un vescovo cattolico francese. Fatti in breve\u00a0San Francesco di Sales, Nascita ... Fatti in breve\u00a0Francesco di Sales vescovo della Chiesa cattolica, Incarichi ricoperti ... Francesco fu il figlio primogenito del signore\u2026","rel":"","context":"In &quot;Santi del Giorno&quot;","block_context":{"text":"Santi del Giorno","link":"https:\/\/www.militia-christi.it\/sitoweb\/category\/santi-del-giorno\/"},"img":{"alt_text":"","src":"https:\/\/i0.wp.com\/www.militia-christi.it\/sitoweb\/wp-content\/uploads\/2024\/01\/img_6004-1.jpg?resize=350%2C200&ssl=1","width":350,"height":200},"classes":[]},{"id":602,"url":"https:\/\/www.militia-christi.it\/sitoweb\/2023\/12\/07\/sant-ambrogio-vescovo\/","url_meta":{"origin":1053,"position":4},"title":"Sant&#8217; Ambrogio Vescovo","author":"Admin Admin","date":"7 Dicembre 2023","format":false,"excerpt":"Ambrogio nacque a Treviri nella Gallia, con molta probabilit\u00e0 nel 334, da un alto funzionario dell\u2019amministrazione imperiale. Morto il padre quando Ambrogio era ancora bambino, la madre si trasfer\u00ec con i figli, il piccolo Ambrogio, Marcellina e Satiro, a Roma. Non sappiamo molto dell\u2019infanzia e dell\u2019adolescenza di Ambrogio. Dopo il\u2026","rel":"","context":"In &quot;Santi del Giorno&quot;","block_context":{"text":"Santi del Giorno","link":"https:\/\/www.militia-christi.it\/sitoweb\/category\/santi-del-giorno\/"},"img":{"alt_text":"","src":"https:\/\/i0.wp.com\/www.militia-christi.it\/sitoweb\/wp-content\/uploads\/2023\/12\/sant-ambrogio-milano.jpg?fit=379%2C285&ssl=1&resize=350%2C200","width":350,"height":200},"classes":[]},{"id":1087,"url":"https:\/\/www.militia-christi.it\/sitoweb\/2024\/01\/14\/san-felice-di-nola\/","url_meta":{"origin":1053,"position":5},"title":"San Felice di Nola","author":"Admin Admin","date":"14 Gennaio 2024","format":false,"excerpt":"Agiografia Le poche notizie circa la sua esistenza ci vengono fornite da\u00a0San Paolino di Nola\u00a0nei suoi\u00a0carmi natalizi, scritti dal\u00a0395\u00a0al\u00a0409\u00a0raccogliendo per iscritto la tradizione orale appresa nel territorio\u00a0nolano. Secondo San Paolino, Felice nacque a\u00a0Nola\u00a0nella seconda met\u00e0 del III secolo, figlio di un ricco\u00a0siro\u00a0trasferitosi in\u00a0Italia\u00a0per lavoro. Divenne sacerdote e stretto collaboratore di\u00a0Massimo,\u2026","rel":"","context":"In &quot;Santi del Giorno&quot;","block_context":{"text":"Santi del Giorno","link":"https:\/\/www.militia-christi.it\/sitoweb\/category\/santi-del-giorno\/"},"img":{"alt_text":"","src":"https:\/\/i0.wp.com\/www.militia-christi.it\/sitoweb\/wp-content\/uploads\/2024\/01\/san-felice-apoteosi.jpg?fit=1189%2C706&ssl=1&resize=350%2C200","width":350,"height":200,"srcset":"https:\/\/i0.wp.com\/www.militia-christi.it\/sitoweb\/wp-content\/uploads\/2024\/01\/san-felice-apoteosi.jpg?fit=1189%2C706&ssl=1&resize=350%2C200 1x, https:\/\/i0.wp.com\/www.militia-christi.it\/sitoweb\/wp-content\/uploads\/2024\/01\/san-felice-apoteosi.jpg?fit=1189%2C706&ssl=1&resize=525%2C300 1.5x, https:\/\/i0.wp.com\/www.militia-christi.it\/sitoweb\/wp-content\/uploads\/2024\/01\/san-felice-apoteosi.jpg?fit=1189%2C706&ssl=1&resize=700%2C400 2x, https:\/\/i0.wp.com\/www.militia-christi.it\/sitoweb\/wp-content\/uploads\/2024\/01\/san-felice-apoteosi.jpg?fit=1189%2C706&ssl=1&resize=1050%2C600 3x"},"classes":[]}],"jetpack_sharing_enabled":true,"_links":{"self":[{"href":"https:\/\/www.militia-christi.it\/sitoweb\/wp-json\/wp\/v2\/posts\/1053","targetHints":{"allow":["GET"]}}],"collection":[{"href":"https:\/\/www.militia-christi.it\/sitoweb\/wp-json\/wp\/v2\/posts"}],"about":[{"href":"https:\/\/www.militia-christi.it\/sitoweb\/wp-json\/wp\/v2\/types\/post"}],"author":[{"embeddable":true,"href":"https:\/\/www.militia-christi.it\/sitoweb\/wp-json\/wp\/v2\/users\/2"}],"replies":[{"embeddable":true,"href":"https:\/\/www.militia-christi.it\/sitoweb\/wp-json\/wp\/v2\/comments?post=1053"}],"version-history":[{"count":0,"href":"https:\/\/www.militia-christi.it\/sitoweb\/wp-json\/wp\/v2\/posts\/1053\/revisions"}],"wp:featuredmedia":[{"embeddable":true,"href":"https:\/\/www.militia-christi.it\/sitoweb\/wp-json\/wp\/v2\/media\/1051"}],"wp:attachment":[{"href":"https:\/\/www.militia-christi.it\/sitoweb\/wp-json\/wp\/v2\/media?parent=1053"}],"wp:term":[{"taxonomy":"category","embeddable":true,"href":"https:\/\/www.militia-christi.it\/sitoweb\/wp-json\/wp\/v2\/categories?post=1053"},{"taxonomy":"post_tag","embeddable":true,"href":"https:\/\/www.militia-christi.it\/sitoweb\/wp-json\/wp\/v2\/tags?post=1053"}],"curies":[{"name":"wp","href":"https:\/\/api.w.org\/{rel}","templated":true}]}}