{"id":1091,"date":"2024-01-15T13:45:01","date_gmt":"2024-01-15T12:45:01","guid":{"rendered":"https:\/\/www.militia-christi.it\/sitoweb\/?p=1091"},"modified":"2024-01-15T13:49:42","modified_gmt":"2024-01-15T12:49:42","slug":"santa-maria-e-i-templari","status":"publish","type":"post","link":"https:\/\/www.militia-christi.it\/sitoweb\/2024\/01\/15\/santa-maria-e-i-templari\/","title":{"rendered":"Santa Maria e i Templari"},"content":{"rendered":"\n<p class=\"wp-block-paragraph\">Il culto Mariano \u00e8 da sempre nel Cuore dei Templari, i quali furono grandi devoti della Vergine Maria e contribuirono a diffonderlo in tutta Europa, erigendo centinaia di chiese a Lei dedicate.<\/p>\n\n\n\n<p class=\"wp-block-paragraph\">I Templari, uomini di profonda spiritualit\u00e0, testimoni della Fede in Ges\u00f9 Cristo, avevano un saldo credo viscerale nei riguardi di Nostra Signora la Vergine Maria. Per loro Essa era l\u2019intermediaria, colei che con la sola Sua presenza rendeva la Via per giungere a Dio pi\u00f9 dolce.<\/p>\n\n\n\n<p class=\"wp-block-paragraph\">Arduo \u00e8 spiegare con parole ci\u00f2 che la Santa Vergine rappresenta nel cuore di ogni Templare, il sentimento puro di costante e totale affidamento \u00e8 per ciascuno di noi un intimo legame personale, tesoro prezioso custodito nel luogo pi\u00f9 profondo e sublime del proprio cuore.<\/p>\n\n\n\n<p class=\"wp-block-paragraph\">Per Onorare il Sacro Vincolo di Devozione a Maria, ogni membro dei Templari Cattolici d\u2019Italia, almeno una volta nella propria vita, durante il lungo e lento cammino di crescita spirituale che viene percorso, presta le 7 promissioni.<\/p>\n\n\n\n<p class=\"wp-block-paragraph\">A voi lettori, l\u2019invito di leggere con il Cuore ci\u00f2 che noi giuriamo per la vita, con la speranza che avvenga anche in voi ci\u00f2 che \u00e8 avvenuto in noi, il miracolo della Fede, attraverso l\u2019intercessione della Vergine Maria.<\/p>\n\n\n\n<p class=\"wp-block-paragraph\"><\/p>\n\n\n\n<figure class=\"wp-block-gallery has-nested-images columns-default is-cropped wp-block-gallery-1 is-layout-flex wp-block-gallery-is-layout-flex\">\n<figure class=\"wp-block-image size-large\"><img data-recalc-dims=\"1\" fetchpriority=\"high\" decoding=\"async\" width=\"294\" height=\"171\" data-id=\"1094\" src=\"https:\/\/i0.wp.com\/www.militia-christi.it\/sitoweb\/wp-content\/uploads\/2024\/01\/non-nobis.jpeg?resize=294%2C171&#038;ssl=1\" alt=\"\" class=\"wp-image-1094\"\/><\/figure>\n<\/figure>\n\n\n\n<p class=\"wp-block-paragraph\"><em>\u201cIo &lt;nome e cognome&gt;, peccatore infedele, rinnovo e riaffermo nelle tue mani i voti del mio battesimo, rinunzio per sempre a Satana, alle sue vanit\u00e0 ed alle sue opere e di do interamente a Ges\u00f9 cristo, Sapienza Incarnata, per portare dietro a Lui la mia croce, tutti i giorni della mia vita.<\/em><\/p>\n\n\n\n<p class=\"wp-block-paragraph\"><em>E affinch\u00e8 gli sia pi\u00f9 fedele di quanto lo fui fin qui, io ti eleggo oggi o Maria, alla presenza di tutta la corte celeste, quale mia Madre e Padrona. Mi abbandono e mi consacro come schiavo, il mio corpo e l\u2019anima mia, i miei beni interiori ed esteriori e il valore stesso delle mie azioni buone passate presenti e future, lasciandoti intero e pieno diritto di disporre di me, di quanto mi appartiene, senza eccezione, secondo il Tuo beneplacito per la maggior Gloria di Dio nel tempo e nell\u2019eternit\u00e0.<\/em><\/p>\n\n\n\n<p class=\"wp-block-paragraph\"><em>Ricevi o Vergine Benigna, questa piccola offerta della mia schiavit\u00f9, in onore ed unione della sottomissione che la Sapienza eterna si compiacque avere alla tua maternit\u00e0, in omaggio al potere che entrambi avete su questo miserabile peccatore, in ringraziamento dei privilegi di cui ti favor\u00ec la Santissima Trinit\u00e0.<\/em><\/p>\n\n\n\n<p class=\"wp-block-paragraph\"><em>Dichiaro che d\u2019ora innanzi io voglio, quale tuo vero schiavo, cercare il tuo onore e la tua obbedienza in ogni cosa.<\/em><\/p>\n\n\n\n<p class=\"wp-block-paragraph\"><em>O Madre ammirabile! Presentami al tuo caro Figlio, in qualit\u00e0 di eterno schiavo affinch\u00e9 avendomi riscattato per mezzo tuo, per mezzo tuo mi riceva.<\/em><\/p>\n\n\n\n<p class=\"wp-block-paragraph\"><em>O Madre di Misericordia! Concedimi la grazia di ottenere la vera sapienza di Dio e di mettermi nel numero di quelli che tu ami, ammaestri, guidi, nutri e proteggi, come tuoi figli e tuoi schiavi.<\/em><\/p>\n\n\n\n<p class=\"wp-block-paragraph\"><em>O Vergine fedele! Rendimi in tutte le cose un cos\u00ec perfetto discepolo, imitatore e schiavo della Sapienza incarnata, Ges\u00f9 Cristo, tuo Figlio, affinch\u00e9 io giunga, per tua intercessione e a tuo esempio, alla pienezza della Sua et\u00e0 sulla terra e della Sua gloria in Cielo.<\/em><\/p>\n\n\n\n<p class=\"wp-block-paragraph\"><em>Amen\u201d<\/em><\/p>\n\n\n\n<p class=\"wp-block-paragraph\">In questo mese Mariano, che cade nel centenario delle apparizioni di Fatima, la Vergine Maria ci ha immeritatamente degnato dell\u2019Onore di testimoniare al Suo fianco, mediante il presidio, scortando e custodendo la Sua statua, Madonna Pellegrina di Fatima, al seguito dell\u2019Apostolato Mondiale di Fatima (A.M.F.) associazione internazionale di fedeli di diritto pontificio, nella persona di Don Vittorio De Paoli, della parrocchia di San Giuseppe della Pace a Milano, Assistente Spirituale e Referente per il coordinamento dei gruppi, nonch\u00e9 Responsabile dell\u2019organizzazione delle peregrinazioni in Italia.<\/p>\n\n\n\n<p class=\"wp-block-paragraph\">Chiamata alla quale noi, Templari Cattolici d\u2019Italia, abbiamo umilmente risposto con Fede e grande Devozione, presenziando a tutte le date previste a calendario nei vari luoghi ove la Madonna Pellegrina \u00e8 stata e sar\u00e0 in peregrinazione, compresa la data del 13 Maggio 2017 a Milano, centenario della Sua apparizione a Fatima, ove con la nostra partecipazione in buon numero, sotto la guida del nostro Magister, Dr. Mauro Giorgio Ferretti, saremo presenti per rendere ogni Onore alla Santa Vergine.<\/p>\n\n\n\n<p class=\"wp-block-paragraph\">Con grande gioia inoltre abbiamo contribuito affinch\u00e8 l\u2019effige della Santa Vergine di Fatima fosse presente nella comunit\u00e0 del Kolbe, presso la Chiesa della Beata Vergine Immacolata e Sant\u2019Antonio, dove \u00e8 collocata la nostra sede milanese, per una S. Messa di saluto che verr\u00e0 celebrata il giorno 14 Maggio 2017, Domenica seguente al centenario, con la concessione speciale di Don Vittorio De Paoli, Assistente Spirituale Nazionale dell\u2019Apostolato Mondiale di Fatima affinch\u00e9 sia da noi presente la statua della Madonna Pellegrina di Fatima, per un ultimo saluto.<\/p>\n\n\n\n<p class=\"wp-block-paragraph\">Grazie Vergine Maria che unisci in comunione e fratellanza tutti coloro che vogliono testimoniare la Fede in Ges\u00f9 Cristo.<\/p>\n\n\n\n<p class=\"wp-block-paragraph\">Onorati sempre di servire Ges\u00f9 Cristo, Nostra Signora la Vergine Maria ed il Tempio.<\/p>\n\n\n\n<p class=\"wp-block-paragraph\"><strong>Non nobis Domine, non nobis, sed Nomini Tuo da Gloriam<\/strong><\/p>\n\n\n\n<p class=\"wp-block-paragraph\">Un Templare &#8211; MARCO<\/p>\n","protected":false},"excerpt":{"rendered":"<p>Il culto Mariano \u00e8 da sempre nel Cuore dei Templari, i quali furono grandi devoti della Vergine Maria e contribuirono a diffonderlo in tutta Europa, erigendo centinaia di chiese a [&hellip;]<\/p>\n","protected":false},"author":1,"featured_media":1093,"comment_status":"open","ping_status":"open","sticky":false,"template":"","format":"standard","meta":{"om_disable_all_campaigns":false,"_monsterinsights_skip_tracking":false,"_uf_show_specific_survey":0,"_uf_disable_surveys":false,"_jetpack_newsletter_access":"","_jetpack_dont_email_post_to_subs":false,"_jetpack_newsletter_tier_id":0,"_jetpack_memberships_contains_paywalled_content":false,"_jetpack_feature_clip_id":0,"_jetpack_memberships_contains_paid_content":false,"footnotes":"","jetpack_publicize_message":"","jetpack_publicize_feature_enabled":true,"jetpack_social_post_already_shared":true,"jetpack_social_options":{"image_generator_settings":{"template":"highway","default_image_id":0,"font":"","enabled":false},"version":2},"jetpack_post_was_ever_published":false},"categories":[7],"tags":[161,76,86,31],"class_list":["post-1091","post","type-post","status-publish","format-standard","has-post-thumbnail","hentry","category-documenti-realizzati-da-cavalieri-o-dame","tag-culto-mariano","tag-maria","tag-santa","tag-templari"],"aioseo_notices":[],"aioseo_head":"\n\t\t<!-- All in One SEO 4.9.10 - aioseo.com -->\n\t<meta name=\"description\" content=\"Il culto Mariano \u00e8 da sempre nel Cuore dei Templari, i quali furono grandi devoti della Vergine Maria e contribuirono a diffonderlo in tutta Europa, erigendo centinaia di chiese a Lei dedicate. I Templari, uomini di profonda spiritualit\u00e0, testimoni della Fede in Ges\u00f9 Cristo, avevano un saldo credo viscerale nei riguardi di Nostra Signora la\" \/>\n\t<meta name=\"robots\" content=\"max-image-preview:large\" \/>\n\t<meta name=\"author\" content=\"fvendola\"\/>\n\t<link rel=\"canonical\" href=\"https:\/\/www.militia-christi.it\/sitoweb\/2024\/01\/15\/santa-maria-e-i-templari\/\" \/>\n\t<meta name=\"generator\" content=\"All in One SEO (AIOSEO) 4.9.10\" \/>\n\t\t<meta property=\"og:locale\" content=\"it_IT\" \/>\n\t\t<meta property=\"og:site_name\" content=\"I Templari: Poveri Cavalieri di Cristo del Tempio di Salomone - Non nobis Domine, non nobis, sed nomini tuo da gloriam\" \/>\n\t\t<meta property=\"og:type\" content=\"article\" \/>\n\t\t<meta property=\"og:title\" content=\"Santa Maria e i Templari - I Templari: Poveri Cavalieri di Cristo del Tempio di Salomone\" \/>\n\t\t<meta property=\"og:description\" content=\"Il culto Mariano \u00e8 da sempre nel Cuore dei Templari, i quali furono grandi devoti della Vergine Maria e contribuirono a diffonderlo in tutta Europa, erigendo centinaia di chiese a Lei dedicate. I Templari, uomini di profonda spiritualit\u00e0, testimoni della Fede in Ges\u00f9 Cristo, avevano un saldo credo viscerale nei riguardi di Nostra Signora la\" \/>\n\t\t<meta property=\"og:url\" content=\"https:\/\/www.militia-christi.it\/sitoweb\/2024\/01\/15\/santa-maria-e-i-templari\/\" \/>\n\t\t<meta property=\"og:image\" content=\"https:\/\/i0.wp.com\/www.militia-christi.it\/sitoweb\/wp-content\/uploads\/2024\/02\/LOGO-SMALL.png?fit=200%2C200&#038;ssl=1\" \/>\n\t\t<meta property=\"og:image:secure_url\" content=\"https:\/\/i0.wp.com\/www.militia-christi.it\/sitoweb\/wp-content\/uploads\/2024\/02\/LOGO-SMALL.png?fit=200%2C200&#038;ssl=1\" \/>\n\t\t<meta property=\"article:published_time\" content=\"2024-01-15T12:45:01+00:00\" \/>\n\t\t<meta property=\"article:modified_time\" content=\"2024-01-15T12:49:42+00:00\" \/>\n\t\t<meta name=\"twitter:card\" content=\"summary_large_image\" \/>\n\t\t<meta name=\"twitter:title\" content=\"Santa Maria e i Templari - I Templari: Poveri Cavalieri di Cristo del Tempio di Salomone\" \/>\n\t\t<meta name=\"twitter:description\" content=\"Il culto Mariano \u00e8 da sempre nel Cuore dei Templari, i quali furono grandi devoti della Vergine Maria e contribuirono a diffonderlo in tutta Europa, erigendo centinaia di chiese a Lei dedicate. I Templari, uomini di profonda spiritualit\u00e0, testimoni della Fede in Ges\u00f9 Cristo, avevano un saldo credo viscerale nei riguardi di Nostra Signora la\" \/>\n\t\t<meta name=\"twitter:image\" content=\"https:\/\/i0.wp.com\/www.militia-christi.it\/sitoweb\/wp-content\/uploads\/2024\/02\/LOGO-SMALL.png?fit=200%2C200&amp;ssl=1\" \/>\n\t\t<script type=\"application\/ld+json\" class=\"aioseo-schema\">\n\t\t\t{\"@context\":\"https:\\\/\\\/schema.org\",\"@graph\":[{\"@type\":\"BlogPosting\",\"@id\":\"https:\\\/\\\/www.militia-christi.it\\\/sitoweb\\\/2024\\\/01\\\/15\\\/santa-maria-e-i-templari\\\/#blogposting\",\"name\":\"Santa Maria e i Templari - I Templari: Poveri Cavalieri di Cristo del Tempio di Salomone\",\"headline\":\"Santa Maria e i Templari\",\"author\":{\"@id\":\"https:\\\/\\\/www.militia-christi.it\\\/sitoweb\\\/author\\\/fvendola\\\/#author\"},\"publisher\":{\"@id\":\"https:\\\/\\\/www.militia-christi.it\\\/sitoweb\\\/#organization\"},\"image\":{\"@type\":\"ImageObject\",\"url\":\"https:\\\/\\\/i0.wp.com\\\/www.militia-christi.it\\\/sitoweb\\\/wp-content\\\/uploads\\\/2024\\\/01\\\/fatima-685x515-1-e1705322601691.jpg?fit=685%2C382&ssl=1\",\"width\":685,\"height\":382},\"datePublished\":\"2024-01-15T13:45:01+01:00\",\"dateModified\":\"2024-01-15T13:49:42+01:00\",\"inLanguage\":\"it-IT\",\"mainEntityOfPage\":{\"@id\":\"https:\\\/\\\/www.militia-christi.it\\\/sitoweb\\\/2024\\\/01\\\/15\\\/santa-maria-e-i-templari\\\/#webpage\"},\"isPartOf\":{\"@id\":\"https:\\\/\\\/www.militia-christi.it\\\/sitoweb\\\/2024\\\/01\\\/15\\\/santa-maria-e-i-templari\\\/#webpage\"},\"articleSection\":\"Documenti realizzati da Cavalieri o Dame, culto mariano, Maria, Santa, templari\"},{\"@type\":\"BreadcrumbList\",\"@id\":\"https:\\\/\\\/www.militia-christi.it\\\/sitoweb\\\/2024\\\/01\\\/15\\\/santa-maria-e-i-templari\\\/#breadcrumblist\",\"itemListElement\":[{\"@type\":\"ListItem\",\"@id\":\"https:\\\/\\\/www.militia-christi.it\\\/sitoweb#listItem\",\"position\":1,\"name\":\"Home\",\"item\":\"https:\\\/\\\/www.militia-christi.it\\\/sitoweb\",\"nextItem\":{\"@type\":\"ListItem\",\"@id\":\"https:\\\/\\\/www.militia-christi.it\\\/sitoweb\\\/category\\\/documenti-realizzati-da-cavalieri-o-dame\\\/#listItem\",\"name\":\"Documenti realizzati da Cavalieri o Dame\"}},{\"@type\":\"ListItem\",\"@id\":\"https:\\\/\\\/www.militia-christi.it\\\/sitoweb\\\/category\\\/documenti-realizzati-da-cavalieri-o-dame\\\/#listItem\",\"position\":2,\"name\":\"Documenti realizzati da Cavalieri o Dame\",\"item\":\"https:\\\/\\\/www.militia-christi.it\\\/sitoweb\\\/category\\\/documenti-realizzati-da-cavalieri-o-dame\\\/\",\"nextItem\":{\"@type\":\"ListItem\",\"@id\":\"https:\\\/\\\/www.militia-christi.it\\\/sitoweb\\\/2024\\\/01\\\/15\\\/santa-maria-e-i-templari\\\/#listItem\",\"name\":\"Santa Maria e i Templari\"},\"previousItem\":{\"@type\":\"ListItem\",\"@id\":\"https:\\\/\\\/www.militia-christi.it\\\/sitoweb#listItem\",\"name\":\"Home\"}},{\"@type\":\"ListItem\",\"@id\":\"https:\\\/\\\/www.militia-christi.it\\\/sitoweb\\\/2024\\\/01\\\/15\\\/santa-maria-e-i-templari\\\/#listItem\",\"position\":3,\"name\":\"Santa Maria e i Templari\",\"previousItem\":{\"@type\":\"ListItem\",\"@id\":\"https:\\\/\\\/www.militia-christi.it\\\/sitoweb\\\/category\\\/documenti-realizzati-da-cavalieri-o-dame\\\/#listItem\",\"name\":\"Documenti realizzati da Cavalieri o Dame\"}}]},{\"@type\":\"Organization\",\"@id\":\"https:\\\/\\\/www.militia-christi.it\\\/sitoweb\\\/#organization\",\"name\":\"MILITIA CHRISTI Ordine Religioso\",\"description\":\"Non nobis Domine, non nobis, sed nomini tuo da gloriam\",\"url\":\"https:\\\/\\\/www.militia-christi.it\\\/sitoweb\\\/\",\"logo\":{\"@type\":\"ImageObject\",\"url\":\"https:\\\/\\\/i0.wp.com\\\/www.militia-christi.it\\\/sitoweb\\\/wp-content\\\/uploads\\\/2024\\\/02\\\/LOGO-SMALL.png?fit=200%2C200&ssl=1\",\"@id\":\"https:\\\/\\\/www.militia-christi.it\\\/sitoweb\\\/2024\\\/01\\\/15\\\/santa-maria-e-i-templari\\\/#organizationLogo\",\"width\":200,\"height\":200},\"image\":{\"@id\":\"https:\\\/\\\/www.militia-christi.it\\\/sitoweb\\\/2024\\\/01\\\/15\\\/santa-maria-e-i-templari\\\/#organizationLogo\"}},{\"@type\":\"Person\",\"@id\":\"https:\\\/\\\/www.militia-christi.it\\\/sitoweb\\\/author\\\/fvendola\\\/#author\",\"url\":\"https:\\\/\\\/www.militia-christi.it\\\/sitoweb\\\/author\\\/fvendola\\\/\",\"name\":\"fvendola\",\"image\":{\"@type\":\"ImageObject\",\"@id\":\"https:\\\/\\\/www.militia-christi.it\\\/sitoweb\\\/2024\\\/01\\\/15\\\/santa-maria-e-i-templari\\\/#authorImage\",\"url\":\"https:\\\/\\\/secure.gravatar.com\\\/avatar\\\/2f7b7f7001bb22b2f1e1020cf492551ff234d3563cbf36b40503b2be6a37beb8?s=96&d=mm&r=g\",\"width\":96,\"height\":96,\"caption\":\"fvendola\"}},{\"@type\":\"WebPage\",\"@id\":\"https:\\\/\\\/www.militia-christi.it\\\/sitoweb\\\/2024\\\/01\\\/15\\\/santa-maria-e-i-templari\\\/#webpage\",\"url\":\"https:\\\/\\\/www.militia-christi.it\\\/sitoweb\\\/2024\\\/01\\\/15\\\/santa-maria-e-i-templari\\\/\",\"name\":\"Santa Maria e i Templari - I Templari: Poveri Cavalieri di Cristo del Tempio di Salomone\",\"description\":\"Il culto Mariano \\u00e8 da sempre nel Cuore dei Templari, i quali furono grandi devoti della Vergine Maria e contribuirono a diffonderlo in tutta Europa, erigendo centinaia di chiese a Lei dedicate. I Templari, uomini di profonda spiritualit\\u00e0, testimoni della Fede in Ges\\u00f9 Cristo, avevano un saldo credo viscerale nei riguardi di Nostra Signora la\",\"inLanguage\":\"it-IT\",\"isPartOf\":{\"@id\":\"https:\\\/\\\/www.militia-christi.it\\\/sitoweb\\\/#website\"},\"breadcrumb\":{\"@id\":\"https:\\\/\\\/www.militia-christi.it\\\/sitoweb\\\/2024\\\/01\\\/15\\\/santa-maria-e-i-templari\\\/#breadcrumblist\"},\"author\":{\"@id\":\"https:\\\/\\\/www.militia-christi.it\\\/sitoweb\\\/author\\\/fvendola\\\/#author\"},\"creator\":{\"@id\":\"https:\\\/\\\/www.militia-christi.it\\\/sitoweb\\\/author\\\/fvendola\\\/#author\"},\"image\":{\"@type\":\"ImageObject\",\"url\":\"https:\\\/\\\/i0.wp.com\\\/www.militia-christi.it\\\/sitoweb\\\/wp-content\\\/uploads\\\/2024\\\/01\\\/fatima-685x515-1-e1705322601691.jpg?fit=685%2C382&ssl=1\",\"@id\":\"https:\\\/\\\/www.militia-christi.it\\\/sitoweb\\\/2024\\\/01\\\/15\\\/santa-maria-e-i-templari\\\/#mainImage\",\"width\":685,\"height\":382},\"primaryImageOfPage\":{\"@id\":\"https:\\\/\\\/www.militia-christi.it\\\/sitoweb\\\/2024\\\/01\\\/15\\\/santa-maria-e-i-templari\\\/#mainImage\"},\"datePublished\":\"2024-01-15T13:45:01+01:00\",\"dateModified\":\"2024-01-15T13:49:42+01:00\"},{\"@type\":\"WebSite\",\"@id\":\"https:\\\/\\\/www.militia-christi.it\\\/sitoweb\\\/#website\",\"url\":\"https:\\\/\\\/www.militia-christi.it\\\/sitoweb\\\/\",\"name\":\"MILITIA CHRISTI Ordine Religioso\",\"description\":\"Non nobis Domine, non nobis, sed nomini tuo da gloriam\",\"inLanguage\":\"it-IT\",\"publisher\":{\"@id\":\"https:\\\/\\\/www.militia-christi.it\\\/sitoweb\\\/#organization\"}}]}\n\t\t<\/script>\n\t\t<!-- All in One SEO -->\n\n","aioseo_head_json":{"title":"Santa Maria e i Templari - I Templari: Poveri Cavalieri di Cristo del Tempio di Salomone","description":"Il culto Mariano \u00e8 da sempre nel Cuore dei Templari, i quali furono grandi devoti della Vergine Maria e contribuirono a diffonderlo in tutta Europa, erigendo centinaia di chiese a Lei dedicate. I Templari, uomini di profonda spiritualit\u00e0, testimoni della Fede in Ges\u00f9 Cristo, avevano un saldo credo viscerale nei riguardi di Nostra Signora la","canonical_url":"https:\/\/www.militia-christi.it\/sitoweb\/2024\/01\/15\/santa-maria-e-i-templari\/","robots":"max-image-preview:large","keywords":"","webmasterTools":{"miscellaneous":""},"schema":{"@context":"https:\/\/schema.org","@graph":[{"@type":"BlogPosting","@id":"https:\/\/www.militia-christi.it\/sitoweb\/2024\/01\/15\/santa-maria-e-i-templari\/#blogposting","name":"Santa Maria e i Templari - I Templari: Poveri Cavalieri di Cristo del Tempio di Salomone","headline":"Santa Maria e i Templari","author":{"@id":"https:\/\/www.militia-christi.it\/sitoweb\/author\/fvendola\/#author"},"publisher":{"@id":"https:\/\/www.militia-christi.it\/sitoweb\/#organization"},"image":{"@type":"ImageObject","url":"https:\/\/i0.wp.com\/www.militia-christi.it\/sitoweb\/wp-content\/uploads\/2024\/01\/fatima-685x515-1-e1705322601691.jpg?fit=685%2C382&ssl=1","width":685,"height":382},"datePublished":"2024-01-15T13:45:01+01:00","dateModified":"2024-01-15T13:49:42+01:00","inLanguage":"it-IT","mainEntityOfPage":{"@id":"https:\/\/www.militia-christi.it\/sitoweb\/2024\/01\/15\/santa-maria-e-i-templari\/#webpage"},"isPartOf":{"@id":"https:\/\/www.militia-christi.it\/sitoweb\/2024\/01\/15\/santa-maria-e-i-templari\/#webpage"},"articleSection":"Documenti realizzati da Cavalieri o Dame, culto mariano, Maria, Santa, templari"},{"@type":"BreadcrumbList","@id":"https:\/\/www.militia-christi.it\/sitoweb\/2024\/01\/15\/santa-maria-e-i-templari\/#breadcrumblist","itemListElement":[{"@type":"ListItem","@id":"https:\/\/www.militia-christi.it\/sitoweb#listItem","position":1,"name":"Home","item":"https:\/\/www.militia-christi.it\/sitoweb","nextItem":{"@type":"ListItem","@id":"https:\/\/www.militia-christi.it\/sitoweb\/category\/documenti-realizzati-da-cavalieri-o-dame\/#listItem","name":"Documenti realizzati da Cavalieri o Dame"}},{"@type":"ListItem","@id":"https:\/\/www.militia-christi.it\/sitoweb\/category\/documenti-realizzati-da-cavalieri-o-dame\/#listItem","position":2,"name":"Documenti realizzati da Cavalieri o Dame","item":"https:\/\/www.militia-christi.it\/sitoweb\/category\/documenti-realizzati-da-cavalieri-o-dame\/","nextItem":{"@type":"ListItem","@id":"https:\/\/www.militia-christi.it\/sitoweb\/2024\/01\/15\/santa-maria-e-i-templari\/#listItem","name":"Santa Maria e i Templari"},"previousItem":{"@type":"ListItem","@id":"https:\/\/www.militia-christi.it\/sitoweb#listItem","name":"Home"}},{"@type":"ListItem","@id":"https:\/\/www.militia-christi.it\/sitoweb\/2024\/01\/15\/santa-maria-e-i-templari\/#listItem","position":3,"name":"Santa Maria e i Templari","previousItem":{"@type":"ListItem","@id":"https:\/\/www.militia-christi.it\/sitoweb\/category\/documenti-realizzati-da-cavalieri-o-dame\/#listItem","name":"Documenti realizzati da Cavalieri o Dame"}}]},{"@type":"Organization","@id":"https:\/\/www.militia-christi.it\/sitoweb\/#organization","name":"MILITIA CHRISTI Ordine Religioso","description":"Non nobis Domine, non nobis, sed nomini tuo da gloriam","url":"https:\/\/www.militia-christi.it\/sitoweb\/","logo":{"@type":"ImageObject","url":"https:\/\/i0.wp.com\/www.militia-christi.it\/sitoweb\/wp-content\/uploads\/2024\/02\/LOGO-SMALL.png?fit=200%2C200&ssl=1","@id":"https:\/\/www.militia-christi.it\/sitoweb\/2024\/01\/15\/santa-maria-e-i-templari\/#organizationLogo","width":200,"height":200},"image":{"@id":"https:\/\/www.militia-christi.it\/sitoweb\/2024\/01\/15\/santa-maria-e-i-templari\/#organizationLogo"}},{"@type":"Person","@id":"https:\/\/www.militia-christi.it\/sitoweb\/author\/fvendola\/#author","url":"https:\/\/www.militia-christi.it\/sitoweb\/author\/fvendola\/","name":"fvendola","image":{"@type":"ImageObject","@id":"https:\/\/www.militia-christi.it\/sitoweb\/2024\/01\/15\/santa-maria-e-i-templari\/#authorImage","url":"https:\/\/secure.gravatar.com\/avatar\/2f7b7f7001bb22b2f1e1020cf492551ff234d3563cbf36b40503b2be6a37beb8?s=96&d=mm&r=g","width":96,"height":96,"caption":"fvendola"}},{"@type":"WebPage","@id":"https:\/\/www.militia-christi.it\/sitoweb\/2024\/01\/15\/santa-maria-e-i-templari\/#webpage","url":"https:\/\/www.militia-christi.it\/sitoweb\/2024\/01\/15\/santa-maria-e-i-templari\/","name":"Santa Maria e i Templari - I Templari: Poveri Cavalieri di Cristo del Tempio di Salomone","description":"Il culto Mariano \u00e8 da sempre nel Cuore dei Templari, i quali furono grandi devoti della Vergine Maria e contribuirono a diffonderlo in tutta Europa, erigendo centinaia di chiese a Lei dedicate. I Templari, uomini di profonda spiritualit\u00e0, testimoni della Fede in Ges\u00f9 Cristo, avevano un saldo credo viscerale nei riguardi di Nostra Signora la","inLanguage":"it-IT","isPartOf":{"@id":"https:\/\/www.militia-christi.it\/sitoweb\/#website"},"breadcrumb":{"@id":"https:\/\/www.militia-christi.it\/sitoweb\/2024\/01\/15\/santa-maria-e-i-templari\/#breadcrumblist"},"author":{"@id":"https:\/\/www.militia-christi.it\/sitoweb\/author\/fvendola\/#author"},"creator":{"@id":"https:\/\/www.militia-christi.it\/sitoweb\/author\/fvendola\/#author"},"image":{"@type":"ImageObject","url":"https:\/\/i0.wp.com\/www.militia-christi.it\/sitoweb\/wp-content\/uploads\/2024\/01\/fatima-685x515-1-e1705322601691.jpg?fit=685%2C382&ssl=1","@id":"https:\/\/www.militia-christi.it\/sitoweb\/2024\/01\/15\/santa-maria-e-i-templari\/#mainImage","width":685,"height":382},"primaryImageOfPage":{"@id":"https:\/\/www.militia-christi.it\/sitoweb\/2024\/01\/15\/santa-maria-e-i-templari\/#mainImage"},"datePublished":"2024-01-15T13:45:01+01:00","dateModified":"2024-01-15T13:49:42+01:00"},{"@type":"WebSite","@id":"https:\/\/www.militia-christi.it\/sitoweb\/#website","url":"https:\/\/www.militia-christi.it\/sitoweb\/","name":"MILITIA CHRISTI Ordine Religioso","description":"Non nobis Domine, non nobis, sed nomini tuo da gloriam","inLanguage":"it-IT","publisher":{"@id":"https:\/\/www.militia-christi.it\/sitoweb\/#organization"}}]},"og:locale":"it_IT","og:site_name":"I Templari: Poveri Cavalieri di Cristo del Tempio di Salomone - Non nobis Domine, non nobis, sed nomini tuo da gloriam","og:type":"article","og:title":"Santa Maria e i Templari - I Templari: Poveri Cavalieri di Cristo del Tempio di Salomone","og:description":"Il culto Mariano \u00e8 da sempre nel Cuore dei Templari, i quali furono grandi devoti della Vergine Maria e contribuirono a diffonderlo in tutta Europa, erigendo centinaia di chiese a Lei dedicate. I Templari, uomini di profonda spiritualit\u00e0, testimoni della Fede in Ges\u00f9 Cristo, avevano un saldo credo viscerale nei riguardi di Nostra Signora la","og:url":"https:\/\/www.militia-christi.it\/sitoweb\/2024\/01\/15\/santa-maria-e-i-templari\/","og:image":"https:\/\/i0.wp.com\/www.militia-christi.it\/sitoweb\/wp-content\/uploads\/2024\/02\/LOGO-SMALL.png?fit=200%2C200&#038;ssl=1","og:image:secure_url":"https:\/\/i0.wp.com\/www.militia-christi.it\/sitoweb\/wp-content\/uploads\/2024\/02\/LOGO-SMALL.png?fit=200%2C200&#038;ssl=1","article:published_time":"2024-01-15T12:45:01+00:00","article:modified_time":"2024-01-15T12:49:42+00:00","twitter:card":"summary_large_image","twitter:title":"Santa Maria e i Templari - I Templari: Poveri Cavalieri di Cristo del Tempio di Salomone","twitter:description":"Il culto Mariano \u00e8 da sempre nel Cuore dei Templari, i quali furono grandi devoti della Vergine Maria e contribuirono a diffonderlo in tutta Europa, erigendo centinaia di chiese a Lei dedicate. I Templari, uomini di profonda spiritualit\u00e0, testimoni della Fede in Ges\u00f9 Cristo, avevano un saldo credo viscerale nei riguardi di Nostra Signora la","twitter:image":"https:\/\/i0.wp.com\/www.militia-christi.it\/sitoweb\/wp-content\/uploads\/2024\/02\/LOGO-SMALL.png?fit=200%2C200&ssl=1"},"aioseo_meta_data":{"post_id":"1091","title":null,"description":null,"keywords":[],"keyphrases":{"focus":{"keyphrase":"","score":0,"analysis":{"keyphraseInTitle":{"score":0,"maxScore":9,"error":1}}},"additional":[]},"primary_term":null,"canonical_url":null,"og_title":null,"og_description":null,"og_object_type":"default","og_image_type":"default","og_image_url":null,"og_image_width":null,"og_image_height":null,"og_image_custom_url":null,"og_image_custom_fields":null,"og_video":"","og_custom_url":null,"og_article_section":null,"og_article_tags":[],"twitter_use_og":false,"twitter_card":"default","twitter_image_type":"default","twitter_image_url":null,"twitter_image_custom_url":null,"twitter_image_custom_fields":null,"twitter_title":null,"twitter_description":null,"schema":{"blockGraphs":[],"customGraphs":[],"default":{"data":{"Article":[],"Course":[],"Dataset":[],"FAQPage":[],"Movie":[],"Person":[],"Product":[],"ProductReview":[],"Car":[],"Recipe":[],"Service":[],"SoftwareApplication":[],"WebPage":[]},"graphName":"BlogPosting","isEnabled":true},"graphs":[]},"schema_type":"default","schema_type_options":null,"pillar_content":false,"robots_default":true,"robots_noindex":false,"robots_noarchive":false,"robots_nosnippet":false,"robots_nofollow":false,"robots_noimageindex":false,"robots_noodp":false,"robots_notranslate":false,"robots_max_snippet":"-1","robots_max_videopreview":"-1","robots_max_imagepreview":"large","priority":null,"frequency":"default","local_seo":null,"breadcrumb_settings":null,"limit_modified_date":false,"ai":null,"created":"2024-01-15 12:40:00","updated":"2025-09-29 11:33:00","seo_analyzer_scan_date":null},"aioseo_breadcrumb":"<div class=\"aioseo-breadcrumbs\"><span class=\"aioseo-breadcrumb\">\n\t\t\t<a href=\"https:\/\/www.militia-christi.it\/sitoweb\" title=\"Home\">Home<\/a>\n\t\t<\/span><span class=\"aioseo-breadcrumb-separator\">&raquo;<\/span><span class=\"aioseo-breadcrumb\">\n\t\t\t<a href=\"https:\/\/www.militia-christi.it\/sitoweb\/category\/documenti-realizzati-da-cavalieri-o-dame\/\" title=\"Documenti realizzati da Cavalieri o Dame\">Documenti realizzati da Cavalieri o Dame<\/a>\n\t\t<\/span><span class=\"aioseo-breadcrumb-separator\">&raquo;<\/span><span class=\"aioseo-breadcrumb\">\n\t\t\tSanta Maria e i Templari\n\t\t<\/span><\/div>","aioseo_breadcrumb_json":[{"label":"Home","link":"https:\/\/www.militia-christi.it\/sitoweb"},{"label":"Documenti realizzati da Cavalieri o Dame","link":"https:\/\/www.militia-christi.it\/sitoweb\/category\/documenti-realizzati-da-cavalieri-o-dame\/"},{"label":"Santa Maria e i Templari","link":"https:\/\/www.militia-christi.it\/sitoweb\/2024\/01\/15\/santa-maria-e-i-templari\/"}],"jetpack_publicize_connections":[],"jetpack_featured_media_url":"https:\/\/i0.wp.com\/www.militia-christi.it\/sitoweb\/wp-content\/uploads\/2024\/01\/fatima-685x515-1-e1705322601691.jpg?fit=685%2C382&ssl=1","jetpack-related-posts":[{"id":1044,"url":"https:\/\/www.militia-christi.it\/sitoweb\/2024\/01\/08\/sedi-storiche-templari-in-italia\/","url_meta":{"origin":1091,"position":0},"title":"Sedi storiche templari in Italia","author":"Admin Admin","date":"8 Gennaio 2024","format":false,"excerpt":"Sedi templari in Italia lista di un progetto Wikimedia Elenco di\u00a0sedi dell'Ordine dei\u00a0Cavalieri templari\u00a0in\u00a0Italia, storicamente accertate. Voce principale:\u00a0cavalieri templari. Per un elenco di alcuni dei luoghi che sono stati associati ai Cavalieri templari nella tradizione, nelle leggende o nelle opere di fantasia, ma di cui non vi \u00e8 una presenza\u2026","rel":"","context":"In &quot;Relazioni&quot;","block_context":{"text":"Relazioni","link":"https:\/\/www.militia-christi.it\/sitoweb\/category\/documenti-realizzati-da-cavalieri-o-dame\/relazioni\/"},"img":{"alt_text":"","src":"https:\/\/i0.wp.com\/www.militia-christi.it\/sitoweb\/wp-content\/uploads\/2024\/01\/img_5645-1.jpg?fit=1200%2C684&ssl=1&resize=350%2C200","width":350,"height":200,"srcset":"https:\/\/i0.wp.com\/www.militia-christi.it\/sitoweb\/wp-content\/uploads\/2024\/01\/img_5645-1.jpg?fit=1200%2C684&ssl=1&resize=350%2C200 1x, https:\/\/i0.wp.com\/www.militia-christi.it\/sitoweb\/wp-content\/uploads\/2024\/01\/img_5645-1.jpg?fit=1200%2C684&ssl=1&resize=525%2C300 1.5x, https:\/\/i0.wp.com\/www.militia-christi.it\/sitoweb\/wp-content\/uploads\/2024\/01\/img_5645-1.jpg?fit=1200%2C684&ssl=1&resize=700%2C400 2x, https:\/\/i0.wp.com\/www.militia-christi.it\/sitoweb\/wp-content\/uploads\/2024\/01\/img_5645-1.jpg?fit=1200%2C684&ssl=1&resize=1050%2C600 3x"},"classes":[]},{"id":415,"url":"https:\/\/www.militia-christi.it\/sitoweb\/2023\/08\/04\/preghiera-mariana-di-bernardo-di-chiaravalle\/","url_meta":{"origin":1091,"position":1},"title":"Preghiera Mariana di Bernardo di Chiaravalle","author":"fvendola","date":"4 Agosto 2023","format":false,"excerpt":"PREGHIERA ALLA VERGINEDI SAN BERNARDO DI CHIARAVALLERicordati, o\u00a0 \u00a0vergine Maria,che non si \u00e8 mai uditoche alcuno,ricorrendo al tuo patrocinio,implorando il tuo aiutoe la tua protezione,sia stato da te abbandonato.Animato da tale confidenza,a te ricorro,o vergine delle vergini e madre mia,a te io vengo e davanti a te me ne sto,povero\u2026","rel":"","context":"In &quot;Preghiere dei Templari&quot;","block_context":{"text":"Preghiere dei Templari","link":"https:\/\/www.militia-christi.it\/sitoweb\/category\/preghiere-dei-templari\/"},"img":{"alt_text":"","src":"https:\/\/i0.wp.com\/www.militia-christi.it\/sitoweb\/wp-content\/uploads\/2023\/07\/img_2099.jpg?fit=201%2C250&ssl=1&resize=350%2C200","width":350,"height":200},"classes":[]},{"id":169,"url":"https:\/\/www.militia-christi.it\/sitoweb\/2023\/07\/30\/preghiera-dei-templari\/","url_meta":{"origin":1091,"position":2},"title":"Preghiera dei templari","author":"fvendola","date":"30 Luglio 2023","format":false,"excerpt":"Preghiera dei Templari Che la grazia dello Spirito Santo ci assista e che Maria, stella del mare ci conduca al porto della salvezza. Amen. Signore Ges\u00f9, Cristo santo, Padre eterno, Dio onnipotente, saggezza, creatore, dispensatore, amministratore benevole e amatissimo amico, prode umile Redentore, Salvatore misericordioso e clemente, santissimo Signore Iddio,\u2026","rel":"","context":"In &quot;Preghiere dei Templari&quot;","block_context":{"text":"Preghiere dei Templari","link":"https:\/\/www.militia-christi.it\/sitoweb\/category\/preghiere-dei-templari\/"},"img":{"alt_text":"","src":"https:\/\/i0.wp.com\/www.militia-christi.it\/sitoweb\/wp-content\/uploads\/2023\/07\/preghiera-templare.jpg?fit=605%2C960&ssl=1&resize=350%2C200","width":350,"height":200,"srcset":"https:\/\/i0.wp.com\/www.militia-christi.it\/sitoweb\/wp-content\/uploads\/2023\/07\/preghiera-templare.jpg?fit=605%2C960&ssl=1&resize=350%2C200 1x, https:\/\/i0.wp.com\/www.militia-christi.it\/sitoweb\/wp-content\/uploads\/2023\/07\/preghiera-templare.jpg?fit=605%2C960&ssl=1&resize=525%2C300 1.5x"},"classes":[]},{"id":625,"url":"https:\/\/www.militia-christi.it\/sitoweb\/2023\/12\/10\/madonna-di-loreto\/","url_meta":{"origin":1091,"position":3},"title":"Madonna di Loreto","author":"fvendola","date":"10 Dicembre 2023","format":false,"excerpt":"a Madonna di Loreto \u00e8 sempre la Madonna per cui un' Ave o Maria va benissimo. La leggenda parla dellacasa di Maria trasportata con un volo d'Angeli. Da qui la sua scelta come patrona degli aeronauti, sancita dal decreto in data 24 marzo 1920, emesso dal Papa Benedetto XV. La\u2026","rel":"","context":"In &quot;Santi del Giorno&quot;","block_context":{"text":"Santi del Giorno","link":"https:\/\/www.militia-christi.it\/sitoweb\/category\/santi-del-giorno\/"},"img":{"alt_text":"","src":"https:\/\/i0.wp.com\/www.militia-christi.it\/sitoweb\/wp-content\/uploads\/2023\/12\/img_4668-1-204x300.jpg?resize=350%2C200&ssl=1","width":350,"height":200},"classes":[]},{"id":666,"url":"https:\/\/www.militia-christi.it\/sitoweb\/2023\/12\/17\/non-nobis-domine\/","url_meta":{"origin":1091,"position":4},"title":"Non nobis Domine\u2026.","author":"fvendola","date":"17 Dicembre 2023","format":false,"excerpt":"La frase \"Non nobis Domine\" \u00e8 una locuzione latina che significa \"Non a noi, Signore\". Questa frase \u00e8 associata ai Cavalieri Templari, un ordine militare e religioso fondato nel XII secolo durante le Crociate. La frase \"Non nobis Domine\" era il motto ufficiale dei Cavalieri Templari e veniva utilizzata come\u2026","rel":"","context":"In &quot;Documenti realizzati da Cavalieri o Dame&quot;","block_context":{"text":"Documenti realizzati da Cavalieri o Dame","link":"https:\/\/www.militia-christi.it\/sitoweb\/category\/documenti-realizzati-da-cavalieri-o-dame\/"},"img":{"alt_text":"","src":"https:\/\/i0.wp.com\/www.militia-christi.it\/sitoweb\/wp-content\/uploads\/2023\/12\/img_4862-1.jpg?resize=350%2C200&ssl=1","width":350,"height":200,"srcset":"https:\/\/i0.wp.com\/www.militia-christi.it\/sitoweb\/wp-content\/uploads\/2023\/12\/img_4862-1.jpg?resize=350%2C200&ssl=1 1x, https:\/\/i0.wp.com\/www.militia-christi.it\/sitoweb\/wp-content\/uploads\/2023\/12\/img_4862-1.jpg?resize=525%2C300&ssl=1 1.5x"},"classes":[]},{"id":614,"url":"https:\/\/www.militia-christi.it\/sitoweb\/2023\/12\/08\/immacolata-concezione\/","url_meta":{"origin":1091,"position":5},"title":"Immacolata concezione","author":"fvendola","date":"8 Dicembre 2023","format":false,"excerpt":"Il dogma dell'Immacolata Concezione trae fondamento dalla questione biblica del\u00a0peccato originale: infatti, ogni essere umano nasce con il peccato originale, ma secondo la\u00a0Chiesa cattolica, solo la Madre di Cristo ne fu esente, poich\u00e9 in vista della venuta e della missione sulla Terra del Messia, a\u00a0Dio\u00a0piacque che la Vergine dovesse essere\u2026","rel":"","context":"In &quot;Santi del Giorno&quot;","block_context":{"text":"Santi del Giorno","link":"https:\/\/www.militia-christi.it\/sitoweb\/category\/santi-del-giorno\/"},"img":{"alt_text":"","src":"https:\/\/i0.wp.com\/www.militia-christi.it\/sitoweb\/wp-content\/uploads\/2023\/12\/img_4617-2-1.jpg?resize=350%2C200&ssl=1","width":350,"height":200},"classes":[]}],"jetpack_sharing_enabled":true,"_links":{"self":[{"href":"https:\/\/www.militia-christi.it\/sitoweb\/wp-json\/wp\/v2\/posts\/1091","targetHints":{"allow":["GET"]}}],"collection":[{"href":"https:\/\/www.militia-christi.it\/sitoweb\/wp-json\/wp\/v2\/posts"}],"about":[{"href":"https:\/\/www.militia-christi.it\/sitoweb\/wp-json\/wp\/v2\/types\/post"}],"author":[{"embeddable":true,"href":"https:\/\/www.militia-christi.it\/sitoweb\/wp-json\/wp\/v2\/users\/1"}],"replies":[{"embeddable":true,"href":"https:\/\/www.militia-christi.it\/sitoweb\/wp-json\/wp\/v2\/comments?post=1091"}],"version-history":[{"count":2,"href":"https:\/\/www.militia-christi.it\/sitoweb\/wp-json\/wp\/v2\/posts\/1091\/revisions"}],"predecessor-version":[{"id":1095,"href":"https:\/\/www.militia-christi.it\/sitoweb\/wp-json\/wp\/v2\/posts\/1091\/revisions\/1095"}],"wp:featuredmedia":[{"embeddable":true,"href":"https:\/\/www.militia-christi.it\/sitoweb\/wp-json\/wp\/v2\/media\/1093"}],"wp:attachment":[{"href":"https:\/\/www.militia-christi.it\/sitoweb\/wp-json\/wp\/v2\/media?parent=1091"}],"wp:term":[{"taxonomy":"category","embeddable":true,"href":"https:\/\/www.militia-christi.it\/sitoweb\/wp-json\/wp\/v2\/categories?post=1091"},{"taxonomy":"post_tag","embeddable":true,"href":"https:\/\/www.militia-christi.it\/sitoweb\/wp-json\/wp\/v2\/tags?post=1091"}],"curies":[{"name":"wp","href":"https:\/\/api.w.org\/{rel}","templated":true}]}}