{"id":1105,"date":"2024-01-24T06:41:00","date_gmt":"2024-01-24T05:41:00","guid":{"rendered":"https:\/\/www.militia-christi.it\/sitoweb\/?p=1105"},"modified":"2024-01-26T06:41:58","modified_gmt":"2024-01-26T05:41:58","slug":"san-francesco-di-sales","status":"publish","type":"post","link":"https:\/\/www.militia-christi.it\/sitoweb\/2024\/01\/24\/san-francesco-di-sales\/","title":{"rendered":"San Francesco di Sales"},"content":{"rendered":"\n<p class=\"wp-block-paragraph\"><strong><br>Francesco di Sales<\/strong> (in <a href=\"app:\/\/it.wikipedia.org\/wiki\/Lingua_francese\">francese<\/a> <em>Fran\u00e7ois de Sales<\/em>; <a href=\"app:\/\/it.wikipedia.org\/wiki\/Thorens-Gli%C3%A8res\">Thorens-Gli\u00e8res<\/a>, <a href=\"app:\/\/it.wikipedia.org\/wiki\/21_agosto\">21 agosto<\/a> <a href=\"app:\/\/it.wikipedia.org\/wiki\/1567\">1567<\/a> \u2013 <a href=\"app:\/\/it.wikipedia.org\/wiki\/Lione\">Lione<\/a>, <a href=\"app:\/\/it.wikipedia.org\/wiki\/28_dicembre\">28 dicembre<\/a> <a href=\"app:\/\/it.wikipedia.org\/wiki\/1622\">1622<\/a>) \u00e8 stato un <a href=\"app:\/\/it.wikipedia.org\/wiki\/Vescovo\">vescovo cattolico<\/a> <a href=\"app:\/\/it.wikipedia.org\/wiki\/Francia\">francese<\/a>.<\/p>\n\n\n\n<p class=\"wp-block-paragraph\"><strong class=\"pcs-table-infobox\">Fatti in breve<\/strong>&nbsp;San Francesco di Sales, Nascita &#8230;<\/p>\n\n\n\n<p class=\"wp-block-paragraph\"><strong class=\"pcs-table-infobox\">Fatti in breve<\/strong>&nbsp;Francesco di Sales vescovo della Chiesa cattolica, Incarichi ricoperti &#8230;<\/p>\n\n\n\n<p class=\"wp-block-paragraph\">Francesco fu il figlio primogenito del signore di Boisy, nobile di antica famiglia savoiarda, e ricevette una raffinata educazione. Il padre, che voleva per lui una carriera giuridica, lo mand\u00f2 all&#8217;<a href=\"app:\/\/it.wikipedia.org\/wiki\/Universit%C3%A0_di_Padova\" class=\"mw-redirect\">Universit\u00e0 di Padova<\/a>, dove Francesco si laure\u00f2, ma dove decise di divenire sacerdote. Ordinato il 18 dicembre 1593, fu inviato nella regione del&nbsp;<a href=\"app:\/\/it.wikipedia.org\/wiki\/Chiablese\">Chiablese<\/a>, dominata dal&nbsp;<a href=\"app:\/\/it.wikipedia.org\/wiki\/Calvinismo\">Calvinismo<\/a>e si dedic\u00f2 soprattutto alla predicazione, prediligendo il metodo del dialogo: invent\u00f2 i cosiddetti \u00abmanifesti\u00bb, che permettevano di raggiungere anche i fedeli pi\u00f9 lontani.<\/p>\n\n\n\n<p class=\"wp-block-paragraph\">\u00c8 stato proclamato <a href=\"app:\/\/it.wikipedia.org\/wiki\/Santo\">santo<\/a> nel 1665 da <a href=\"app:\/\/it.wikipedia.org\/wiki\/Papa_Alessandro_VII\">papa Alessandro VII<\/a> ed \u00e8 uno dei <a href=\"app:\/\/it.wikipedia.org\/wiki\/Dottore_della_Chiesa\">dottori della Chiesa<\/a>.<\/p>\n\n\n\n<p class=\"wp-block-paragraph\"><\/p>\n\n\n\n<figure class=\"wp-block-image size-large\"><img data-recalc-dims=\"1\" fetchpriority=\"high\" decoding=\"async\" width=\"194\" height=\"259\" src=\"https:\/\/i0.wp.com\/www.militia-christi.it\/sitoweb\/wp-content\/uploads\/2024\/01\/img_6004-1.jpg?resize=194%2C259&#038;ssl=1\" class=\"wp-image-1103\"\/><\/figure>\n\n\n\n<h2 class=\"wp-block-heading\" id=\"Biografia\">Biografia<\/h2>\n\n\n\n<p class=\"wp-block-paragraph\"><a href=\"app:\/\/it.wikipedia.org\/w\/index.php?title=Francesco_di_Sales&amp;action=edit&amp;section=1\" class=\"pcs-edit-section-link\"><\/a><\/p>\n\n\n\n<h3 class=\"wp-block-heading\" id=\"Nascita\">Nascita<\/h3>\n\n\n\n<p class=\"wp-block-paragraph\">Figlio primogenito, Francesco nacque il 21 agosto&nbsp;<a href=\"app:\/\/it.wikipedia.org\/wiki\/1567\">1567<\/a>&nbsp;in&nbsp;<a href=\"app:\/\/it.wikipedia.org\/wiki\/Ducato_di_Savoia\">Savoia<\/a>&nbsp;nel&nbsp;<a href=\"app:\/\/it.wikipedia.org\/wiki\/Castello_di_Thorens\">castello<\/a>&nbsp;di Sales presso&nbsp;<a href=\"app:\/\/it.wikipedia.org\/wiki\/Thorens-Gli%C3%A8res\">Thorens<\/a>, appartenente alla sua antica&nbsp;<a href=\"app:\/\/it.wikipedia.org\/wiki\/Nobilt%C3%A0\">nobile famiglia<\/a>.<sup class=\"mw-ref reference right-touch-area\"><a href=\"app:\/\/it.wikipedia.org\/wiki\/Francesco_di_Sales#cite_note-:0-1\" class=\"reference-link\"><\/a><\/sup><\/p>\n\n\n\n<h3 class=\"wp-block-heading\" id=\"Formazione\">Formazione<\/h3>\n\n\n\n<p class=\"wp-block-paragraph\">Ricevette un&#8217;accurata educazione presso i collegi di La Roche e Annecy.<sup class=\"mw-ref reference default-touch-area\"><a href=\"app:\/\/it.wikipedia.org\/wiki\/Francesco_di_Sales#cite_note-:0-1\" class=\"reference-link\"><\/a><\/sup>&nbsp;Dal 1581 al 1588 prosegu\u00ec gli studi a&nbsp;<a href=\"app:\/\/it.wikipedia.org\/wiki\/Parigi\">Parigi<\/a>, presso il nuovo collegio dei gesuiti, e in seguito a&nbsp;<a href=\"app:\/\/it.wikipedia.org\/wiki\/Padova\">Padova<\/a>, dove si laure\u00f2 in diritto nel 1592.<sup class=\"mw-ref reference default-touch-area\"><a href=\"app:\/\/it.wikipedia.org\/wiki\/Francesco_di_Sales#cite_note-:0-1\" class=\"reference-link\"><\/a><\/sup>Qui ricevette con grande lode il berretto dottorale e, ritornato in patria, fu nominato avvocato del Senato di&nbsp;<a href=\"app:\/\/it.wikipedia.org\/wiki\/Chamb%C3%A9ry\">Chamb\u00e9ry<\/a>. Ma sin dalla sua frequentazione accademica erano iniziati a emergere i suoi preminenti interessi teologici, culminati poi nella scoperta della vocazione sacerdotale, che deluse per\u00f2 le aspettative paterne. Nel&nbsp;<a href=\"app:\/\/it.wikipedia.org\/wiki\/1593\">1593<\/a>&nbsp;ricevette l&#8217;ordinazione presbiterale e il&nbsp;<a href=\"app:\/\/it.wikipedia.org\/wiki\/21_dicembre\">21 dicembre<\/a>&nbsp;celebr\u00f2 la sua prima Messa. Fu sacerdote zelante e instancabile lavoratore. Visti gli scarsi frutti ottenuti dal pulpito, si diede alla pubblicazione di fogli volanti, che egli stesso faceva scivolare sotto gli usci delle case o affiggeva ai muri, meritandosi per questa originale attivit\u00e0 pubblicistica il titolo di &#8220;<em>santo patrono dei giornalisti&#8221;<\/em>&nbsp;e di quanti diffondono il cristianesimo servendosi dei mezzi di comunicazione sociale.<\/p>\n\n\n\n<h3 class=\"wp-block-heading\" id=\"Predicazione_a_Ginevra\">Predicazione a Ginevra<\/h3>\n\n\n\n<p class=\"wp-block-paragraph\">Spinto da un intenso desiderio di salvaguardare l&#8217;ortodossia cattolica, mentre imperversava la riforma calvinista Francesco chiese udienza al vescovo di&nbsp;<a href=\"app:\/\/it.wikipedia.org\/wiki\/Ginevra\">Ginevra<\/a>&nbsp;per essere destinato in quella citt\u00e0, simbolo supremo del&nbsp;<a href=\"app:\/\/it.wikipedia.org\/wiki\/Calvinismo\">calvinismo<\/a>&nbsp;e massima sede dei riformatori, per la difficile missione di predicatore cattolico.&nbsp;<\/p>\n\n\n\n<p class=\"wp-block-paragraph\">Stabilitosi a&nbsp;<a href=\"app:\/\/it.wikipedia.org\/wiki\/Ginevra\">Ginevra<\/a>, non si fece remore a discutere di&nbsp;<a href=\"app:\/\/it.wikipedia.org\/wiki\/Teologia\">teologia<\/a>&nbsp;con i&nbsp;<a href=\"app:\/\/it.wikipedia.org\/wiki\/Protestantesimo\">protestanti<\/a>, ardendo dal desiderio di recuperare quanti pi\u00f9 fedeli alla Chiesa cattolica. Il suo costante pensiero era rivolto inoltre alla condizione dei laici, preoccupato di sviluppare una predicazione e un modello di vita cristiana alla portata anche delle persone comuni, immerse nelle difficolt\u00e0 della vita quotidiana.&nbsp;<br \/>Proverbiali divennero i suoi insegnamenti, pervasi di comprensione e dolcezza, permeati dalla ferma convinzione che a supporto delle azioni umane vi \u00e8 sempre la provvidenziale presenza divina. Molti dei suoi insegnamenti sono infatti intrisi di misticismo e nobile elevazione spirituale.&nbsp;<\/p>\n\n\n\n<p class=\"wp-block-paragraph\">I suoi grandi sforzi ed i copiosi successi pastorali ottenuti gli meritarono la nomina a vescovo coadiutore di Ginevra (cio\u00e8 ausiliario e assistente del vescovo titolare, Claudio di Granier) gi\u00e0 nel&nbsp;<a href=\"app:\/\/it.wikipedia.org\/wiki\/1599\">1599<\/a>, a trentadue anni di et\u00e0 e dopo soli sei anni di sacerdozio, e la sua carriera era solo in ascesa: tre anni dopo sarebbe divenuto vescovo titolare di&nbsp;<a href=\"app:\/\/it.wikipedia.org\/wiki\/Diocesi_di_Nicopoli_all'Jantra\">Nicopoli all&#8217;Jantra<\/a>&nbsp;e, dopo appena due mesi, vescovo effettivo di Ginevra, coi pieni poteri.<sup class=\"mw-ref reference default-touch-area\"><a href=\"app:\/\/it.wikipedia.org\/wiki\/Francesco_di_Sales#cite_note-2\" class=\"reference-link\"><\/a><\/sup><\/p>\n\n\n\n<h3 class=\"wp-block-heading\" id=\"Episcopato\">Episcopato<\/h3>\n\n\n\n<p class=\"wp-block-paragraph\">Il 15 luglio&nbsp;<a href=\"app:\/\/it.wikipedia.org\/wiki\/1602\">1602<\/a>, dopo tre anni come coadiutore a Ginevra, Francesco fu eletto&nbsp;<a href=\"app:\/\/it.wikipedia.org\/wiki\/Vescovo_titolare\">vescovo titolare<\/a>&nbsp;di&nbsp;<a href=\"app:\/\/it.wikipedia.org\/wiki\/Diocesi_di_Nicopoli_all'Jantra\">Nicopoli<\/a>, ma dopo soli due mesi, il 17 settembre, mor\u00ec il vescovo di Ginevra che egli aveva assistito, Claudio di Granier, ancor prima di aver ricevuto l&#8217;ordinazione episcopale. Cos\u00ec fu subito chiamato a succedere a Granier come vescovo di Ginevra e fu ordinato tre mesi dopo, a dicembre.&nbsp;<\/p>\n\n\n\n<p class=\"wp-block-paragraph\">Nel suo ministero episcopale, Francesco si spese per l&#8217;introduzione nella sua diocesi delle riforme promulgate dal&nbsp;<a href=\"app:\/\/it.wikipedia.org\/wiki\/Concilio_di_Trento\">Concilio di Trento<\/a>.<br \/>Ginevra rimase comunque nel suo complesso in mano ai riformati, e il nuovo vescovo dovette trasferire la sua sede nella cittadina savoiarda di&nbsp;<a href=\"app:\/\/it.wikipedia.org\/wiki\/Annecy\">Annecy<\/a>, sulle rive del&nbsp;<a href=\"app:\/\/it.wikipedia.org\/wiki\/Lago_di_Annecy\">lago omonimo<\/a>.&nbsp;<\/p>\n\n\n\n<p class=\"wp-block-paragraph\">Fu direttore spirituale di san&nbsp;<a href=\"app:\/\/it.wikipedia.org\/wiki\/Vincenzo_de'_Paoli\">Vincent de Paul<\/a>. Nel corso della sua missione di predicatore, nel&nbsp;<a href=\"app:\/\/it.wikipedia.org\/wiki\/1604\">1604<\/a>, conobbe a&nbsp;<a href=\"app:\/\/it.wikipedia.org\/wiki\/Digione\">Digione<\/a>&nbsp;la nobildonna&nbsp;<a href=\"app:\/\/it.wikipedia.org\/wiki\/Giovanna_Francesca_Fr%C3%A9miot_de_Chantal\">Jeanne-Fran\u00e7oise Fr\u00e9myot<\/a>, vedova del barone de Chantal, con la quale inizi\u00f2 una corrispondenza epistolare e una profonda amicizia che sfociarono nella fondazione dell&#8217;<a href=\"app:\/\/it.wikipedia.org\/wiki\/Ordine_della_Visitazione\" class=\"mw-redirect\">Ordine della Visitazione<\/a>.<\/p>\n\n\n\n<blockquote class=\"wp-block-quote is-layout-flow wp-block-quote-is-layout-flow\">\n<p class=\"wp-block-paragraph\"><em>Se sbaglio, voglio sbagliare piuttosto per troppa bont\u00e0 che per troppo rigore.<\/em><\/p>\n<\/blockquote>\n\n\n\n<p class=\"wp-block-paragraph\">In questa affermazione di Francesco di Sales sta il segreto della simpatia che egli seppe suscitare tra i suoi contemporanei.<\/p>\n\n\n\n<p class=\"wp-block-paragraph\"><\/p>\n\n\n\n<figure class=\"wp-block-image size-large\"><img data-recalc-dims=\"1\" decoding=\"async\" width=\"311\" height=\"233\" src=\"https:\/\/i0.wp.com\/www.militia-christi.it\/sitoweb\/wp-content\/uploads\/2024\/01\/img_6005-1.jpg?resize=311%2C233&#038;ssl=1\" class=\"wp-image-1104\" srcset=\"https:\/\/i0.wp.com\/www.militia-christi.it\/sitoweb\/wp-content\/uploads\/2024\/01\/img_6005-1.jpg?w=311&amp;ssl=1 311w, https:\/\/i0.wp.com\/www.militia-christi.it\/sitoweb\/wp-content\/uploads\/2024\/01\/img_6005-1.jpg?resize=300%2C225&amp;ssl=1 300w\" sizes=\"(max-width: 311px) 100vw, 311px\" \/><\/figure>\n\n\n\n<h3 class=\"wp-block-heading\" id=\"Le_opere_letterarie\">Le opere letterarie<\/h3>\n\n\n\n<p class=\"wp-block-paragraph\">Il&nbsp;<a href=\"app:\/\/it.wikipedia.org\/wiki\/Ducato_di_Savoia\">duca di Savoia<\/a>, dal quale Francesco dipendeva politicamente, sostenne l&#8217;opera dell&#8217;inascoltato apostolo con la maniera forte, ma non addicendosi l&#8217;intolleranza al temperamento del santo, quest&#8217;ultimo prefer\u00ec portare avanti la sua battaglia per l&#8217;ortodossia con il metodo della carit\u00e0, illuminando le coscienze con gli scritti, per i quali ha avuto il titolo di dottore della Chiesa. Le sue principali opere furono dunque&nbsp;<em>Introduzione alla vita devota<\/em>(<em>Filotea<\/em>) e&nbsp;<em>Trattato dell&#8217;amore di Dio<\/em>, testi fondamentali della letteratura religiosa di tutti i tempi.&nbsp;<\/p>\n\n\n\n<p class=\"wp-block-paragraph\">Quello dell&#8217;amore di Dio fu l&#8217;argomento con il quale convinse molti ugonotti a tornare in seno alla Chiesa Cattolica.<sup class=\"mw-ref reference default-touch-area\"><a href=\"app:\/\/it.wikipedia.org\/wiki\/Francesco_di_Sales#cite_note-3\" class=\"reference-link\"><\/a><\/sup><\/p>\n\n\n\n<h3 class=\"wp-block-heading\" id=\"Morte\">Morte<\/h3>\n\n\n\n<p class=\"wp-block-paragraph\">L&#8217;11 dicembre&nbsp;<a href=\"app:\/\/it.wikipedia.org\/wiki\/1622\">1622<\/a>&nbsp;a&nbsp;<a href=\"app:\/\/it.wikipedia.org\/wiki\/Lione\">Lione<\/a>&nbsp;ebbe l&#8217;ultimo colloquio con la sua penitente e qui mor\u00ec per un attacco di&nbsp;<a href=\"app:\/\/it.wikipedia.org\/wiki\/Apoplessia\" class=\"mw-redirect\">apoplessia<\/a>&nbsp;il&nbsp;<a href=\"app:\/\/it.wikipedia.org\/wiki\/28_dicembre\">28 dicembre<\/a>&nbsp;dello stesso anno, nella stanzetta del cappellano delle&nbsp;<a href=\"app:\/\/it.wikipedia.org\/wiki\/Ordine_della_Visitazione_di_Santa_Maria\">Suore della Visitazione<\/a>presso il monastero. Il 24 gennaio&nbsp;<a href=\"app:\/\/it.wikipedia.org\/wiki\/1623\">1623<\/a>&nbsp;la salma fu trasportata ad&nbsp;<a href=\"app:\/\/it.wikipedia.org\/wiki\/Annecy\">Annecy<\/a>&nbsp;e posta alla venerazione dei fedeli nella basilica della&nbsp;<em>Visitation<\/em>, sulla collina adiacente alla citt\u00e0; in seguito venne sepolto nella chiesa a lui dedicata nel centro della citt\u00e0.<br \/>Il suo cuore incorrotto si trova nel Monastero della Visitazione a&nbsp;<a href=\"app:\/\/it.wikipedia.org\/wiki\/Treviso\">Treviso<\/a>.<\/p>\n\n\n\n<h2 class=\"wp-block-heading\" id=\"Canonizzazione_e_culto\">Canonizzazione e culto<\/h2>\n\n\n\n<p class=\"wp-block-paragraph\"><a href=\"app:\/\/it.wikipedia.org\/w\/index.php?title=Francesco_di_Sales&amp;action=edit&amp;section=8\" class=\"pcs-edit-section-link\"><\/a><\/p>\n\n\n\n<p class=\"wp-block-paragraph\">Fu&nbsp;<a href=\"app:\/\/it.wikipedia.org\/wiki\/Beatificazione\">beatificato<\/a>&nbsp;il 18 dicembre&nbsp;<a href=\"app:\/\/it.wikipedia.org\/wiki\/1661\">1661<\/a>&nbsp;a soli 39 anni dalla morte, e iscritto ufficialmente nel registro dei beati l&#8217;8 gennaio&nbsp;<a href=\"app:\/\/it.wikipedia.org\/wiki\/1662\">1662<\/a>&nbsp;da&nbsp;<a href=\"app:\/\/it.wikipedia.org\/wiki\/Papa_Alessandro_VII\">papa Alessandro VII<\/a>; appena tre anni dopo, fu&nbsp;<a href=\"app:\/\/it.wikipedia.org\/wiki\/Canonizzazione\">canonizzato<\/a>&nbsp;sempre da papa Alessandro VII il 19 aprile&nbsp;<a href=\"app:\/\/it.wikipedia.org\/wiki\/1665\">1665<\/a>, e poi&nbsp;<a href=\"app:\/\/it.wikipedia.org\/wiki\/Papa_Pio_IX\">papa Pio IX<\/a>, il 19 luglio&nbsp;<a href=\"app:\/\/it.wikipedia.org\/wiki\/1877\">1877<\/a>, lo proclam\u00f2 18\u00b0&nbsp;<a href=\"app:\/\/it.wikipedia.org\/wiki\/Dottore_della_Chiesa\">Dottore della Chiesa<\/a>.<\/p>\n\n\n\n<p class=\"wp-block-paragraph\">Il 26 gennaio&nbsp;<a href=\"app:\/\/it.wikipedia.org\/wiki\/1923\">1923<\/a>, in occasione del III centenario della morte nel&nbsp;<a href=\"app:\/\/it.wikipedia.org\/wiki\/1922\">1922<\/a>,&nbsp;<a href=\"app:\/\/it.wikipedia.org\/wiki\/Papa_Pio_XI\">papa Pio XI<\/a>&nbsp;lo commemor\u00f2 con l&#8217;<a href=\"app:\/\/it.wikipedia.org\/wiki\/Enciclica\">enciclica<\/a>&nbsp;<em><a href=\"app:\/\/it.wikipedia.org\/wiki\/Rerum_Omnium_Perturbationem\">Rerum Omnium Perturbationem<\/a><\/em>, con cui lo proclam\u00f2 &#8220;Patrono dei giornalisti&#8221; e di &#8220;tutti quei cattolici che, con la pubblicazione o di giornali o di altri scritti illustrano, promuovono e difendono la cristiana dottrina&#8221;. Si ricorda, infatti, che il santo, non soddisfatto della risposta che avevano le sue prediche dal pulpito, si ingegn\u00f2 a pubblicare fogli volanti, che poi affiggeva ai muri o faceva scivolare sotto le porte delle case. \u00c8 patrono degli&nbsp;<a href=\"app:\/\/it.wikipedia.org\/wiki\/Scrittore\">scrittori<\/a>assieme ai santi&nbsp;<a href=\"app:\/\/it.wikipedia.org\/wiki\/Giovanni_Evangelista\" class=\"mw-redirect\">Giovanni Evangelista<\/a>,&nbsp;<a href=\"app:\/\/it.wikipedia.org\/wiki\/Teresa_d'Avila\">Teresa d&#8217;Avila<\/a>e&nbsp;<a href=\"app:\/\/it.wikipedia.org\/wiki\/Cassiano_di_Imola\">Cassiano<\/a><sup class=\"mw-ref reference overlap-touch-area\"><a href=\"app:\/\/it.wikipedia.org\/wiki\/Francesco_di_Sales#cite_note-4\" class=\"reference-link\"><\/a><\/sup><sup class=\"mw-ref reference overlap-touch-area\"><a href=\"app:\/\/it.wikipedia.org\/wiki\/Francesco_di_Sales#cite_note-5\" class=\"reference-link\"><\/a><\/sup>.<\/p>\n\n\n\n<p class=\"wp-block-paragraph\">Con il breve apostolico&nbsp;<em>Omnes quidem<\/em>&nbsp;del 2 febbraio&nbsp;<a href=\"app:\/\/it.wikipedia.org\/wiki\/1968\">1968<\/a>,&nbsp;<a href=\"app:\/\/it.wikipedia.org\/wiki\/Papa_Paolo_VI\">papa Paolo VI<\/a>&nbsp;ha dichiarato e costituito san Francesco di Sales e&nbsp;<a href=\"app:\/\/it.wikipedia.org\/wiki\/Giovanna_di_Valois_(1464-1505)\">santa Giovanna di Valois<\/a>&nbsp;celesti patroni principali del&nbsp;<a href=\"app:\/\/it.wikipedia.org\/wiki\/Ordine_dei_Minimi\">Terzo Ordine dei Minimi<\/a>.<\/p>\n\n\n\n<p class=\"wp-block-paragraph\">A lui&nbsp;<a href=\"app:\/\/it.wikipedia.org\/wiki\/Papa_Francesco\">papa Francesco<\/a>&nbsp;ha dedicato la lettera apostolica&nbsp;<em>Totum Amoris est<\/em>, pubblicata il 28 dicembre 2022, in occasione del IV centenario della morte.<sup class=\"mw-ref reference default-touch-area\"><a href=\"app:\/\/it.wikipedia.org\/wiki\/Francesco_di_Sales#cite_note-6\" class=\"reference-link\"><\/a><\/sup><\/p>\n\n\n\n<p class=\"wp-block-paragraph\">San Francesco di Sales \u00e8 patrono anche del Terz&#8217;Ordine dei Minimi fondato da san&nbsp;<a href=\"app:\/\/it.wikipedia.org\/wiki\/Francesco_di_Paola\" class=\"mw-redirect\">Francesco di Paola<\/a>, di cui entr\u00f2 a far parte a cinquant&#8217;anni, nel&nbsp;<a href=\"app:\/\/it.wikipedia.org\/wiki\/1617\">1617<\/a>.<\/p>\n\n\n\n<p class=\"wp-block-paragraph\">Viene considerato una delle grandi figure della&nbsp;<a href=\"app:\/\/it.wikipedia.org\/wiki\/Controriforma\">Controriforma<\/a>&nbsp;e della mistica cattolica francese.<\/p>\n\n\n\n<h3 class=\"wp-block-heading\" id=\"Memoria_liturgica\">Memoria liturgica<\/h3>\n\n\n\n<p class=\"wp-block-paragraph\">Il&nbsp;<em><a href=\"app:\/\/it.wikipedia.org\/wiki\/Martirologio_Romano\">Martyrologium Romanum<\/a><\/em>&nbsp;riporta la sua commemorazione nell&#8217;anniversario della morte, cio\u00e8 al 28 dicembre, ma, per l&#8217;inopportuna coincidenza con il tempo di Natale, il calendario liturgico della Chiesa universale ha fissato la sua memoria al&nbsp;<a href=\"app:\/\/it.wikipedia.org\/wiki\/24_gennaio\">24 gennaio<\/a>, anniversario della traslazione delle reliquie, il&nbsp;<a href=\"app:\/\/it.wikipedia.org\/wiki\/Messa_tridentina\">calendario precedente la riforma liturgica<\/a>&nbsp;lo celebra il&nbsp;<a href=\"app:\/\/it.wikipedia.org\/wiki\/29_gennaio\">29 gennaio<\/a>.<\/p>\n\n\n\n<h3 class=\"wp-block-heading\" id=\"Il_miracolo_per_la_canonizzazione\">Il miracolo per la canonizzazione<\/h3>\n\n\n\n<p class=\"wp-block-paragraph\">Ai fini della&nbsp;<a href=\"app:\/\/it.wikipedia.org\/wiki\/Canonizzazione\">canonizzazione<\/a>&nbsp;la&nbsp;<a href=\"app:\/\/it.wikipedia.org\/wiki\/Chiesa_cattolica\">Chiesa cattolica<\/a>&nbsp;ritiene necessario un secondo&nbsp;<a href=\"app:\/\/it.wikipedia.org\/wiki\/Miracolo\">miracolo<\/a>, dopo quello richiesto per la&nbsp;<a href=\"app:\/\/it.wikipedia.org\/wiki\/Beatificazione\">beatificazione<\/a>: nel caso del beato Francesco di Sales, nel&nbsp;<a href=\"app:\/\/it.wikipedia.org\/wiki\/1665\">1665<\/a>&nbsp;ha ritenuto miracoloso il caso di Girolamo Gelin, avvenuto nel&nbsp;<a href=\"app:\/\/it.wikipedia.org\/wiki\/1623\">1623<\/a>, ad appena pochi mesi dalla morte del vescovo.<\/p>\n\n\n\n<p class=\"wp-block-paragraph\">Il 30 aprile&nbsp;<a href=\"app:\/\/it.wikipedia.org\/wiki\/1623\">1623<\/a>, nell&#8217;attraversare il fiume Fier, nella regione&nbsp;<a href=\"app:\/\/it.wikipedia.org\/wiki\/Francia\">francese<\/a>&nbsp;della&nbsp;<a href=\"app:\/\/it.wikipedia.org\/wiki\/Savoia_(regione_storica)\">Savoia<\/a>, il quattordicenne Girolamo Gelin, che era in compagnia del fratellino minore Francesco, cadde da una passerella e venne travolto dalle acque. Dopo alcune ore di ricerche, Alessandro Raphin ripesc\u00f2 il cadavere di Girolamo, rimasto intrappolato sott&#8217;acqua in una profonda buca situata in un&#8217;ansa del fiume. Il corpo, descritto dal fratello Francesco come &#8220;gonfio e brutto&#8221;<sup class=\"mw-ref reference default-touch-area\"><a href=\"app:\/\/it.wikipedia.org\/wiki\/Francesco_di_Sales#cite_note-7\" class=\"reference-link\"><\/a><\/sup>, fu deposto in un fienile, in attesa del funerale.<\/p>\n\n\n\n<p class=\"wp-block-paragraph\">Il mattino seguente, mentre la gente si teneva lontana dal cadavere &#8220;per il lezzo che emanava&#8221;<sup class=\"mw-ref reference default-touch-area\"><a href=\"app:\/\/it.wikipedia.org\/wiki\/Francesco_di_Sales#cite_note-8\" class=\"reference-link\"><\/a><\/sup>, al momento di deporre il corpo nella bara, Girolamo alz\u00f2 un braccio invocando l&#8217;amato Francesco di Sales: &#8220;alcuni fuggirono, altri caddero privi di sensi, qualcuno grid\u00f2 al miracolo&#8221;<sup class=\"mw-ref reference default-touch-area\"><a href=\"app:\/\/it.wikipedia.org\/wiki\/Francesco_di_Sales#cite_note-9\" class=\"reference-link\"><\/a><\/sup>. Il ragazzo fu sollevato, e tutti si accorsero che era tornato normale.<\/p>\n\n\n\n<p class=\"wp-block-paragraph\">Il&nbsp;<a href=\"app:\/\/it.wikipedia.org\/wiki\/4_maggio\">4 maggio<\/a>&nbsp;dello stesso anno il&nbsp;<a href=\"app:\/\/it.wikipedia.org\/wiki\/Parroco\">parroco<\/a>&nbsp;della vicina&nbsp;<a href=\"app:\/\/it.wikipedia.org\/wiki\/Les_Olli%C3%A8res\">Les Olli\u00e8res<\/a>, Claudio Puthod, si rec\u00f2 ad&nbsp;<a href=\"app:\/\/it.wikipedia.org\/wiki\/Annecy\">Annecy<\/a>, insieme ai fratelli Gelin, per ringraziare il venerato Francesco di Sales: infatti il religioso doveva adempiere il&nbsp;<a href=\"app:\/\/it.wikipedia.org\/wiki\/Voto_(religione)\">voto<\/a>&nbsp;fatto davanti alla salma di Girolamo nel fienile, in favore del ragazzo. Anche quest&#8217;ultimo aveva fatto un voto in nome di Francesco di Sales, prima di attraversare il fiume gonfio d&#8217;acqua per le nevicate dei giorni precedenti. Dopo aver pregato sulla tomba dell&#8217;amato vescovo, nella&nbsp;<a href=\"app:\/\/it.wikipedia.org\/wiki\/Basilica_della_Visitazione\">Basilica della Visitazione<\/a>&nbsp;di Annecy, Girolamo, che era giunto &#8220;pieno di lividi, graffi e ferite&#8221;, si rialz\u00f2 senza alcun segno<sup class=\"mw-ref reference left-touch-area\"><a href=\"app:\/\/it.wikipedia.org\/wiki\/Francesco_di_Sales#cite_note-10\" class=\"reference-link\"><\/a><\/sup>.<\/p>\n\n\n\n<p class=\"wp-block-paragraph\">Il dicembre di trentotto anni dopo, Francesco di Sales fu dichiarato ufficialmente Beato, e i fatti relativi a questa vicenda, confermati dalle deposizioni giurate dei testimoni durante il processo di canonizzazione tenutosi ad Annecy nel 1665, furono ritenuti validi per il riconoscimento del secondo miracolo necessario per passare al titolo di&nbsp;<a href=\"app:\/\/it.wikipedia.org\/wiki\/Santo\">santo<\/a>, miracolo ratificato dalla Chiesa cattolica e incluso nella&nbsp;<a href=\"app:\/\/it.wikipedia.org\/wiki\/Bolla_pontificia\">bolla<\/a>&nbsp;di Alessandro VII dell&#8217;aprile 1665.<\/p>\n\n\n\n<h2 class=\"wp-block-heading\" id=\"Eredit\u00e0_culturale\">Eredit\u00e0 culturale<\/h2>\n\n\n\n<p class=\"wp-block-paragraph\"><a href=\"app:\/\/it.wikipedia.org\/w\/index.php?title=Francesco_di_Sales&amp;action=edit&amp;section=11\" class=\"pcs-edit-section-link\"><\/a><\/p>\n\n\n\n<p class=\"wp-block-paragraph\">San Francesco di Sales, considerato quale padre della spiritualit\u00e0 moderna, ha influenzato le maggiori figure non solo del&nbsp;<em>grand si\u00e8cle<\/em>&nbsp;francese, ma anche di tutto il&nbsp;<a href=\"app:\/\/it.wikipedia.org\/wiki\/XVII_secolo\">Seicento<\/a>&nbsp;europeo, riuscendo a convertire al cattolicesimo alcuni esponenti del calvinismo.<sup class=\"noprint chiarimento-apice\">[<em><a href=\"app:\/\/it.wikipedia.org\/wiki\/Wikipedia:Uso_delle_fonti\">senza&nbsp;fonte<\/a><\/em>]<\/sup><\/p>\n\n\n\n<p class=\"wp-block-paragraph\">A&nbsp;<a href=\"app:\/\/it.wikipedia.org\/wiki\/Thonon-les-Bains\">Thonon<\/a>&nbsp;fond\u00f2 la sezione locale della&nbsp;<a href=\"app:\/\/it.wikipedia.org\/wiki\/Confederazione_dell'oratorio_di_San_Filippo_Neri\">Congregazione dell&#8217;Oratorio<\/a>.&nbsp;Francesco attraverso l&#8217;Oratorio svolse attivit\u00e0 apostolica, convinto che la &#8220;santit\u00e0&#8221; fosse impegno di tutti i cristiani e non solo di quelli consacrati.<sup class=\"noprint chiarimento-apice\">[<em><a href=\"app:\/\/it.wikipedia.org\/wiki\/Wikipedia:Uso_delle_fonti\">senza&nbsp;fonte<\/a><\/em>]<\/sup><\/p>\n\n\n\n<p class=\"wp-block-paragraph\">San Francesco di Sales \u00e8 il patrono del&nbsp;<a href=\"app:\/\/it.wikipedia.org\/wiki\/Piemonte\">Piemonte<\/a>&nbsp;e della&nbsp;<a href=\"app:\/\/it.wikipedia.org\/wiki\/Comunit%C3%A0_sorda\">comunit\u00e0 sorda<\/a>.<sup class=\"mw-ref reference right-touch-area\"><a href=\"app:\/\/it.wikipedia.org\/wiki\/Francesco_di_Sales#cite_note-11\" class=\"reference-link\"><\/a><\/sup><\/p>\n\n\n\n<p class=\"wp-block-paragraph\">Dal suo epistolario il <a href=\"app:\/\/it.wikipedia.org\/wiki\/Cardinale\">cardinale<\/a> <a href=\"app:\/\/it.wikipedia.org\/wiki\/John_Henry_Newman\">John Henry Newman<\/a>nel 1879 trasse il proprio <a href=\"app:\/\/it.wikipedia.org\/wiki\/Motto\">motto<\/a> cardinalizio: \u00abCor ad Cor loquitur\u00bb (\u00abil cuore parla al cuore\u00bb).<\/p>\n","protected":false},"excerpt":{"rendered":"<p>Francesco di Sales (in francese Fran\u00e7ois de Sales; Thorens-Gli\u00e8res, 21 agosto 1567 \u2013 Lione, 28 dicembre 1622) \u00e8 stato un vescovo cattolico francese. Fatti in breve&nbsp;San Francesco di Sales, Nascita [&hellip;]<\/p>\n","protected":false},"author":2,"featured_media":1102,"comment_status":"open","ping_status":"open","sticky":false,"template":"","format":"standard","meta":{"om_disable_all_campaigns":false,"_monsterinsights_skip_tracking":false,"_uf_show_specific_survey":0,"_uf_disable_surveys":false,"_jetpack_newsletter_access":"","_jetpack_dont_email_post_to_subs":false,"_jetpack_newsletter_tier_id":0,"_jetpack_memberships_contains_paywalled_content":false,"_jetpack_feature_clip_id":0,"_jetpack_memberships_contains_paid_content":false,"footnotes":"","jetpack_publicize_message":"","jetpack_publicize_feature_enabled":true,"jetpack_social_post_already_shared":true,"jetpack_social_options":{"image_generator_settings":{"template":"highway","default_image_id":0,"font":"","enabled":false},"version":2},"jetpack_post_was_ever_published":false},"categories":[60],"tags":[53,163],"class_list":["post-1105","post","type-post","status-publish","format-standard","has-post-thumbnail","hentry","category-santi-del-giorno","tag-francesco","tag-sales"],"aioseo_notices":[],"aioseo_head":"\n\t\t<!-- All in One SEO 4.9.10 - aioseo.com -->\n\t<meta name=\"description\" content=\"Francesco di Sales (in francese Fran\u00e7ois de Sales; Thorens-Gli\u00e8res, 21 agosto 1567 \u2013 Lione, 28 dicembre 1622) \u00e8 stato un vescovo cattolico francese. Fatti in breve San Francesco di Sales, Nascita ... Fatti in breve Francesco di Sales vescovo della Chiesa cattolica, Incarichi ricoperti ... Francesco fu il figlio primogenito del signore di Boisy, nobile di antica\" \/>\n\t<meta name=\"robots\" content=\"max-image-preview:large\" \/>\n\t<meta name=\"author\" content=\"Admin Admin\"\/>\n\t<link rel=\"canonical\" href=\"https:\/\/www.militia-christi.it\/sitoweb\/2024\/01\/24\/san-francesco-di-sales\/\" \/>\n\t<meta name=\"generator\" content=\"All in One SEO (AIOSEO) 4.9.10\" \/>\n\t\t<meta property=\"og:locale\" content=\"it_IT\" \/>\n\t\t<meta property=\"og:site_name\" content=\"I Templari: Poveri Cavalieri di Cristo del Tempio di Salomone - Non nobis Domine, non nobis, sed nomini tuo da gloriam\" \/>\n\t\t<meta property=\"og:type\" content=\"article\" \/>\n\t\t<meta property=\"og:title\" content=\"San Francesco di Sales - I Templari: Poveri Cavalieri di Cristo del Tempio di Salomone\" \/>\n\t\t<meta property=\"og:description\" content=\"Francesco di Sales (in francese Fran\u00e7ois de Sales; Thorens-Gli\u00e8res, 21 agosto 1567 \u2013 Lione, 28 dicembre 1622) \u00e8 stato un vescovo cattolico francese. Fatti in breve San Francesco di Sales, Nascita ... Fatti in breve Francesco di Sales vescovo della Chiesa cattolica, Incarichi ricoperti ... Francesco fu il figlio primogenito del signore di Boisy, nobile di antica\" \/>\n\t\t<meta property=\"og:url\" content=\"https:\/\/www.militia-christi.it\/sitoweb\/2024\/01\/24\/san-francesco-di-sales\/\" \/>\n\t\t<meta property=\"og:image\" content=\"https:\/\/i0.wp.com\/www.militia-christi.it\/sitoweb\/wp-content\/uploads\/2024\/02\/LOGO-SMALL.png?fit=200%2C200&#038;ssl=1\" \/>\n\t\t<meta property=\"og:image:secure_url\" content=\"https:\/\/i0.wp.com\/www.militia-christi.it\/sitoweb\/wp-content\/uploads\/2024\/02\/LOGO-SMALL.png?fit=200%2C200&#038;ssl=1\" \/>\n\t\t<meta property=\"article:published_time\" content=\"2024-01-24T05:41:00+00:00\" \/>\n\t\t<meta property=\"article:modified_time\" content=\"2024-01-26T05:41:58+00:00\" \/>\n\t\t<meta name=\"twitter:card\" content=\"summary_large_image\" \/>\n\t\t<meta name=\"twitter:title\" content=\"San Francesco di Sales - I Templari: Poveri Cavalieri di Cristo del Tempio di Salomone\" \/>\n\t\t<meta name=\"twitter:description\" content=\"Francesco di Sales (in francese Fran\u00e7ois de Sales; Thorens-Gli\u00e8res, 21 agosto 1567 \u2013 Lione, 28 dicembre 1622) \u00e8 stato un vescovo cattolico francese. Fatti in breve San Francesco di Sales, Nascita ... Fatti in breve Francesco di Sales vescovo della Chiesa cattolica, Incarichi ricoperti ... Francesco fu il figlio primogenito del signore di Boisy, nobile di antica\" \/>\n\t\t<meta name=\"twitter:image\" content=\"https:\/\/i0.wp.com\/www.militia-christi.it\/sitoweb\/wp-content\/uploads\/2024\/02\/LOGO-SMALL.png?fit=200%2C200&amp;ssl=1\" \/>\n\t\t<script type=\"application\/ld+json\" class=\"aioseo-schema\">\n\t\t\t{\"@context\":\"https:\\\/\\\/schema.org\",\"@graph\":[{\"@type\":\"BlogPosting\",\"@id\":\"https:\\\/\\\/www.militia-christi.it\\\/sitoweb\\\/2024\\\/01\\\/24\\\/san-francesco-di-sales\\\/#blogposting\",\"name\":\"San Francesco di Sales - I Templari: Poveri Cavalieri di Cristo del Tempio di Salomone\",\"headline\":\"San Francesco di Sales\",\"author\":{\"@id\":\"https:\\\/\\\/www.militia-christi.it\\\/sitoweb\\\/author\\\/administrator\\\/#author\"},\"publisher\":{\"@id\":\"https:\\\/\\\/www.militia-christi.it\\\/sitoweb\\\/#organization\"},\"image\":{\"@type\":\"ImageObject\",\"url\":\"https:\\\/\\\/i0.wp.com\\\/www.militia-christi.it\\\/sitoweb\\\/wp-content\\\/uploads\\\/2024\\\/01\\\/img_6003-1.jpg?fit=205%2C144&ssl=1\",\"width\":205,\"height\":144},\"datePublished\":\"2024-01-24T06:41:00+01:00\",\"dateModified\":\"2024-01-26T06:41:58+01:00\",\"inLanguage\":\"it-IT\",\"mainEntityOfPage\":{\"@id\":\"https:\\\/\\\/www.militia-christi.it\\\/sitoweb\\\/2024\\\/01\\\/24\\\/san-francesco-di-sales\\\/#webpage\"},\"isPartOf\":{\"@id\":\"https:\\\/\\\/www.militia-christi.it\\\/sitoweb\\\/2024\\\/01\\\/24\\\/san-francesco-di-sales\\\/#webpage\"},\"articleSection\":\"Santi del Giorno, francesco, sales\"},{\"@type\":\"BreadcrumbList\",\"@id\":\"https:\\\/\\\/www.militia-christi.it\\\/sitoweb\\\/2024\\\/01\\\/24\\\/san-francesco-di-sales\\\/#breadcrumblist\",\"itemListElement\":[{\"@type\":\"ListItem\",\"@id\":\"https:\\\/\\\/www.militia-christi.it\\\/sitoweb#listItem\",\"position\":1,\"name\":\"Home\",\"item\":\"https:\\\/\\\/www.militia-christi.it\\\/sitoweb\",\"nextItem\":{\"@type\":\"ListItem\",\"@id\":\"https:\\\/\\\/www.militia-christi.it\\\/sitoweb\\\/category\\\/santi-del-giorno\\\/#listItem\",\"name\":\"Santi del Giorno\"}},{\"@type\":\"ListItem\",\"@id\":\"https:\\\/\\\/www.militia-christi.it\\\/sitoweb\\\/category\\\/santi-del-giorno\\\/#listItem\",\"position\":2,\"name\":\"Santi del Giorno\",\"item\":\"https:\\\/\\\/www.militia-christi.it\\\/sitoweb\\\/category\\\/santi-del-giorno\\\/\",\"nextItem\":{\"@type\":\"ListItem\",\"@id\":\"https:\\\/\\\/www.militia-christi.it\\\/sitoweb\\\/2024\\\/01\\\/24\\\/san-francesco-di-sales\\\/#listItem\",\"name\":\"San Francesco di Sales\"},\"previousItem\":{\"@type\":\"ListItem\",\"@id\":\"https:\\\/\\\/www.militia-christi.it\\\/sitoweb#listItem\",\"name\":\"Home\"}},{\"@type\":\"ListItem\",\"@id\":\"https:\\\/\\\/www.militia-christi.it\\\/sitoweb\\\/2024\\\/01\\\/24\\\/san-francesco-di-sales\\\/#listItem\",\"position\":3,\"name\":\"San Francesco di Sales\",\"previousItem\":{\"@type\":\"ListItem\",\"@id\":\"https:\\\/\\\/www.militia-christi.it\\\/sitoweb\\\/category\\\/santi-del-giorno\\\/#listItem\",\"name\":\"Santi del Giorno\"}}]},{\"@type\":\"Organization\",\"@id\":\"https:\\\/\\\/www.militia-christi.it\\\/sitoweb\\\/#organization\",\"name\":\"MILITIA CHRISTI Ordine Religioso\",\"description\":\"Non nobis Domine, non nobis, sed nomini tuo da gloriam\",\"url\":\"https:\\\/\\\/www.militia-christi.it\\\/sitoweb\\\/\",\"logo\":{\"@type\":\"ImageObject\",\"url\":\"https:\\\/\\\/i0.wp.com\\\/www.militia-christi.it\\\/sitoweb\\\/wp-content\\\/uploads\\\/2024\\\/02\\\/LOGO-SMALL.png?fit=200%2C200&ssl=1\",\"@id\":\"https:\\\/\\\/www.militia-christi.it\\\/sitoweb\\\/2024\\\/01\\\/24\\\/san-francesco-di-sales\\\/#organizationLogo\",\"width\":200,\"height\":200},\"image\":{\"@id\":\"https:\\\/\\\/www.militia-christi.it\\\/sitoweb\\\/2024\\\/01\\\/24\\\/san-francesco-di-sales\\\/#organizationLogo\"}},{\"@type\":\"Person\",\"@id\":\"https:\\\/\\\/www.militia-christi.it\\\/sitoweb\\\/author\\\/administrator\\\/#author\",\"url\":\"https:\\\/\\\/www.militia-christi.it\\\/sitoweb\\\/author\\\/administrator\\\/\",\"name\":\"Admin Admin\",\"image\":{\"@type\":\"ImageObject\",\"@id\":\"https:\\\/\\\/www.militia-christi.it\\\/sitoweb\\\/2024\\\/01\\\/24\\\/san-francesco-di-sales\\\/#authorImage\",\"url\":\"https:\\\/\\\/secure.gravatar.com\\\/avatar\\\/f2a244d67cfedff29fee2b22d51bd7bb01d2dbad1318dbdacd924119f7983b60?s=96&d=mm&r=g\",\"width\":96,\"height\":96,\"caption\":\"Admin Admin\"}},{\"@type\":\"WebPage\",\"@id\":\"https:\\\/\\\/www.militia-christi.it\\\/sitoweb\\\/2024\\\/01\\\/24\\\/san-francesco-di-sales\\\/#webpage\",\"url\":\"https:\\\/\\\/www.militia-christi.it\\\/sitoweb\\\/2024\\\/01\\\/24\\\/san-francesco-di-sales\\\/\",\"name\":\"San Francesco di Sales - I Templari: Poveri Cavalieri di Cristo del Tempio di Salomone\",\"description\":\"Francesco di Sales (in francese Fran\\u00e7ois de Sales; Thorens-Gli\\u00e8res, 21 agosto 1567 \\u2013 Lione, 28 dicembre 1622) \\u00e8 stato un vescovo cattolico francese. Fatti in breve San Francesco di Sales, Nascita ... Fatti in breve Francesco di Sales vescovo della Chiesa cattolica, Incarichi ricoperti ... Francesco fu il figlio primogenito del signore di Boisy, nobile di antica\",\"inLanguage\":\"it-IT\",\"isPartOf\":{\"@id\":\"https:\\\/\\\/www.militia-christi.it\\\/sitoweb\\\/#website\"},\"breadcrumb\":{\"@id\":\"https:\\\/\\\/www.militia-christi.it\\\/sitoweb\\\/2024\\\/01\\\/24\\\/san-francesco-di-sales\\\/#breadcrumblist\"},\"author\":{\"@id\":\"https:\\\/\\\/www.militia-christi.it\\\/sitoweb\\\/author\\\/administrator\\\/#author\"},\"creator\":{\"@id\":\"https:\\\/\\\/www.militia-christi.it\\\/sitoweb\\\/author\\\/administrator\\\/#author\"},\"image\":{\"@type\":\"ImageObject\",\"url\":\"https:\\\/\\\/i0.wp.com\\\/www.militia-christi.it\\\/sitoweb\\\/wp-content\\\/uploads\\\/2024\\\/01\\\/img_6003-1.jpg?fit=205%2C144&ssl=1\",\"@id\":\"https:\\\/\\\/www.militia-christi.it\\\/sitoweb\\\/2024\\\/01\\\/24\\\/san-francesco-di-sales\\\/#mainImage\",\"width\":205,\"height\":144},\"primaryImageOfPage\":{\"@id\":\"https:\\\/\\\/www.militia-christi.it\\\/sitoweb\\\/2024\\\/01\\\/24\\\/san-francesco-di-sales\\\/#mainImage\"},\"datePublished\":\"2024-01-24T06:41:00+01:00\",\"dateModified\":\"2024-01-26T06:41:58+01:00\"},{\"@type\":\"WebSite\",\"@id\":\"https:\\\/\\\/www.militia-christi.it\\\/sitoweb\\\/#website\",\"url\":\"https:\\\/\\\/www.militia-christi.it\\\/sitoweb\\\/\",\"name\":\"MILITIA CHRISTI Ordine Religioso\",\"description\":\"Non nobis Domine, non nobis, sed nomini tuo da gloriam\",\"inLanguage\":\"it-IT\",\"publisher\":{\"@id\":\"https:\\\/\\\/www.militia-christi.it\\\/sitoweb\\\/#organization\"}}]}\n\t\t<\/script>\n\t\t<!-- All in One SEO -->\n\n","aioseo_head_json":{"title":"San Francesco di Sales - I Templari: Poveri Cavalieri di Cristo del Tempio di Salomone","description":"Francesco di Sales (in francese Fran\u00e7ois de Sales; Thorens-Gli\u00e8res, 21 agosto 1567 \u2013 Lione, 28 dicembre 1622) \u00e8 stato un vescovo cattolico francese. Fatti in breve San Francesco di Sales, Nascita ... Fatti in breve Francesco di Sales vescovo della Chiesa cattolica, Incarichi ricoperti ... Francesco fu il figlio primogenito del signore di Boisy, nobile di antica","canonical_url":"https:\/\/www.militia-christi.it\/sitoweb\/2024\/01\/24\/san-francesco-di-sales\/","robots":"max-image-preview:large","keywords":"","webmasterTools":{"miscellaneous":""},"schema":{"@context":"https:\/\/schema.org","@graph":[{"@type":"BlogPosting","@id":"https:\/\/www.militia-christi.it\/sitoweb\/2024\/01\/24\/san-francesco-di-sales\/#blogposting","name":"San Francesco di Sales - I Templari: Poveri Cavalieri di Cristo del Tempio di Salomone","headline":"San Francesco di Sales","author":{"@id":"https:\/\/www.militia-christi.it\/sitoweb\/author\/administrator\/#author"},"publisher":{"@id":"https:\/\/www.militia-christi.it\/sitoweb\/#organization"},"image":{"@type":"ImageObject","url":"https:\/\/i0.wp.com\/www.militia-christi.it\/sitoweb\/wp-content\/uploads\/2024\/01\/img_6003-1.jpg?fit=205%2C144&ssl=1","width":205,"height":144},"datePublished":"2024-01-24T06:41:00+01:00","dateModified":"2024-01-26T06:41:58+01:00","inLanguage":"it-IT","mainEntityOfPage":{"@id":"https:\/\/www.militia-christi.it\/sitoweb\/2024\/01\/24\/san-francesco-di-sales\/#webpage"},"isPartOf":{"@id":"https:\/\/www.militia-christi.it\/sitoweb\/2024\/01\/24\/san-francesco-di-sales\/#webpage"},"articleSection":"Santi del Giorno, francesco, sales"},{"@type":"BreadcrumbList","@id":"https:\/\/www.militia-christi.it\/sitoweb\/2024\/01\/24\/san-francesco-di-sales\/#breadcrumblist","itemListElement":[{"@type":"ListItem","@id":"https:\/\/www.militia-christi.it\/sitoweb#listItem","position":1,"name":"Home","item":"https:\/\/www.militia-christi.it\/sitoweb","nextItem":{"@type":"ListItem","@id":"https:\/\/www.militia-christi.it\/sitoweb\/category\/santi-del-giorno\/#listItem","name":"Santi del Giorno"}},{"@type":"ListItem","@id":"https:\/\/www.militia-christi.it\/sitoweb\/category\/santi-del-giorno\/#listItem","position":2,"name":"Santi del Giorno","item":"https:\/\/www.militia-christi.it\/sitoweb\/category\/santi-del-giorno\/","nextItem":{"@type":"ListItem","@id":"https:\/\/www.militia-christi.it\/sitoweb\/2024\/01\/24\/san-francesco-di-sales\/#listItem","name":"San Francesco di Sales"},"previousItem":{"@type":"ListItem","@id":"https:\/\/www.militia-christi.it\/sitoweb#listItem","name":"Home"}},{"@type":"ListItem","@id":"https:\/\/www.militia-christi.it\/sitoweb\/2024\/01\/24\/san-francesco-di-sales\/#listItem","position":3,"name":"San Francesco di Sales","previousItem":{"@type":"ListItem","@id":"https:\/\/www.militia-christi.it\/sitoweb\/category\/santi-del-giorno\/#listItem","name":"Santi del Giorno"}}]},{"@type":"Organization","@id":"https:\/\/www.militia-christi.it\/sitoweb\/#organization","name":"MILITIA CHRISTI Ordine Religioso","description":"Non nobis Domine, non nobis, sed nomini tuo da gloriam","url":"https:\/\/www.militia-christi.it\/sitoweb\/","logo":{"@type":"ImageObject","url":"https:\/\/i0.wp.com\/www.militia-christi.it\/sitoweb\/wp-content\/uploads\/2024\/02\/LOGO-SMALL.png?fit=200%2C200&ssl=1","@id":"https:\/\/www.militia-christi.it\/sitoweb\/2024\/01\/24\/san-francesco-di-sales\/#organizationLogo","width":200,"height":200},"image":{"@id":"https:\/\/www.militia-christi.it\/sitoweb\/2024\/01\/24\/san-francesco-di-sales\/#organizationLogo"}},{"@type":"Person","@id":"https:\/\/www.militia-christi.it\/sitoweb\/author\/administrator\/#author","url":"https:\/\/www.militia-christi.it\/sitoweb\/author\/administrator\/","name":"Admin Admin","image":{"@type":"ImageObject","@id":"https:\/\/www.militia-christi.it\/sitoweb\/2024\/01\/24\/san-francesco-di-sales\/#authorImage","url":"https:\/\/secure.gravatar.com\/avatar\/f2a244d67cfedff29fee2b22d51bd7bb01d2dbad1318dbdacd924119f7983b60?s=96&d=mm&r=g","width":96,"height":96,"caption":"Admin Admin"}},{"@type":"WebPage","@id":"https:\/\/www.militia-christi.it\/sitoweb\/2024\/01\/24\/san-francesco-di-sales\/#webpage","url":"https:\/\/www.militia-christi.it\/sitoweb\/2024\/01\/24\/san-francesco-di-sales\/","name":"San Francesco di Sales - I Templari: Poveri Cavalieri di Cristo del Tempio di Salomone","description":"Francesco di Sales (in francese Fran\u00e7ois de Sales; Thorens-Gli\u00e8res, 21 agosto 1567 \u2013 Lione, 28 dicembre 1622) \u00e8 stato un vescovo cattolico francese. Fatti in breve San Francesco di Sales, Nascita ... Fatti in breve Francesco di Sales vescovo della Chiesa cattolica, Incarichi ricoperti ... Francesco fu il figlio primogenito del signore di Boisy, nobile di antica","inLanguage":"it-IT","isPartOf":{"@id":"https:\/\/www.militia-christi.it\/sitoweb\/#website"},"breadcrumb":{"@id":"https:\/\/www.militia-christi.it\/sitoweb\/2024\/01\/24\/san-francesco-di-sales\/#breadcrumblist"},"author":{"@id":"https:\/\/www.militia-christi.it\/sitoweb\/author\/administrator\/#author"},"creator":{"@id":"https:\/\/www.militia-christi.it\/sitoweb\/author\/administrator\/#author"},"image":{"@type":"ImageObject","url":"https:\/\/i0.wp.com\/www.militia-christi.it\/sitoweb\/wp-content\/uploads\/2024\/01\/img_6003-1.jpg?fit=205%2C144&ssl=1","@id":"https:\/\/www.militia-christi.it\/sitoweb\/2024\/01\/24\/san-francesco-di-sales\/#mainImage","width":205,"height":144},"primaryImageOfPage":{"@id":"https:\/\/www.militia-christi.it\/sitoweb\/2024\/01\/24\/san-francesco-di-sales\/#mainImage"},"datePublished":"2024-01-24T06:41:00+01:00","dateModified":"2024-01-26T06:41:58+01:00"},{"@type":"WebSite","@id":"https:\/\/www.militia-christi.it\/sitoweb\/#website","url":"https:\/\/www.militia-christi.it\/sitoweb\/","name":"MILITIA CHRISTI Ordine Religioso","description":"Non nobis Domine, non nobis, sed nomini tuo da gloriam","inLanguage":"it-IT","publisher":{"@id":"https:\/\/www.militia-christi.it\/sitoweb\/#organization"}}]},"og:locale":"it_IT","og:site_name":"I Templari: Poveri Cavalieri di Cristo del Tempio di Salomone - Non nobis Domine, non nobis, sed nomini tuo da gloriam","og:type":"article","og:title":"San Francesco di Sales - I Templari: Poveri Cavalieri di Cristo del Tempio di Salomone","og:description":"Francesco di Sales (in francese Fran\u00e7ois de Sales; Thorens-Gli\u00e8res, 21 agosto 1567 \u2013 Lione, 28 dicembre 1622) \u00e8 stato un vescovo cattolico francese. Fatti in breve San Francesco di Sales, Nascita ... Fatti in breve Francesco di Sales vescovo della Chiesa cattolica, Incarichi ricoperti ... Francesco fu il figlio primogenito del signore di Boisy, nobile di antica","og:url":"https:\/\/www.militia-christi.it\/sitoweb\/2024\/01\/24\/san-francesco-di-sales\/","og:image":"https:\/\/i0.wp.com\/www.militia-christi.it\/sitoweb\/wp-content\/uploads\/2024\/02\/LOGO-SMALL.png?fit=200%2C200&#038;ssl=1","og:image:secure_url":"https:\/\/i0.wp.com\/www.militia-christi.it\/sitoweb\/wp-content\/uploads\/2024\/02\/LOGO-SMALL.png?fit=200%2C200&#038;ssl=1","article:published_time":"2024-01-24T05:41:00+00:00","article:modified_time":"2024-01-26T05:41:58+00:00","twitter:card":"summary_large_image","twitter:title":"San Francesco di Sales - I Templari: Poveri Cavalieri di Cristo del Tempio di Salomone","twitter:description":"Francesco di Sales (in francese Fran\u00e7ois de Sales; Thorens-Gli\u00e8res, 21 agosto 1567 \u2013 Lione, 28 dicembre 1622) \u00e8 stato un vescovo cattolico francese. Fatti in breve San Francesco di Sales, Nascita ... Fatti in breve Francesco di Sales vescovo della Chiesa cattolica, Incarichi ricoperti ... Francesco fu il figlio primogenito del signore di Boisy, nobile di antica","twitter:image":"https:\/\/i0.wp.com\/www.militia-christi.it\/sitoweb\/wp-content\/uploads\/2024\/02\/LOGO-SMALL.png?fit=200%2C200&ssl=1"},"aioseo_meta_data":{"post_id":"1105","title":null,"description":null,"keywords":null,"keyphrases":null,"primary_term":null,"canonical_url":null,"og_title":null,"og_description":null,"og_object_type":"default","og_image_type":"default","og_image_url":null,"og_image_width":null,"og_image_height":null,"og_image_custom_url":null,"og_image_custom_fields":null,"og_video":null,"og_custom_url":null,"og_article_section":null,"og_article_tags":null,"twitter_use_og":false,"twitter_card":"default","twitter_image_type":"default","twitter_image_url":null,"twitter_image_custom_url":null,"twitter_image_custom_fields":null,"twitter_title":null,"twitter_description":null,"schema":{"blockGraphs":[],"customGraphs":[],"default":{"data":{"Article":[],"Course":[],"Dataset":[],"FAQPage":[],"Movie":[],"Person":[],"Product":[],"ProductReview":[],"Car":[],"Recipe":[],"Service":[],"SoftwareApplication":[],"WebPage":[]},"graphName":"","isEnabled":true},"graphs":[]},"schema_type":"default","schema_type_options":null,"pillar_content":false,"robots_default":true,"robots_noindex":false,"robots_noarchive":false,"robots_nosnippet":false,"robots_nofollow":false,"robots_noimageindex":false,"robots_noodp":false,"robots_notranslate":false,"robots_max_snippet":null,"robots_max_videopreview":null,"robots_max_imagepreview":"large","priority":null,"frequency":null,"local_seo":null,"breadcrumb_settings":null,"limit_modified_date":false,"ai":null,"created":"2024-01-26 05:47:36","updated":"2025-09-29 11:33:00","seo_analyzer_scan_date":null},"aioseo_breadcrumb":"<div class=\"aioseo-breadcrumbs\"><span class=\"aioseo-breadcrumb\">\n\t\t\t<a href=\"https:\/\/www.militia-christi.it\/sitoweb\" title=\"Home\">Home<\/a>\n\t\t<\/span><span class=\"aioseo-breadcrumb-separator\">&raquo;<\/span><span class=\"aioseo-breadcrumb\">\n\t\t\t<a href=\"https:\/\/www.militia-christi.it\/sitoweb\/category\/santi-del-giorno\/\" title=\"Santi del Giorno\">Santi del Giorno<\/a>\n\t\t<\/span><span class=\"aioseo-breadcrumb-separator\">&raquo;<\/span><span class=\"aioseo-breadcrumb\">\n\t\t\tSan Francesco di Sales\n\t\t<\/span><\/div>","aioseo_breadcrumb_json":[{"label":"Home","link":"https:\/\/www.militia-christi.it\/sitoweb"},{"label":"Santi del Giorno","link":"https:\/\/www.militia-christi.it\/sitoweb\/category\/santi-del-giorno\/"},{"label":"San Francesco di Sales","link":"https:\/\/www.militia-christi.it\/sitoweb\/2024\/01\/24\/san-francesco-di-sales\/"}],"jetpack_publicize_connections":[],"jetpack_featured_media_url":"https:\/\/i0.wp.com\/www.militia-christi.it\/sitoweb\/wp-content\/uploads\/2024\/01\/img_6003-1.jpg?fit=205%2C144&ssl=1","jetpack-related-posts":[{"id":634,"url":"https:\/\/www.militia-christi.it\/sitoweb\/2023\/12\/12\/634\/","url_meta":{"origin":1105,"position":0},"title":"Santa Giovanna Francesca Fr\u00e9miot de Chantal","author":"fvendola","date":"12 Dicembre 2023","format":false,"excerpt":"Di nobile famiglia, il padre era presidente del parlamento della\u00a0Borgogna, spos\u00f2 nel\u00a01592\u00a0il barone de Chantal, dal quale ebbe sei figli, fra cui Celse Benigne, cio\u00e8 il padre della celeberrima\u00a0Madame de S\u00e9vign\u00e9. Rimasta vedova, nel\u00a01604\u00a0incontr\u00f2 il\u00a0vescovo\u00a0di\u00a0Ginevra\u00a0Francesco di Sales, che predicava la quaresima a\u00a0Digione: colpita dal suo carisma, si affid\u00f2 alla sua\u2026","rel":"","context":"In &quot;Santi del Giorno&quot;","block_context":{"text":"Santi del Giorno","link":"https:\/\/www.militia-christi.it\/sitoweb\/category\/santi-del-giorno\/"},"img":{"alt_text":"","src":"https:\/\/i0.wp.com\/www.militia-christi.it\/sitoweb\/wp-content\/uploads\/2023\/12\/img_4699-1.jpg?resize=350%2C200&ssl=1","width":350,"height":200},"classes":[]},{"id":662,"url":"https:\/\/www.militia-christi.it\/sitoweb\/2023\/12\/17\/san-giovanni-de-matha\/","url_meta":{"origin":1105,"position":1},"title":"San Giovanni de Matha","author":"fvendola","date":"17 Dicembre 2023","format":false,"excerpt":"Giovanni de Matha\u00a0(Faucon-de-Barcelonnette,\u00a023 giugno\u00a01154\u00a0\u2013\u00a0Roma,\u00a017 dicembre\u00a01213) \u00e8 stato il fondatore dell'Ordine della Santissima Trinit\u00e0. Conosciuto anche con l'epitetoDoctor Eminens, \u00e8 venerato come\u00a0santo\u00a0dalla\u00a0Chiesa cattolica. Il suo culto \u00e8 stato approvato da\u00a0papa Alessandro VII\u00a0il 21 ottobre 1666. Fatti in breve\u00a0San Giovanni de Matha, Nascita ... Biografia Di nobile nascita, studi\u00f2\u00a0teologia\u00a0a\u00a0Parigi\u00a0e nel\u00a01192venne\u00a0ordinato\u00a0sacerdote. Secondo la\u2026","rel":"","context":"In &quot;Santi del Giorno&quot;","block_context":{"text":"Santi del Giorno","link":"https:\/\/www.militia-christi.it\/sitoweb\/category\/santi-del-giorno\/"},"img":{"alt_text":"","src":"https:\/\/i0.wp.com\/www.militia-christi.it\/sitoweb\/wp-content\/uploads\/2023\/12\/img_4810-1.jpg?resize=350%2C200&ssl=1","width":350,"height":200},"classes":[]},{"id":689,"url":"https:\/\/www.militia-christi.it\/sitoweb\/2023\/12\/21\/san-pietro-canisio\/","url_meta":{"origin":1105,"position":2},"title":"San Pietro Canisio","author":"fvendola","date":"21 Dicembre 2023","format":false,"excerpt":"Pietro Canisio, o Pier Canisio, in latinoPetrus Canisius, in olandese Pieter Kanijs, o Kanisius, o Kan\u00ees (Nimega, 8 maggio 1521 \u2013 Friburgo, 21 dicembre 1597), \u00e8 stato il primo gesuita della provincia germanica. Nel 1925 \u00e8 stato proclamato santo e dottore della Chiesa da papa Pio XI. Biografia Pietro Canisio\u2026","rel":"","context":"In &quot;Santi del Giorno&quot;","block_context":{"text":"Santi del Giorno","link":"https:\/\/www.militia-christi.it\/sitoweb\/category\/santi-del-giorno\/"},"img":{"alt_text":"","src":"https:\/\/i0.wp.com\/www.militia-christi.it\/sitoweb\/wp-content\/uploads\/2023\/12\/img_4934-1.jpg?fit=1200%2C818&ssl=1&resize=350%2C200","width":350,"height":200,"srcset":"https:\/\/i0.wp.com\/www.militia-christi.it\/sitoweb\/wp-content\/uploads\/2023\/12\/img_4934-1.jpg?fit=1200%2C818&ssl=1&resize=350%2C200 1x, https:\/\/i0.wp.com\/www.militia-christi.it\/sitoweb\/wp-content\/uploads\/2023\/12\/img_4934-1.jpg?fit=1200%2C818&ssl=1&resize=525%2C300 1.5x, https:\/\/i0.wp.com\/www.militia-christi.it\/sitoweb\/wp-content\/uploads\/2023\/12\/img_4934-1.jpg?fit=1200%2C818&ssl=1&resize=700%2C400 2x, https:\/\/i0.wp.com\/www.militia-christi.it\/sitoweb\/wp-content\/uploads\/2023\/12\/img_4934-1.jpg?fit=1200%2C818&ssl=1&resize=1050%2C600 3x"},"classes":[]},{"id":1050,"url":"https:\/\/www.militia-christi.it\/sitoweb\/2024\/01\/12\/san-bernardo-da-corleone\/","url_meta":{"origin":1105,"position":3},"title":"San Bernardo da Corleone","author":"Admin Admin","date":"12 Gennaio 2024","format":false,"excerpt":"Bernardo da Corleone, al secolo Filippo Latino (Corleone, 6 febbraio 1605 \u2013 Palermo, 12 gennaio 1667), \u00e8 stato un francescanoitaliano, venerato come santo dalla Chiesa cattolica Biografia Quintogenito di dieci figli di Leonardo e di Francesca Xaxa nacque a\u00a0Corleone. Il padre era calzolaio e pellettiere e la madre una terziaria\u2026","rel":"","context":"In &quot;Santi del Giorno&quot;","block_context":{"text":"Santi del Giorno","link":"https:\/\/www.militia-christi.it\/sitoweb\/category\/santi-del-giorno\/"},"img":{"alt_text":"","src":"https:\/\/i0.wp.com\/www.militia-christi.it\/sitoweb\/wp-content\/uploads\/2024\/01\/img_5745.jpg?fit=1200%2C862&ssl=1&resize=350%2C200","width":350,"height":200,"srcset":"https:\/\/i0.wp.com\/www.militia-christi.it\/sitoweb\/wp-content\/uploads\/2024\/01\/img_5745.jpg?fit=1200%2C862&ssl=1&resize=350%2C200 1x, https:\/\/i0.wp.com\/www.militia-christi.it\/sitoweb\/wp-content\/uploads\/2024\/01\/img_5745.jpg?fit=1200%2C862&ssl=1&resize=525%2C300 1.5x, https:\/\/i0.wp.com\/www.militia-christi.it\/sitoweb\/wp-content\/uploads\/2024\/01\/img_5745.jpg?fit=1200%2C862&ssl=1&resize=700%2C400 2x, https:\/\/i0.wp.com\/www.militia-christi.it\/sitoweb\/wp-content\/uploads\/2024\/01\/img_5745.jpg?fit=1200%2C862&ssl=1&resize=1050%2C600 3x"},"classes":[]},{"id":651,"url":"https:\/\/www.militia-christi.it\/sitoweb\/2023\/12\/15\/maria-crocifissa-di-rosa\/","url_meta":{"origin":1105,"position":4},"title":"Maria Crocifissa Di Rosa","author":"fvendola","date":"15 Dicembre 2023","format":false,"excerpt":"Maria Crocifissa Di Rosa, al secolo Paola Francesca Maria Di Rosa (Brescia, 6 novembre 1813 \u2013 Brescia, 15 dicembre 1855), \u00e8 stata una religiosa italiana, fondatrice della congregazionedelle Ancelle della Carit\u00e0; \u00e8 stata canonizzata da papa Pio XII nel 1954. Fatti in breve Santa Maria Crocifissa Di Rosa, Nascita ...\u2026","rel":"","context":"In &quot;Santi del Giorno&quot;","block_context":{"text":"Santi del Giorno","link":"https:\/\/www.militia-christi.it\/sitoweb\/category\/santi-del-giorno\/"},"img":{"alt_text":"","src":"https:\/\/i0.wp.com\/www.militia-christi.it\/sitoweb\/wp-content\/uploads\/2023\/12\/img_4765-1.jpg?fit=1200%2C893&ssl=1&resize=350%2C200","width":350,"height":200,"srcset":"https:\/\/i0.wp.com\/www.militia-christi.it\/sitoweb\/wp-content\/uploads\/2023\/12\/img_4765-1.jpg?fit=1200%2C893&ssl=1&resize=350%2C200 1x, https:\/\/i0.wp.com\/www.militia-christi.it\/sitoweb\/wp-content\/uploads\/2023\/12\/img_4765-1.jpg?fit=1200%2C893&ssl=1&resize=525%2C300 1.5x, https:\/\/i0.wp.com\/www.militia-christi.it\/sitoweb\/wp-content\/uploads\/2023\/12\/img_4765-1.jpg?fit=1200%2C893&ssl=1&resize=700%2C400 2x, https:\/\/i0.wp.com\/www.militia-christi.it\/sitoweb\/wp-content\/uploads\/2023\/12\/img_4765-1.jpg?fit=1200%2C893&ssl=1&resize=1050%2C600 3x"},"classes":[]},{"id":805,"url":"https:\/\/www.militia-christi.it\/sitoweb\/2023\/12\/30\/san-ruggero-di-canne\/","url_meta":{"origin":1105,"position":5},"title":"San Ruggero di Canne","author":"fvendola","date":"30 Dicembre 2023","format":false,"excerpt":"Ruggero di Canne\u00a0(Canne,\u00a01060\u00a0\u2013\u00a0Canne,\u00a030 dicembre\u00a01129) \u00e8 stato un\u00a0vescovoitaliano; \u00e8 venerato come\u00a0santo\u00a0dalla\u00a0Chiesa cattolica. Fatti in breve\u00a0San Ruggero di Canne, Nascita ... Biografia Ruggero fu eletto vescovo della citt\u00e0 di\u00a0Canne, dove era sorta una piccola diocesi gi\u00e0 dal\u00a0X secolo. Si trov\u00f2 cos\u00ec a reggere le sorti della sua citt\u00e0 natale, reduce della dolorosa\u2026","rel":"","context":"In &quot;Santi del Giorno&quot;","block_context":{"text":"Santi del Giorno","link":"https:\/\/www.militia-christi.it\/sitoweb\/category\/santi-del-giorno\/"},"img":{"alt_text":"","src":"https:\/\/i0.wp.com\/www.militia-christi.it\/sitoweb\/wp-content\/uploads\/2023\/12\/img_5274-1.png?resize=350%2C200&ssl=1","width":350,"height":200},"classes":[]}],"jetpack_sharing_enabled":true,"_links":{"self":[{"href":"https:\/\/www.militia-christi.it\/sitoweb\/wp-json\/wp\/v2\/posts\/1105","targetHints":{"allow":["GET"]}}],"collection":[{"href":"https:\/\/www.militia-christi.it\/sitoweb\/wp-json\/wp\/v2\/posts"}],"about":[{"href":"https:\/\/www.militia-christi.it\/sitoweb\/wp-json\/wp\/v2\/types\/post"}],"author":[{"embeddable":true,"href":"https:\/\/www.militia-christi.it\/sitoweb\/wp-json\/wp\/v2\/users\/2"}],"replies":[{"embeddable":true,"href":"https:\/\/www.militia-christi.it\/sitoweb\/wp-json\/wp\/v2\/comments?post=1105"}],"version-history":[{"count":1,"href":"https:\/\/www.militia-christi.it\/sitoweb\/wp-json\/wp\/v2\/posts\/1105\/revisions"}],"predecessor-version":[{"id":1106,"href":"https:\/\/www.militia-christi.it\/sitoweb\/wp-json\/wp\/v2\/posts\/1105\/revisions\/1106"}],"wp:featuredmedia":[{"embeddable":true,"href":"https:\/\/www.militia-christi.it\/sitoweb\/wp-json\/wp\/v2\/media\/1102"}],"wp:attachment":[{"href":"https:\/\/www.militia-christi.it\/sitoweb\/wp-json\/wp\/v2\/media?parent=1105"}],"wp:term":[{"taxonomy":"category","embeddable":true,"href":"https:\/\/www.militia-christi.it\/sitoweb\/wp-json\/wp\/v2\/categories?post=1105"},{"taxonomy":"post_tag","embeddable":true,"href":"https:\/\/www.militia-christi.it\/sitoweb\/wp-json\/wp\/v2\/tags?post=1105"}],"curies":[{"name":"wp","href":"https:\/\/api.w.org\/{rel}","templated":true}]}}