{"id":1109,"date":"2024-01-28T07:52:15","date_gmt":"2024-01-28T06:52:15","guid":{"rendered":"https:\/\/www.militia-christi.it\/sitoweb\/2024\/01\/28\/madre-teresa-di-calcutta-frase\/"},"modified":"2024-01-28T07:52:15","modified_gmt":"2024-01-28T06:52:15","slug":"madre-teresa-di-calcutta-frase","status":"publish","type":"post","link":"https:\/\/www.militia-christi.it\/sitoweb\/2024\/01\/28\/madre-teresa-di-calcutta-frase\/","title":{"rendered":"Madre Teresa di Calcutta &#8211; Frase"},"content":{"rendered":"\n<figure class=\"wp-block-image size-large\"><img data-recalc-dims=\"1\" fetchpriority=\"high\" decoding=\"async\" width=\"640\" height=\"900\" src=\"https:\/\/i0.wp.com\/www.militia-christi.it\/sitoweb\/wp-content\/uploads\/2024\/01\/2b6f8798-323c-4d38-8977-283c8f7b7475-1.jpg?resize=640%2C900&#038;ssl=1\" class=\"wp-image-1107\" srcset=\"https:\/\/i0.wp.com\/www.militia-christi.it\/sitoweb\/wp-content\/uploads\/2024\/01\/2b6f8798-323c-4d38-8977-283c8f7b7475-1.jpg?w=683&amp;ssl=1 683w, https:\/\/i0.wp.com\/www.militia-christi.it\/sitoweb\/wp-content\/uploads\/2024\/01\/2b6f8798-323c-4d38-8977-283c8f7b7475-1.jpg?resize=213%2C300&amp;ssl=1 213w\" sizes=\"(max-width: 640px) 100vw, 640px\" \/><figcaption class=\"wp-element-caption\">Madre Teresa di Calcutta<\/figcaption><\/figure>\n\n\n\n<p class=\"wp-block-paragraph\">Nata a Skopje, in Albania, il 26 agosto 1910 <strong>e<\/strong> morta a <strong>Calcutta<\/strong> il 5 settembre 1997, <strong>Madre Teresa \u00e8<\/strong> stata la fondatrice <strong>di<\/strong> una delle congregazioni religiose, le Missionarie della Carit\u00e0, pi\u00f9 presenti nei luoghi <strong>di<\/strong>sofferenza.<\/p>\n","protected":false},"excerpt":{"rendered":"<p>Nata a Skopje, in Albania, il 26 agosto 1910 e morta a Calcutta il 5 settembre 1997, Madre Teresa \u00e8 stata la fondatrice di una delle congregazioni religiose, le Missionarie [&hellip;]<\/p>\n","protected":false},"author":2,"featured_media":1108,"comment_status":"open","ping_status":"open","sticky":false,"template":"","format":"standard","meta":{"om_disable_all_campaigns":false,"_monsterinsights_skip_tracking":false,"_uf_show_specific_survey":0,"_uf_disable_surveys":false,"_jetpack_newsletter_access":"","_jetpack_dont_email_post_to_subs":false,"_jetpack_newsletter_tier_id":0,"_jetpack_memberships_contains_paywalled_content":false,"_jetpack_feature_clip_id":0,"_jetpack_memberships_contains_paid_content":false,"footnotes":"","jetpack_publicize_message":"","jetpack_publicize_feature_enabled":true,"jetpack_social_post_already_shared":true,"jetpack_social_options":{"image_generator_settings":{"template":"highway","default_image_id":0,"font":"","enabled":false},"version":2},"jetpack_post_was_ever_published":false},"categories":[164],"tags":[167,168,165,166],"class_list":["post-1109","post","type-post","status-publish","format-standard","has-post-thumbnail","hentry","category-preghiere-frasi-citazioni-clericali","tag-calcutta","tag-frase","tag-madre","tag-teresa"],"aioseo_notices":[],"aioseo_head":"\n\t\t<!-- All in One SEO 4.9.10 - aioseo.com -->\n\t<meta name=\"description\" content=\"Nata a Skopje, in Albania, il 26 agosto 1910 e morta a Calcutta il 5 settembre 1997, Madre Teresa \u00e8 stata la fondatrice di una delle congregazioni religiose, le Missionarie della Carit\u00e0, pi\u00f9 presenti nei luoghi disofferenza.\" \/>\n\t<meta name=\"robots\" content=\"max-image-preview:large\" \/>\n\t<meta name=\"author\" content=\"Admin Admin\"\/>\n\t<link rel=\"canonical\" href=\"https:\/\/www.militia-christi.it\/sitoweb\/2024\/01\/28\/madre-teresa-di-calcutta-frase\/\" \/>\n\t<meta name=\"generator\" content=\"All in One SEO (AIOSEO) 4.9.10\" \/>\n\t\t<meta property=\"og:locale\" content=\"it_IT\" \/>\n\t\t<meta property=\"og:site_name\" content=\"I Templari: Poveri Cavalieri di Cristo del Tempio di Salomone - Non nobis Domine, non nobis, sed nomini tuo da gloriam\" \/>\n\t\t<meta property=\"og:type\" content=\"article\" \/>\n\t\t<meta property=\"og:title\" content=\"Madre Teresa di Calcutta \u2013 Frase - I Templari: Poveri Cavalieri di Cristo del Tempio di Salomone\" \/>\n\t\t<meta property=\"og:description\" content=\"Nata a Skopje, in Albania, il 26 agosto 1910 e morta a Calcutta il 5 settembre 1997, Madre Teresa \u00e8 stata la fondatrice di una delle congregazioni religiose, le Missionarie della Carit\u00e0, pi\u00f9 presenti nei luoghi disofferenza.\" \/>\n\t\t<meta property=\"og:url\" content=\"https:\/\/www.militia-christi.it\/sitoweb\/2024\/01\/28\/madre-teresa-di-calcutta-frase\/\" \/>\n\t\t<meta property=\"og:image\" content=\"https:\/\/i0.wp.com\/www.militia-christi.it\/sitoweb\/wp-content\/uploads\/2024\/02\/LOGO-SMALL.png?fit=200%2C200&#038;ssl=1\" \/>\n\t\t<meta property=\"og:image:secure_url\" content=\"https:\/\/i0.wp.com\/www.militia-christi.it\/sitoweb\/wp-content\/uploads\/2024\/02\/LOGO-SMALL.png?fit=200%2C200&#038;ssl=1\" \/>\n\t\t<meta property=\"article:published_time\" content=\"2024-01-28T06:52:15+00:00\" \/>\n\t\t<meta property=\"article:modified_time\" content=\"2024-01-28T06:52:15+00:00\" \/>\n\t\t<meta name=\"twitter:card\" content=\"summary_large_image\" \/>\n\t\t<meta name=\"twitter:title\" content=\"Madre Teresa di Calcutta \u2013 Frase - I Templari: Poveri Cavalieri di Cristo del Tempio di Salomone\" \/>\n\t\t<meta name=\"twitter:description\" content=\"Nata a Skopje, in Albania, il 26 agosto 1910 e morta a Calcutta il 5 settembre 1997, Madre Teresa \u00e8 stata la fondatrice di una delle congregazioni religiose, le Missionarie della Carit\u00e0, pi\u00f9 presenti nei luoghi disofferenza.\" \/>\n\t\t<meta name=\"twitter:image\" content=\"https:\/\/i0.wp.com\/www.militia-christi.it\/sitoweb\/wp-content\/uploads\/2024\/02\/LOGO-SMALL.png?fit=200%2C200&amp;ssl=1\" \/>\n\t\t<script type=\"application\/ld+json\" class=\"aioseo-schema\">\n\t\t\t{\"@context\":\"https:\\\/\\\/schema.org\",\"@graph\":[{\"@type\":\"BlogPosting\",\"@id\":\"https:\\\/\\\/www.militia-christi.it\\\/sitoweb\\\/2024\\\/01\\\/28\\\/madre-teresa-di-calcutta-frase\\\/#blogposting\",\"name\":\"Madre Teresa di Calcutta \\u2013 Frase - I Templari: Poveri Cavalieri di Cristo del Tempio di Salomone\",\"headline\":\"Madre Teresa di Calcutta &#8211; Frase\",\"author\":{\"@id\":\"https:\\\/\\\/www.militia-christi.it\\\/sitoweb\\\/author\\\/administrator\\\/#author\"},\"publisher\":{\"@id\":\"https:\\\/\\\/www.militia-christi.it\\\/sitoweb\\\/#organization\"},\"image\":{\"@type\":\"ImageObject\",\"url\":\"https:\\\/\\\/i0.wp.com\\\/www.militia-christi.it\\\/sitoweb\\\/wp-content\\\/uploads\\\/2024\\\/01\\\/img_6043-1.jpg?fit=1000%2C666&ssl=1\",\"width\":1000,\"height\":666},\"datePublished\":\"2024-01-28T07:52:15+01:00\",\"dateModified\":\"2024-01-28T07:52:15+01:00\",\"inLanguage\":\"it-IT\",\"mainEntityOfPage\":{\"@id\":\"https:\\\/\\\/www.militia-christi.it\\\/sitoweb\\\/2024\\\/01\\\/28\\\/madre-teresa-di-calcutta-frase\\\/#webpage\"},\"isPartOf\":{\"@id\":\"https:\\\/\\\/www.militia-christi.it\\\/sitoweb\\\/2024\\\/01\\\/28\\\/madre-teresa-di-calcutta-frase\\\/#webpage\"},\"articleSection\":\"Preghiere, Frasi, Citazioni clericali, Calcutta, frase, madre, Teresa\"},{\"@type\":\"BreadcrumbList\",\"@id\":\"https:\\\/\\\/www.militia-christi.it\\\/sitoweb\\\/2024\\\/01\\\/28\\\/madre-teresa-di-calcutta-frase\\\/#breadcrumblist\",\"itemListElement\":[{\"@type\":\"ListItem\",\"@id\":\"https:\\\/\\\/www.militia-christi.it\\\/sitoweb#listItem\",\"position\":1,\"name\":\"Home\",\"item\":\"https:\\\/\\\/www.militia-christi.it\\\/sitoweb\",\"nextItem\":{\"@type\":\"ListItem\",\"@id\":\"https:\\\/\\\/www.militia-christi.it\\\/sitoweb\\\/category\\\/documenti-realizzati-da-cavalieri-o-dame\\\/#listItem\",\"name\":\"Documenti realizzati da Cavalieri o Dame\"}},{\"@type\":\"ListItem\",\"@id\":\"https:\\\/\\\/www.militia-christi.it\\\/sitoweb\\\/category\\\/documenti-realizzati-da-cavalieri-o-dame\\\/#listItem\",\"position\":2,\"name\":\"Documenti realizzati da Cavalieri o Dame\",\"item\":\"https:\\\/\\\/www.militia-christi.it\\\/sitoweb\\\/category\\\/documenti-realizzati-da-cavalieri-o-dame\\\/\",\"nextItem\":{\"@type\":\"ListItem\",\"@id\":\"https:\\\/\\\/www.militia-christi.it\\\/sitoweb\\\/category\\\/documenti-realizzati-da-cavalieri-o-dame\\\/preghiere-frasi-citazioni-clericali\\\/#listItem\",\"name\":\"Preghiere, Frasi, Citazioni clericali\"},\"previousItem\":{\"@type\":\"ListItem\",\"@id\":\"https:\\\/\\\/www.militia-christi.it\\\/sitoweb#listItem\",\"name\":\"Home\"}},{\"@type\":\"ListItem\",\"@id\":\"https:\\\/\\\/www.militia-christi.it\\\/sitoweb\\\/category\\\/documenti-realizzati-da-cavalieri-o-dame\\\/preghiere-frasi-citazioni-clericali\\\/#listItem\",\"position\":3,\"name\":\"Preghiere, Frasi, Citazioni clericali\",\"item\":\"https:\\\/\\\/www.militia-christi.it\\\/sitoweb\\\/category\\\/documenti-realizzati-da-cavalieri-o-dame\\\/preghiere-frasi-citazioni-clericali\\\/\",\"nextItem\":{\"@type\":\"ListItem\",\"@id\":\"https:\\\/\\\/www.militia-christi.it\\\/sitoweb\\\/2024\\\/01\\\/28\\\/madre-teresa-di-calcutta-frase\\\/#listItem\",\"name\":\"Madre Teresa di Calcutta &#8211; Frase\"},\"previousItem\":{\"@type\":\"ListItem\",\"@id\":\"https:\\\/\\\/www.militia-christi.it\\\/sitoweb\\\/category\\\/documenti-realizzati-da-cavalieri-o-dame\\\/#listItem\",\"name\":\"Documenti realizzati da Cavalieri o Dame\"}},{\"@type\":\"ListItem\",\"@id\":\"https:\\\/\\\/www.militia-christi.it\\\/sitoweb\\\/2024\\\/01\\\/28\\\/madre-teresa-di-calcutta-frase\\\/#listItem\",\"position\":4,\"name\":\"Madre Teresa di Calcutta &#8211; Frase\",\"previousItem\":{\"@type\":\"ListItem\",\"@id\":\"https:\\\/\\\/www.militia-christi.it\\\/sitoweb\\\/category\\\/documenti-realizzati-da-cavalieri-o-dame\\\/preghiere-frasi-citazioni-clericali\\\/#listItem\",\"name\":\"Preghiere, Frasi, Citazioni clericali\"}}]},{\"@type\":\"Organization\",\"@id\":\"https:\\\/\\\/www.militia-christi.it\\\/sitoweb\\\/#organization\",\"name\":\"MILITIA CHRISTI Ordine Religioso\",\"description\":\"Non nobis Domine, non nobis, sed nomini tuo da gloriam\",\"url\":\"https:\\\/\\\/www.militia-christi.it\\\/sitoweb\\\/\",\"logo\":{\"@type\":\"ImageObject\",\"url\":\"https:\\\/\\\/i0.wp.com\\\/www.militia-christi.it\\\/sitoweb\\\/wp-content\\\/uploads\\\/2024\\\/02\\\/LOGO-SMALL.png?fit=200%2C200&ssl=1\",\"@id\":\"https:\\\/\\\/www.militia-christi.it\\\/sitoweb\\\/2024\\\/01\\\/28\\\/madre-teresa-di-calcutta-frase\\\/#organizationLogo\",\"width\":200,\"height\":200},\"image\":{\"@id\":\"https:\\\/\\\/www.militia-christi.it\\\/sitoweb\\\/2024\\\/01\\\/28\\\/madre-teresa-di-calcutta-frase\\\/#organizationLogo\"}},{\"@type\":\"Person\",\"@id\":\"https:\\\/\\\/www.militia-christi.it\\\/sitoweb\\\/author\\\/administrator\\\/#author\",\"url\":\"https:\\\/\\\/www.militia-christi.it\\\/sitoweb\\\/author\\\/administrator\\\/\",\"name\":\"Admin Admin\",\"image\":{\"@type\":\"ImageObject\",\"@id\":\"https:\\\/\\\/www.militia-christi.it\\\/sitoweb\\\/2024\\\/01\\\/28\\\/madre-teresa-di-calcutta-frase\\\/#authorImage\",\"url\":\"https:\\\/\\\/secure.gravatar.com\\\/avatar\\\/f2a244d67cfedff29fee2b22d51bd7bb01d2dbad1318dbdacd924119f7983b60?s=96&d=mm&r=g\",\"width\":96,\"height\":96,\"caption\":\"Admin Admin\"}},{\"@type\":\"WebPage\",\"@id\":\"https:\\\/\\\/www.militia-christi.it\\\/sitoweb\\\/2024\\\/01\\\/28\\\/madre-teresa-di-calcutta-frase\\\/#webpage\",\"url\":\"https:\\\/\\\/www.militia-christi.it\\\/sitoweb\\\/2024\\\/01\\\/28\\\/madre-teresa-di-calcutta-frase\\\/\",\"name\":\"Madre Teresa di Calcutta \\u2013 Frase - I Templari: Poveri Cavalieri di Cristo del Tempio di Salomone\",\"description\":\"Nata a Skopje, in Albania, il 26 agosto 1910 e morta a Calcutta il 5 settembre 1997, Madre Teresa \\u00e8 stata la fondatrice di una delle congregazioni religiose, le Missionarie della Carit\\u00e0, pi\\u00f9 presenti nei luoghi disofferenza.\",\"inLanguage\":\"it-IT\",\"isPartOf\":{\"@id\":\"https:\\\/\\\/www.militia-christi.it\\\/sitoweb\\\/#website\"},\"breadcrumb\":{\"@id\":\"https:\\\/\\\/www.militia-christi.it\\\/sitoweb\\\/2024\\\/01\\\/28\\\/madre-teresa-di-calcutta-frase\\\/#breadcrumblist\"},\"author\":{\"@id\":\"https:\\\/\\\/www.militia-christi.it\\\/sitoweb\\\/author\\\/administrator\\\/#author\"},\"creator\":{\"@id\":\"https:\\\/\\\/www.militia-christi.it\\\/sitoweb\\\/author\\\/administrator\\\/#author\"},\"image\":{\"@type\":\"ImageObject\",\"url\":\"https:\\\/\\\/i0.wp.com\\\/www.militia-christi.it\\\/sitoweb\\\/wp-content\\\/uploads\\\/2024\\\/01\\\/img_6043-1.jpg?fit=1000%2C666&ssl=1\",\"@id\":\"https:\\\/\\\/www.militia-christi.it\\\/sitoweb\\\/2024\\\/01\\\/28\\\/madre-teresa-di-calcutta-frase\\\/#mainImage\",\"width\":1000,\"height\":666},\"primaryImageOfPage\":{\"@id\":\"https:\\\/\\\/www.militia-christi.it\\\/sitoweb\\\/2024\\\/01\\\/28\\\/madre-teresa-di-calcutta-frase\\\/#mainImage\"},\"datePublished\":\"2024-01-28T07:52:15+01:00\",\"dateModified\":\"2024-01-28T07:52:15+01:00\"},{\"@type\":\"WebSite\",\"@id\":\"https:\\\/\\\/www.militia-christi.it\\\/sitoweb\\\/#website\",\"url\":\"https:\\\/\\\/www.militia-christi.it\\\/sitoweb\\\/\",\"name\":\"MILITIA CHRISTI Ordine Religioso\",\"description\":\"Non nobis Domine, non nobis, sed nomini tuo da gloriam\",\"inLanguage\":\"it-IT\",\"publisher\":{\"@id\":\"https:\\\/\\\/www.militia-christi.it\\\/sitoweb\\\/#organization\"}}]}\n\t\t<\/script>\n\t\t<!-- All in One SEO -->\n\n","aioseo_head_json":{"title":"Madre Teresa di Calcutta \u2013 Frase - I Templari: Poveri Cavalieri di Cristo del Tempio di Salomone","description":"Nata a Skopje, in Albania, il 26 agosto 1910 e morta a Calcutta il 5 settembre 1997, Madre Teresa \u00e8 stata la fondatrice di una delle congregazioni religiose, le Missionarie della Carit\u00e0, pi\u00f9 presenti nei luoghi disofferenza.","canonical_url":"https:\/\/www.militia-christi.it\/sitoweb\/2024\/01\/28\/madre-teresa-di-calcutta-frase\/","robots":"max-image-preview:large","keywords":"","webmasterTools":{"miscellaneous":""},"schema":{"@context":"https:\/\/schema.org","@graph":[{"@type":"BlogPosting","@id":"https:\/\/www.militia-christi.it\/sitoweb\/2024\/01\/28\/madre-teresa-di-calcutta-frase\/#blogposting","name":"Madre Teresa di Calcutta \u2013 Frase - I Templari: Poveri Cavalieri di Cristo del Tempio di Salomone","headline":"Madre Teresa di Calcutta &#8211; Frase","author":{"@id":"https:\/\/www.militia-christi.it\/sitoweb\/author\/administrator\/#author"},"publisher":{"@id":"https:\/\/www.militia-christi.it\/sitoweb\/#organization"},"image":{"@type":"ImageObject","url":"https:\/\/i0.wp.com\/www.militia-christi.it\/sitoweb\/wp-content\/uploads\/2024\/01\/img_6043-1.jpg?fit=1000%2C666&ssl=1","width":1000,"height":666},"datePublished":"2024-01-28T07:52:15+01:00","dateModified":"2024-01-28T07:52:15+01:00","inLanguage":"it-IT","mainEntityOfPage":{"@id":"https:\/\/www.militia-christi.it\/sitoweb\/2024\/01\/28\/madre-teresa-di-calcutta-frase\/#webpage"},"isPartOf":{"@id":"https:\/\/www.militia-christi.it\/sitoweb\/2024\/01\/28\/madre-teresa-di-calcutta-frase\/#webpage"},"articleSection":"Preghiere, Frasi, Citazioni clericali, Calcutta, frase, madre, Teresa"},{"@type":"BreadcrumbList","@id":"https:\/\/www.militia-christi.it\/sitoweb\/2024\/01\/28\/madre-teresa-di-calcutta-frase\/#breadcrumblist","itemListElement":[{"@type":"ListItem","@id":"https:\/\/www.militia-christi.it\/sitoweb#listItem","position":1,"name":"Home","item":"https:\/\/www.militia-christi.it\/sitoweb","nextItem":{"@type":"ListItem","@id":"https:\/\/www.militia-christi.it\/sitoweb\/category\/documenti-realizzati-da-cavalieri-o-dame\/#listItem","name":"Documenti realizzati da Cavalieri o Dame"}},{"@type":"ListItem","@id":"https:\/\/www.militia-christi.it\/sitoweb\/category\/documenti-realizzati-da-cavalieri-o-dame\/#listItem","position":2,"name":"Documenti realizzati da Cavalieri o Dame","item":"https:\/\/www.militia-christi.it\/sitoweb\/category\/documenti-realizzati-da-cavalieri-o-dame\/","nextItem":{"@type":"ListItem","@id":"https:\/\/www.militia-christi.it\/sitoweb\/category\/documenti-realizzati-da-cavalieri-o-dame\/preghiere-frasi-citazioni-clericali\/#listItem","name":"Preghiere, Frasi, Citazioni clericali"},"previousItem":{"@type":"ListItem","@id":"https:\/\/www.militia-christi.it\/sitoweb#listItem","name":"Home"}},{"@type":"ListItem","@id":"https:\/\/www.militia-christi.it\/sitoweb\/category\/documenti-realizzati-da-cavalieri-o-dame\/preghiere-frasi-citazioni-clericali\/#listItem","position":3,"name":"Preghiere, Frasi, Citazioni clericali","item":"https:\/\/www.militia-christi.it\/sitoweb\/category\/documenti-realizzati-da-cavalieri-o-dame\/preghiere-frasi-citazioni-clericali\/","nextItem":{"@type":"ListItem","@id":"https:\/\/www.militia-christi.it\/sitoweb\/2024\/01\/28\/madre-teresa-di-calcutta-frase\/#listItem","name":"Madre Teresa di Calcutta &#8211; Frase"},"previousItem":{"@type":"ListItem","@id":"https:\/\/www.militia-christi.it\/sitoweb\/category\/documenti-realizzati-da-cavalieri-o-dame\/#listItem","name":"Documenti realizzati da Cavalieri o Dame"}},{"@type":"ListItem","@id":"https:\/\/www.militia-christi.it\/sitoweb\/2024\/01\/28\/madre-teresa-di-calcutta-frase\/#listItem","position":4,"name":"Madre Teresa di Calcutta &#8211; Frase","previousItem":{"@type":"ListItem","@id":"https:\/\/www.militia-christi.it\/sitoweb\/category\/documenti-realizzati-da-cavalieri-o-dame\/preghiere-frasi-citazioni-clericali\/#listItem","name":"Preghiere, Frasi, Citazioni clericali"}}]},{"@type":"Organization","@id":"https:\/\/www.militia-christi.it\/sitoweb\/#organization","name":"MILITIA CHRISTI Ordine Religioso","description":"Non nobis Domine, non nobis, sed nomini tuo da gloriam","url":"https:\/\/www.militia-christi.it\/sitoweb\/","logo":{"@type":"ImageObject","url":"https:\/\/i0.wp.com\/www.militia-christi.it\/sitoweb\/wp-content\/uploads\/2024\/02\/LOGO-SMALL.png?fit=200%2C200&ssl=1","@id":"https:\/\/www.militia-christi.it\/sitoweb\/2024\/01\/28\/madre-teresa-di-calcutta-frase\/#organizationLogo","width":200,"height":200},"image":{"@id":"https:\/\/www.militia-christi.it\/sitoweb\/2024\/01\/28\/madre-teresa-di-calcutta-frase\/#organizationLogo"}},{"@type":"Person","@id":"https:\/\/www.militia-christi.it\/sitoweb\/author\/administrator\/#author","url":"https:\/\/www.militia-christi.it\/sitoweb\/author\/administrator\/","name":"Admin Admin","image":{"@type":"ImageObject","@id":"https:\/\/www.militia-christi.it\/sitoweb\/2024\/01\/28\/madre-teresa-di-calcutta-frase\/#authorImage","url":"https:\/\/secure.gravatar.com\/avatar\/f2a244d67cfedff29fee2b22d51bd7bb01d2dbad1318dbdacd924119f7983b60?s=96&d=mm&r=g","width":96,"height":96,"caption":"Admin Admin"}},{"@type":"WebPage","@id":"https:\/\/www.militia-christi.it\/sitoweb\/2024\/01\/28\/madre-teresa-di-calcutta-frase\/#webpage","url":"https:\/\/www.militia-christi.it\/sitoweb\/2024\/01\/28\/madre-teresa-di-calcutta-frase\/","name":"Madre Teresa di Calcutta \u2013 Frase - I Templari: Poveri Cavalieri di Cristo del Tempio di Salomone","description":"Nata a Skopje, in Albania, il 26 agosto 1910 e morta a Calcutta il 5 settembre 1997, Madre Teresa \u00e8 stata la fondatrice di una delle congregazioni religiose, le Missionarie della Carit\u00e0, pi\u00f9 presenti nei luoghi disofferenza.","inLanguage":"it-IT","isPartOf":{"@id":"https:\/\/www.militia-christi.it\/sitoweb\/#website"},"breadcrumb":{"@id":"https:\/\/www.militia-christi.it\/sitoweb\/2024\/01\/28\/madre-teresa-di-calcutta-frase\/#breadcrumblist"},"author":{"@id":"https:\/\/www.militia-christi.it\/sitoweb\/author\/administrator\/#author"},"creator":{"@id":"https:\/\/www.militia-christi.it\/sitoweb\/author\/administrator\/#author"},"image":{"@type":"ImageObject","url":"https:\/\/i0.wp.com\/www.militia-christi.it\/sitoweb\/wp-content\/uploads\/2024\/01\/img_6043-1.jpg?fit=1000%2C666&ssl=1","@id":"https:\/\/www.militia-christi.it\/sitoweb\/2024\/01\/28\/madre-teresa-di-calcutta-frase\/#mainImage","width":1000,"height":666},"primaryImageOfPage":{"@id":"https:\/\/www.militia-christi.it\/sitoweb\/2024\/01\/28\/madre-teresa-di-calcutta-frase\/#mainImage"},"datePublished":"2024-01-28T07:52:15+01:00","dateModified":"2024-01-28T07:52:15+01:00"},{"@type":"WebSite","@id":"https:\/\/www.militia-christi.it\/sitoweb\/#website","url":"https:\/\/www.militia-christi.it\/sitoweb\/","name":"MILITIA CHRISTI Ordine Religioso","description":"Non nobis Domine, non nobis, sed nomini tuo da gloriam","inLanguage":"it-IT","publisher":{"@id":"https:\/\/www.militia-christi.it\/sitoweb\/#organization"}}]},"og:locale":"it_IT","og:site_name":"I Templari: Poveri Cavalieri di Cristo del Tempio di Salomone - Non nobis Domine, non nobis, sed nomini tuo da gloriam","og:type":"article","og:title":"Madre Teresa di Calcutta \u2013 Frase - I Templari: Poveri Cavalieri di Cristo del Tempio di Salomone","og:description":"Nata a Skopje, in Albania, il 26 agosto 1910 e morta a Calcutta il 5 settembre 1997, Madre Teresa \u00e8 stata la fondatrice di una delle congregazioni religiose, le Missionarie della Carit\u00e0, pi\u00f9 presenti nei luoghi disofferenza.","og:url":"https:\/\/www.militia-christi.it\/sitoweb\/2024\/01\/28\/madre-teresa-di-calcutta-frase\/","og:image":"https:\/\/i0.wp.com\/www.militia-christi.it\/sitoweb\/wp-content\/uploads\/2024\/02\/LOGO-SMALL.png?fit=200%2C200&#038;ssl=1","og:image:secure_url":"https:\/\/i0.wp.com\/www.militia-christi.it\/sitoweb\/wp-content\/uploads\/2024\/02\/LOGO-SMALL.png?fit=200%2C200&#038;ssl=1","article:published_time":"2024-01-28T06:52:15+00:00","article:modified_time":"2024-01-28T06:52:15+00:00","twitter:card":"summary_large_image","twitter:title":"Madre Teresa di Calcutta \u2013 Frase - I Templari: Poveri Cavalieri di Cristo del Tempio di Salomone","twitter:description":"Nata a Skopje, in Albania, il 26 agosto 1910 e morta a Calcutta il 5 settembre 1997, Madre Teresa \u00e8 stata la fondatrice di una delle congregazioni religiose, le Missionarie della Carit\u00e0, pi\u00f9 presenti nei luoghi disofferenza.","twitter:image":"https:\/\/i0.wp.com\/www.militia-christi.it\/sitoweb\/wp-content\/uploads\/2024\/02\/LOGO-SMALL.png?fit=200%2C200&ssl=1"},"aioseo_meta_data":{"post_id":"1109","title":null,"description":null,"keywords":null,"keyphrases":null,"primary_term":null,"canonical_url":null,"og_title":null,"og_description":null,"og_object_type":"default","og_image_type":"default","og_image_url":null,"og_image_width":null,"og_image_height":null,"og_image_custom_url":null,"og_image_custom_fields":null,"og_video":null,"og_custom_url":null,"og_article_section":null,"og_article_tags":null,"twitter_use_og":false,"twitter_card":"default","twitter_image_type":"default","twitter_image_url":null,"twitter_image_custom_url":null,"twitter_image_custom_fields":null,"twitter_title":null,"twitter_description":null,"schema":{"blockGraphs":[],"customGraphs":[],"default":{"data":{"Article":[],"Course":[],"Dataset":[],"FAQPage":[],"Movie":[],"Person":[],"Product":[],"ProductReview":[],"Car":[],"Recipe":[],"Service":[],"SoftwareApplication":[],"WebPage":[]},"graphName":"","isEnabled":true},"graphs":[]},"schema_type":"default","schema_type_options":null,"pillar_content":false,"robots_default":true,"robots_noindex":false,"robots_noarchive":false,"robots_nosnippet":false,"robots_nofollow":false,"robots_noimageindex":false,"robots_noodp":false,"robots_notranslate":false,"robots_max_snippet":null,"robots_max_videopreview":null,"robots_max_imagepreview":"large","priority":null,"frequency":null,"local_seo":null,"breadcrumb_settings":null,"limit_modified_date":false,"ai":null,"created":"2024-01-28 06:55:08","updated":"2025-09-29 11:33:00","seo_analyzer_scan_date":null},"aioseo_breadcrumb":"<div class=\"aioseo-breadcrumbs\"><span class=\"aioseo-breadcrumb\">\n\t\t\t<a href=\"https:\/\/www.militia-christi.it\/sitoweb\" title=\"Home\">Home<\/a>\n\t\t<\/span><span class=\"aioseo-breadcrumb-separator\">&raquo;<\/span><span class=\"aioseo-breadcrumb\">\n\t\t\t<a href=\"https:\/\/www.militia-christi.it\/sitoweb\/category\/documenti-realizzati-da-cavalieri-o-dame\/\" title=\"Documenti realizzati da Cavalieri o Dame\">Documenti realizzati da Cavalieri o Dame<\/a>\n\t\t<\/span><span class=\"aioseo-breadcrumb-separator\">&raquo;<\/span><span class=\"aioseo-breadcrumb\">\n\t\t\t<a href=\"https:\/\/www.militia-christi.it\/sitoweb\/category\/documenti-realizzati-da-cavalieri-o-dame\/preghiere-frasi-citazioni-clericali\/\" title=\"Preghiere, Frasi, Citazioni clericali\">Preghiere, Frasi, Citazioni clericali<\/a>\n\t\t<\/span><span class=\"aioseo-breadcrumb-separator\">&raquo;<\/span><span class=\"aioseo-breadcrumb\">\n\t\t\tMadre Teresa di Calcutta \u2013 Frase\n\t\t<\/span><\/div>","aioseo_breadcrumb_json":[{"label":"Home","link":"https:\/\/www.militia-christi.it\/sitoweb"},{"label":"Documenti realizzati da Cavalieri o Dame","link":"https:\/\/www.militia-christi.it\/sitoweb\/category\/documenti-realizzati-da-cavalieri-o-dame\/"},{"label":"Preghiere, Frasi, Citazioni clericali","link":"https:\/\/www.militia-christi.it\/sitoweb\/category\/documenti-realizzati-da-cavalieri-o-dame\/preghiere-frasi-citazioni-clericali\/"},{"label":"Madre Teresa di Calcutta &#8211; Frase","link":"https:\/\/www.militia-christi.it\/sitoweb\/2024\/01\/28\/madre-teresa-di-calcutta-frase\/"}],"jetpack_publicize_connections":[],"jetpack_featured_media_url":"https:\/\/i0.wp.com\/www.militia-christi.it\/sitoweb\/wp-content\/uploads\/2024\/01\/img_6043-1.jpg?fit=1000%2C666&ssl=1","jetpack-related-posts":[{"id":647,"url":"https:\/\/www.militia-christi.it\/sitoweb\/2023\/12\/14\/san-giovanni-della-croce\/","url_meta":{"origin":1109,"position":0},"title":"San Giovanni della Croce","author":"fvendola","date":"14 Dicembre 2023","format":false,"excerpt":"Giovanni della Croce, al secolo\u00a0Juan de Yepes \u00c1lvarez\u00a0(in spagnolo:\u00a0Juan de la Cruz;\u00a0Fontiveros,\u00a024 giugno\u00a01542\u00a0\u2013\u00a0\u00dabeda,\u00a014 dicembre\u00a01591), \u00e8 stato un\u00a0presbitero\u00a0e\u00a0santospagnolo, cofondatore dell'Ordine dei Carmelitani Scalzi. \u00abL'anima che vuole salire sul monte della perfezione deve rinunciare a tutte le cose\u00bb (Giovanni della Croce,\u00a0Salita del Monte Carmelo, 1579-1585) Fatti in breve\u00a0San Giovanni della Croce, Nascita\u2026","rel":"","context":"In &quot;Santi del Giorno&quot;","block_context":{"text":"Santi del Giorno","link":"https:\/\/www.militia-christi.it\/sitoweb\/category\/santi-del-giorno\/"},"img":{"alt_text":"","src":"https:\/\/i0.wp.com\/www.militia-christi.it\/sitoweb\/wp-content\/uploads\/2023\/12\/img_4732-1.jpg?resize=350%2C200&ssl=1","width":350,"height":200},"classes":[]},{"id":640,"url":"https:\/\/www.militia-christi.it\/sitoweb\/2023\/12\/13\/santa-lucia-di-siracusa\/","url_meta":{"origin":1109,"position":1},"title":"Santa Lucia di Siracusa","author":"fvendola","date":"13 Dicembre 2023","format":false,"excerpt":"Lucia (Siracusa, 283 \u2013 Siracusa, 13 dicembre 304), fu una martire cristiana a causa della grande persecuzione dei cristiani sotto Diocleziano, agli inizi del IV secolo. \u00c8 venerata come santa dalla Chiesa cattolica e dalla Chiesa ortodossa che ne onorano la memoria il 13 dicembre. \u00c8 una delle sette vergini\u2026","rel":"","context":"In &quot;Santi del Giorno&quot;","block_context":{"text":"Santi del Giorno","link":"https:\/\/www.militia-christi.it\/sitoweb\/category\/santi-del-giorno\/"},"img":{"alt_text":"","src":"https:\/\/i0.wp.com\/www.militia-christi.it\/sitoweb\/wp-content\/uploads\/2023\/12\/img_4712-1.jpg?fit=1024%2C768&ssl=1&resize=350%2C200","width":350,"height":200,"srcset":"https:\/\/i0.wp.com\/www.militia-christi.it\/sitoweb\/wp-content\/uploads\/2023\/12\/img_4712-1.jpg?fit=1024%2C768&ssl=1&resize=350%2C200 1x, https:\/\/i0.wp.com\/www.militia-christi.it\/sitoweb\/wp-content\/uploads\/2023\/12\/img_4712-1.jpg?fit=1024%2C768&ssl=1&resize=525%2C300 1.5x, https:\/\/i0.wp.com\/www.militia-christi.it\/sitoweb\/wp-content\/uploads\/2023\/12\/img_4712-1.jpg?fit=1024%2C768&ssl=1&resize=700%2C400 2x"},"classes":[]},{"id":415,"url":"https:\/\/www.militia-christi.it\/sitoweb\/2023\/08\/04\/preghiera-mariana-di-bernardo-di-chiaravalle\/","url_meta":{"origin":1109,"position":2},"title":"Preghiera Mariana di Bernardo di Chiaravalle","author":"fvendola","date":"4 Agosto 2023","format":false,"excerpt":"PREGHIERA ALLA VERGINEDI SAN BERNARDO DI CHIARAVALLERicordati, o\u00a0 \u00a0vergine Maria,che non si \u00e8 mai uditoche alcuno,ricorrendo al tuo patrocinio,implorando il tuo aiutoe la tua protezione,sia stato da te abbandonato.Animato da tale confidenza,a te ricorro,o vergine delle vergini e madre mia,a te io vengo e davanti a te me ne sto,povero\u2026","rel":"","context":"In &quot;Preghiere dei Templari&quot;","block_context":{"text":"Preghiere dei Templari","link":"https:\/\/www.militia-christi.it\/sitoweb\/category\/preghiere-dei-templari\/"},"img":{"alt_text":"","src":"https:\/\/i0.wp.com\/www.militia-christi.it\/sitoweb\/wp-content\/uploads\/2023\/07\/img_2099.jpg?fit=201%2C250&ssl=1&resize=350%2C200","width":350,"height":200},"classes":[]},{"id":651,"url":"https:\/\/www.militia-christi.it\/sitoweb\/2023\/12\/15\/maria-crocifissa-di-rosa\/","url_meta":{"origin":1109,"position":3},"title":"Maria Crocifissa Di Rosa","author":"fvendola","date":"15 Dicembre 2023","format":false,"excerpt":"Maria Crocifissa Di Rosa, al secolo Paola Francesca Maria Di Rosa (Brescia, 6 novembre 1813 \u2013 Brescia, 15 dicembre 1855), \u00e8 stata una religiosa italiana, fondatrice della congregazionedelle Ancelle della Carit\u00e0; \u00e8 stata canonizzata da papa Pio XII nel 1954. Fatti in breve Santa Maria Crocifissa Di Rosa, Nascita ...\u2026","rel":"","context":"In &quot;Santi del Giorno&quot;","block_context":{"text":"Santi del Giorno","link":"https:\/\/www.militia-christi.it\/sitoweb\/category\/santi-del-giorno\/"},"img":{"alt_text":"","src":"https:\/\/i0.wp.com\/www.militia-christi.it\/sitoweb\/wp-content\/uploads\/2023\/12\/img_4765-1.jpg?fit=1200%2C893&ssl=1&resize=350%2C200","width":350,"height":200,"srcset":"https:\/\/i0.wp.com\/www.militia-christi.it\/sitoweb\/wp-content\/uploads\/2023\/12\/img_4765-1.jpg?fit=1200%2C893&ssl=1&resize=350%2C200 1x, https:\/\/i0.wp.com\/www.militia-christi.it\/sitoweb\/wp-content\/uploads\/2023\/12\/img_4765-1.jpg?fit=1200%2C893&ssl=1&resize=525%2C300 1.5x, https:\/\/i0.wp.com\/www.militia-christi.it\/sitoweb\/wp-content\/uploads\/2023\/12\/img_4765-1.jpg?fit=1200%2C893&ssl=1&resize=700%2C400 2x, https:\/\/i0.wp.com\/www.militia-christi.it\/sitoweb\/wp-content\/uploads\/2023\/12\/img_4765-1.jpg?fit=1200%2C893&ssl=1&resize=1050%2C600 3x"},"classes":[]},{"id":1091,"url":"https:\/\/www.militia-christi.it\/sitoweb\/2024\/01\/15\/santa-maria-e-i-templari\/","url_meta":{"origin":1109,"position":4},"title":"Santa Maria e i Templari","author":"fvendola","date":"15 Gennaio 2024","format":false,"excerpt":"Il culto Mariano \u00e8 da sempre nel Cuore dei Templari, i quali furono grandi devoti della Vergine Maria e contribuirono a diffonderlo in tutta Europa, erigendo centinaia di chiese a Lei dedicate. I Templari, uomini di profonda spiritualit\u00e0, testimoni della Fede in Ges\u00f9 Cristo, avevano un saldo credo viscerale nei\u2026","rel":"","context":"In &quot;Documenti realizzati da Cavalieri o Dame&quot;","block_context":{"text":"Documenti realizzati da Cavalieri o Dame","link":"https:\/\/www.militia-christi.it\/sitoweb\/category\/documenti-realizzati-da-cavalieri-o-dame\/"},"img":{"alt_text":"","src":"https:\/\/i0.wp.com\/www.militia-christi.it\/sitoweb\/wp-content\/uploads\/2024\/01\/fatima-685x515-1-e1705322601691.jpg?fit=685%2C382&ssl=1&resize=350%2C200","width":350,"height":200,"srcset":"https:\/\/i0.wp.com\/www.militia-christi.it\/sitoweb\/wp-content\/uploads\/2024\/01\/fatima-685x515-1-e1705322601691.jpg?fit=685%2C382&ssl=1&resize=350%2C200 1x, https:\/\/i0.wp.com\/www.militia-christi.it\/sitoweb\/wp-content\/uploads\/2024\/01\/fatima-685x515-1-e1705322601691.jpg?fit=685%2C382&ssl=1&resize=525%2C300 1.5x"},"classes":[]},{"id":309,"url":"https:\/\/www.militia-christi.it\/sitoweb\/2023\/07\/31\/preghiera-di-bernardo-di-chiaravalle\/","url_meta":{"origin":1109,"position":5},"title":"Preghiera di Bernardo di Chiaravalle","author":"fvendola","date":"31 Luglio 2023","format":false,"excerpt":"Vergine Madre, figlia del tuo figlio,umile e alta pi\u00f9 che creatura,termine fisso d'etterno consiglio,tu se' colei che l'umana naturanobilitasti s\u00ec, che 'l suo fattorenon disdegn\u00f2 di farsi sua fattura.Nel ventre tuo si raccese l'amore,per lo cui caldo ne l'etterna pacecos\u00ec \u00e8 germinato questo fiore.Qui se' a noi merid\u00efana facedi caritate,\u2026","rel":"","context":"In &quot;Documenti realizzati da Cavalieri o Dame&quot;","block_context":{"text":"Documenti realizzati da Cavalieri o Dame","link":"https:\/\/www.militia-christi.it\/sitoweb\/category\/documenti-realizzati-da-cavalieri-o-dame\/"},"img":{"alt_text":"","src":"https:\/\/i0.wp.com\/www.militia-christi.it\/sitoweb\/wp-content\/uploads\/2023\/07\/img_2099.jpg?fit=201%2C250&ssl=1&resize=350%2C200","width":350,"height":200},"classes":[]}],"jetpack_sharing_enabled":true,"_links":{"self":[{"href":"https:\/\/www.militia-christi.it\/sitoweb\/wp-json\/wp\/v2\/posts\/1109","targetHints":{"allow":["GET"]}}],"collection":[{"href":"https:\/\/www.militia-christi.it\/sitoweb\/wp-json\/wp\/v2\/posts"}],"about":[{"href":"https:\/\/www.militia-christi.it\/sitoweb\/wp-json\/wp\/v2\/types\/post"}],"author":[{"embeddable":true,"href":"https:\/\/www.militia-christi.it\/sitoweb\/wp-json\/wp\/v2\/users\/2"}],"replies":[{"embeddable":true,"href":"https:\/\/www.militia-christi.it\/sitoweb\/wp-json\/wp\/v2\/comments?post=1109"}],"version-history":[{"count":0,"href":"https:\/\/www.militia-christi.it\/sitoweb\/wp-json\/wp\/v2\/posts\/1109\/revisions"}],"wp:featuredmedia":[{"embeddable":true,"href":"https:\/\/www.militia-christi.it\/sitoweb\/wp-json\/wp\/v2\/media\/1108"}],"wp:attachment":[{"href":"https:\/\/www.militia-christi.it\/sitoweb\/wp-json\/wp\/v2\/media?parent=1109"}],"wp:term":[{"taxonomy":"category","embeddable":true,"href":"https:\/\/www.militia-christi.it\/sitoweb\/wp-json\/wp\/v2\/categories?post=1109"},{"taxonomy":"post_tag","embeddable":true,"href":"https:\/\/www.militia-christi.it\/sitoweb\/wp-json\/wp\/v2\/tags?post=1109"}],"curies":[{"name":"wp","href":"https:\/\/api.w.org\/{rel}","templated":true}]}}