{"id":1121,"date":"2024-02-05T07:02:01","date_gmt":"2024-02-05T06:02:01","guid":{"rendered":"https:\/\/www.militia-christi.it\/sitoweb\/2024\/02\/05\/santagata\/"},"modified":"2024-02-05T07:02:01","modified_gmt":"2024-02-05T06:02:01","slug":"santagata","status":"publish","type":"post","link":"https:\/\/www.militia-christi.it\/sitoweb\/2024\/02\/05\/santagata\/","title":{"rendered":"Sant\u2019Agata"},"content":{"rendered":"\n<p class=\"wp-block-paragraph\"><strong><br>Sant&#8217;Agata<\/strong> (<a href=\"app:\/\/it.wikipedia.org\/wiki\/Catania\">Catania<\/a>, <a href=\"app:\/\/it.wikipedia.org\/wiki\/229\">229<\/a>\/<a href=\"app:\/\/it.wikipedia.org\/wiki\/235\">235<\/a> \u2013 <a href=\"app:\/\/it.wikipedia.org\/wiki\/Catania\">Catania<\/a>, <a href=\"app:\/\/it.wikipedia.org\/wiki\/5_febbraio\">5 febbraio<\/a> <a href=\"app:\/\/it.wikipedia.org\/wiki\/251\">251<\/a>) \u00e8 stata, secondo la tradizione cattolica, una giovane cristiana vissuta nel <a href=\"app:\/\/it.wikipedia.org\/wiki\/III_secolo\">III secolo<\/a>, martirizzata <a href=\"app:\/\/it.wikipedia.org\/wiki\/Persecuzione_dei_cristiani_nell'Impero_romano\">durante le persecuzioni sotto<\/a>l&#8217;imperatore <a href=\"app:\/\/it.wikipedia.org\/wiki\/Decio\">Decio<\/a>. Presente nei <a href=\"app:\/\/it.wikipedia.org\/wiki\/Martirologio\">martirologi<\/a> pi\u00f9 antichi, \u00e8 venerata come <a href=\"app:\/\/it.wikipedia.org\/wiki\/Santo\">santa<\/a>, <a href=\"app:\/\/it.wikipedia.org\/wiki\/Verginit%C3%A0\">vergine<\/a> e <a href=\"app:\/\/it.wikipedia.org\/wiki\/Martire\">martire<\/a>dalla <a href=\"app:\/\/it.wikipedia.org\/wiki\/Chiesa_cattolica\">Chiesa cattolica<\/a>, dalla <a href=\"app:\/\/it.wikipedia.org\/wiki\/Chiesa_ortodossa\">Chiesa ortodossa<\/a> e dalla <a class=\"mw-redirect\" href=\"app:\/\/it.wikipedia.org\/wiki\/Chiesa_Anglicana\">Chiesa Anglicana<\/a>, che ne onorano la memoria il 5 febbraio. \u00c8 patrona della citt\u00e0 di <a href=\"app:\/\/it.wikipedia.org\/wiki\/Catania\">Catania<\/a>, della <a class=\"mw-redirect\" href=\"app:\/\/it.wikipedia.org\/wiki\/Repubblica_di_San_Marino\">Repubblica di San Marino<\/a>, dell&#8217;isola di <a href=\"app:\/\/it.wikipedia.org\/wiki\/Malta\">Malta<\/a>. Il luogo di culto principale \u00e8 la <a href=\"app:\/\/it.wikipedia.org\/wiki\/Cattedrale_di_Sant'Agata\">cattedrale di Sant&#8217;Agata<\/a>dove riposano le sue reliquie. Catania le dedica una grande <a href=\"app:\/\/it.wikipedia.org\/wiki\/Festa_di_sant'Agata\">festa<\/a>, nei giorni 3, 4, 5 e 6 febbraio.<\/p>\n\n\n\n<h2 class=\"wp-block-heading\" id=\"Agiografia\">Agiografia<\/h2>\n\n\n\n<p class=\"wp-block-paragraph\"><a class=\"pcs-edit-section-link\" href=\"app:\/\/it.wikipedia.org\/w\/index.php?title=Sant'Agata&#038;action=edit&#038;section=1\"><\/a><\/p>\n\n\n\n<p class=\"wp-block-paragraph\"><\/p>\n\n\n\n<p class=\"wp-block-paragraph\">Agata \u00e8 stata una delle martiri pi\u00f9 venerate dell&#8217;antichit\u00e0 cristiana, fu messa a morte durante la persecuzione dei cristiani voluta dall&#8217;imperatore <a href=\"app:\/\/it.wikipedia.org\/wiki\/Decio\">Decio<\/a> (249-251) a Catania, per non avere mai tradito la professione della sua fede cristiana.<\/p>\n\n\n\n<p class=\"wp-block-paragraph\">La sua biografia scritta<sup class=\"mw-ref reference default-touch-area\"><a href=\"app:\/\/it.wikipedia.org\/wiki\/Sant'Agata#cite_note-4\" class=\"reference-link\"><\/a><\/sup>&nbsp;menziona interrogatori, torture, una resistenza perseverante e la vittoria di una fede incrollabile, che nell&#8217;insieme sono uno dei primi esempi in assoluto della&nbsp;<a href=\"app:\/\/it.wikipedia.org\/wiki\/Letteratura_agiografica\" class=\"mw-redirect\">letteratura agiografica<\/a>nel corso della storia della Chiesa<sup class=\"mw-ref reference default-touch-area\"><a href=\"app:\/\/it.wikipedia.org\/wiki\/Sant'Agata#cite_note-5\" class=\"reference-link\"><\/a><\/sup>. Questa prima testimonianza scritta (strutturata) di vita e opere, morte e miracoli, si riflette nelle opere successive, la pi\u00f9 antica delle quali, a noi pervenuta, \u00e8 un&nbsp;<em><a href=\"app:\/\/it.wikipedia.org\/wiki\/Passione_(musica)\">passio<\/a><\/em>risalente all&#8217;anno 1000, conservato presso la&nbsp;<a href=\"app:\/\/it.wikipedia.org\/wiki\/Biblioteca_nazionale_di_Francia\">Biblioteca nazionale di Francia<\/a>, a&nbsp;<a href=\"app:\/\/it.wikipedia.org\/wiki\/Parigi\">Parigi<\/a>, probabilmente realizzato ad&nbsp;<a href=\"app:\/\/it.wikipedia.org\/wiki\/Autun\">Autun<\/a>.<sup class=\"mw-ref reference right-touch-area\"><a href=\"app:\/\/it.wikipedia.org\/wiki\/Sant'Agata#cite_note-6\" class=\"reference-link\"><\/a><\/sup>&nbsp;Nelle sue miniature illustrate a margine, Magdalena Carrasco ha indagato le tradizioni iconografiche di et\u00e0 carolingia o della prima antichit\u00e0.<sup class=\"mw-ref reference default-touch-area\"><a href=\"app:\/\/it.wikipedia.org\/wiki\/Sant'Agata#cite_note-7\" class=\"reference-link\"><\/a><\/sup><\/p>\n\n\n\n<p class=\"wp-block-paragraph\">Il suo martirio testimonia come a Catania sicuramente gi\u00e0 nel III secolo esistesse una comunit\u00e0 cristiana. Altra conferma proviene dal rinvenimento a Catania nel 1730 di un&#8217;iscrizione datata tra la fine del III secolo e gli inizi del IV che segnalava la sepoltura di Iulia Florentina, una bambina di Ibla, sepolta, per volere dei genitori, \u00ab<em>dove sono le sepolture dei martiri cristiani<\/em>\u00bb. Tale iscrizione \u00e8 una testimonianza importantissima circa l&#8217;immediata diffusione del culto di sant&#8217;Agata, dopo la sua morte, non solo in citt\u00e0, ma anche fuori dal territorio etneo. Va ricordata a tal proposito anche l\u2019iscrizione rinvenuta a Ustica (Palermo), databile alla fine del III secolo dove si accenna a una certa Lucifera morta il giorno di Agata. Circa la diffusione immediata anche in Oriente interessante \u00e8 la testimonianza di <a href=\"app:\/\/it.wikipedia.org\/wiki\/Metodio_di_Olimpo\">Metodio di Olimpo<\/a>(c. 250-311), in Licia, che nella sua opera <em>\u201cSymposium\u201d<\/em> fa riferimento ad Agata presentando la sua vita come modello di vita cristiana.<sup class=\"mw-ref reference default-touch-area\"><a class=\"reference-link\" href=\"app:\/\/it.wikipedia.org\/wiki\/Sant'Agata#cite_note-8\"><\/a><\/sup><\/p>\n\n\n\n<figure class=\"wp-block-image size-large\"><img data-recalc-dims=\"1\" fetchpriority=\"high\" decoding=\"async\" width=\"640\" height=\"532\" src=\"https:\/\/i0.wp.com\/www.militia-christi.it\/sitoweb\/wp-content\/uploads\/2024\/02\/img_6229-1.png?resize=640%2C532&#038;ssl=1\" class=\"wp-image-1118\" srcset=\"https:\/\/i0.wp.com\/www.militia-christi.it\/sitoweb\/wp-content\/uploads\/2024\/02\/img_6229-1.png?w=774&amp;ssl=1 774w, https:\/\/i0.wp.com\/www.militia-christi.it\/sitoweb\/wp-content\/uploads\/2024\/02\/img_6229-1.png?resize=300%2C249&amp;ssl=1 300w, https:\/\/i0.wp.com\/www.militia-christi.it\/sitoweb\/wp-content\/uploads\/2024\/02\/img_6229-1.png?resize=768%2C638&amp;ssl=1 768w\" sizes=\"(max-width: 640px) 100vw, 640px\" \/><\/figure>\n\n\n\n<h3 class=\"wp-block-heading\" id=\"Nascita_e_controversie\">Nascita e controversie<\/h3>\n\n\n\n<p class=\"wp-block-paragraph\">Secondo gli atti del martirio, Agata nacque in una famiglia ricca e nobile, per tradizione catanese. La localit\u00e0 di nascita \u00e8 stata in passato messa in discussione: si pensava fosse nata a Palermo o, pi\u00f9 probabilmente, a Galermo nei dintorni a nord di Catania. I sostenitori delle origini palermitane o del suo temporaneo soggiorno nella citt\u00e0, ossia del&nbsp;<a href=\"app:\/\/it.wikipedia.org\/wiki\/Chiesa_di_Sant'Agata_alla_Guilla\">quartiere di Agata alla Guilla<\/a>, citano gli&nbsp;<em>Acta SS. Februarii<\/em>&nbsp;I, Anversa 1658 o la&nbsp;<em>Bibliotheca Sanctorum<\/em>I, Roma 1961, col. 320.<sup class=\"mw-ref reference default-touch-area\"><a href=\"app:\/\/it.wikipedia.org\/wiki\/Sant'Agata#cite_note-10\" class=\"reference-link\"><\/a><\/sup><\/p>\n\n\n\n<p class=\"wp-block-paragraph\">I documenti narrativi del martirio di Agata in realt\u00e0 tacciono sui natali della Santa e tali citazioni restano dunque infondate. Tuttavia essi indicano in tre punti i sostanziali indizi sulla sua nativit\u00e0 a Catania: il primo punto \u00e8 quello relativo all&#8217;inizio del processo, secondo il testo fornito dalla redazione latina.<sup class=\"mw-ref reference left-touch-area\"><a href=\"app:\/\/it.wikipedia.org\/wiki\/Sant'Agata#cite_note-11\" class=\"reference-link\"><\/a><\/sup><sup class=\"mw-ref reference right-touch-area\"><a href=\"app:\/\/it.wikipedia.org\/wiki\/Sant'Agata#cite_note-12\" class=\"reference-link\"><\/a><\/sup>Tale redazione esordisce rilevando nel vers. 1 che Agata fu martirizzata a Catania; nel vers. 24 la stessa redazione latina riferisce che Quinziano interpella Agata invitandola a dire di che condizione fosse, e nel vers. 25 riferisce che Agata rispose a Quinziano dicendo: \u00abIo non solo sono libera di nascita, ma provengo anche da nobile famiglia, come lo attesta tutta la mia parentela\u00bb; con queste parole Agata dichiara che tutta la sua parentela era presente e residente a Catania, oltre a esservi residente lei stessa e a essere nativa proprio di l\u00ec.<\/p>\n\n\n\n<p class=\"wp-block-paragraph\">Il secondo punto \u00e8 quello relativo all&#8217;apparizione dell&#8217;Angelo che, nel momento in cui il cadavere di sant&#8217;Agata viene seppellito, depone dentro il suo sepolcro una lapide di marmo in cui era scolpito che Agata era \u00abanima santa, onore di&nbsp;<a href=\"app:\/\/it.wikipedia.org\/wiki\/Dio_(cristianesimo)\">Dio<\/a>&nbsp;e liberazione della sua Patria\u00bb: a tale proposito i versetti 102-104 rilevano che, per dimostrare la verit\u00e0 di quanto espresso in quella lapide e cio\u00e8 che Agata era la liberazione della sua Patria, Dio, a un anno appena dalla sua morte, fa arrestare la lava dell&#8217;<a href=\"app:\/\/it.wikipedia.org\/wiki\/Etna\">Etna<\/a>, che stava invadendo Catania. Il terzo punto \u00e8 quello relativo al fatto che il testo della redazione greca, riportato nel manoscritto del&nbsp;<a href=\"app:\/\/it.wikipedia.org\/wiki\/Senato_di_Messina\">Senato di Messina<\/a>, espressamente recita che \u00abCatania \u00e8 la patria della magnanima S. Agata\u00bb: tale testo \u00e8 di assoluto valore storico perch\u00e9 risale all&#8217;epoca in cui a Catania ancora non era stato eretto alcun tempio ad Agata.<\/p>\n\n\n\n<p class=\"wp-block-paragraph\">Infine, va ricordato che al tesoro di Sant&#8217;Agata apparterrebbe anche un diploma di&nbsp;<a href=\"app:\/\/it.wikipedia.org\/wiki\/Papa_Urbano_II\">Papa Urbano II<\/a>che decreta i natali catanesi della santa.<sup class=\"mw-ref reference default-touch-area\"><a href=\"app:\/\/it.wikipedia.org\/wiki\/Sant'Agata#cite_note-13\" class=\"reference-link\"><\/a><\/sup><\/p>\n\n\n\n<p class=\"wp-block-paragraph\">In merito ai natali palermitani, tradizione piuttosto tarda, vi \u00e8 chi ritiene essa si fondi sull&#8217;errata traslitterazione di <em>Galermus<\/em> in <em>Palermus<\/em>, di fonti latine nel primo caso e greche nel secondo, tradizione che attinge al fatto che effettivamente la giovane avrebbe soggiornato a Palermo prima di tornare alla sua citt\u00e0 per essere giudicata. Va per\u00f2 ricordato quanto entrambi i toponimi siano successivi al martirio di Sant&#8217;Agata, nello specifico risalgono alla dominazione saracena.<sup class=\"mw-ref reference default-touch-area\"><a class=\"reference-link\" href=\"app:\/\/it.wikipedia.org\/wiki\/Sant'Agata#cite_note-14\"><\/a><\/sup><\/p>\n\n\n\n<p class=\"wp-block-paragraph\">Anche sulla data di nascita non esiste particolare certezza, essendo questa taciuta dalle fonti. Se infatti la tradizione popolare indica l&#8217;et\u00e0 della fanciulla nella fascia adolescenziale e nello specifico le attribuisce 15 anni &#8211; portando cos\u00ec l&#8217;anno dei natali al 235 per semplice sottrazione, ipotizzando il 251 quale anno del 16\u00ba anno non ancora compiuto &#8211; recenti ipotesi retrodatano la nascita della Santa al&nbsp;<a href=\"app:\/\/it.wikipedia.org\/wiki\/229\">229<\/a>\/<a href=\"app:\/\/it.wikipedia.org\/wiki\/230\">230<\/a>&nbsp;circa, facendo riferimento al&nbsp;<em>flammeum<\/em>, il velo del sacerdozio del primo cristianesimo, e al ruolo di&nbsp;<a href=\"app:\/\/it.wikipedia.org\/wiki\/Diaconessa\">diaconessa<\/a>&nbsp;che le viene attribuito dalle prime rappresentazioni iconografiche (nella&nbsp;<a href=\"app:\/\/it.wikipedia.org\/wiki\/Basilica_di_Sant'Apollinare_Nuovo\">basilica di Sant&#8217;Apollinare Nuovo<\/a>, per esempio, \u00e8 raffigurata in tunica lunga, dalmatica e stola a tracolla), attribuendo dunque un&#8217;et\u00e0 di circa 21 anni, poich\u00e9 la tradizione riporta che Agata aveva fatto richiesta di consacrarsi a Dio al&nbsp;<a href=\"app:\/\/it.wikipedia.org\/wiki\/Arcidiocesi_di_Catania\">Vescovo di Catania<\/a>, che accolse il suo desiderio e le impose il velo rosso portato dalle vergini consacrate.<sup class=\"mw-ref reference default-touch-area\"><a href=\"app:\/\/it.wikipedia.org\/wiki\/Sant'Agata#cite_note-15\" class=\"reference-link\"><\/a><\/sup><\/p>\n\n\n\n<p class=\"wp-block-paragraph\">Effettivamente, cosa documentata dalla tradizione orale catanese, dai documenti scritti narranti il suo martirio e dalle raffigurazioni iconografiche ravennate, con particolare riferimento alla tunica bianca e al&nbsp;<a href=\"app:\/\/it.wikipedia.org\/wiki\/Pallio_(abito)\" class=\"mw-redirect\">pallio<\/a>&nbsp;rosso, Agata viene rappresentata come una vera e propria diaconessa della Chiesa dei primi secoli. Si potrebbe allora immaginare che, sebbene si fosse consacrata a Dio a 15 anni grazie al consenso speciale del Vescovo, non fosse pi\u00f9 una ragazzina al momento del martirio, ma piuttosto una giovane donna con ruolo attivo nella sua comunit\u00e0 cristiana: una diaconessa aveva il compito, fra gli altri, di istruire i nuovi catecumeni alla fede cristiana (<a href=\"app:\/\/it.wikipedia.org\/wiki\/Catechesi\" class=\"mw-redirect\">catechesi<\/a>) e preparare i pi\u00f9 giovani al&nbsp;<a href=\"app:\/\/it.wikipedia.org\/wiki\/Battesimo\">battesimo<\/a>, alla&nbsp;<a href=\"app:\/\/it.wikipedia.org\/wiki\/Prima_comunione\">prima comunione<\/a>&nbsp;e alla&nbsp;<a href=\"app:\/\/it.wikipedia.org\/wiki\/Cresima\" class=\"mw-redirect\">cresima<\/a>.<\/p>\n\n\n\n<p class=\"wp-block-paragraph\">Inoltre, da un punto di vista giuridico, Agata aveva il titolo di &#8220;proprietaria di poderi&#8221;, cio\u00e8 di beni immobili. Per avere questo titolo le&nbsp;<a href=\"app:\/\/it.wikipedia.org\/wiki\/Diritto_romano\">leggi vigenti nell&#8217;impero romano<\/a>&nbsp;pretendevano il raggiungimento del ventunesimo anno di et\u00e0. Rimanendo sempre in tema giuridico, durante il processo cui Agata fu sottoposta, fu messa in atto la&nbsp;<em><a href=\"app:\/\/it.wikipedia.org\/wiki\/Lex_Laetoria\">Lex Laetoria<\/a><\/em>, una legge che proteggeva i giovani d&#8217;et\u00e0 compresa tra i 20 e i 25 anni, soprattutto giovani donne, dando a chiunque la possibilit\u00e0 di contrapporre una&nbsp;<em><a href=\"app:\/\/it.wikipedia.org\/wiki\/Azione_popolare\">actio popularis<\/a><\/em>&nbsp;contro gli abusi di potere commessi dall&#8217;inquisitore: il processo di Agata si chiuse con una insurrezione popolare contro Quinziano, che dovette fuggire per sottrarsi al linciaggio della folla catanese.<\/p>\n\n\n\n<p class=\"wp-block-paragraph\">Dunque, il pi\u00f9 plausibile anno di nascita \u00e8 tra il 229 e il 230, cos\u00ec che tra l&#8217;<a href=\"app:\/\/it.wikipedia.org\/wiki\/8_settembre\">8 settembre<\/a>&nbsp;230 (tradizionalmente, il giorno di nascita) e il&nbsp;<a href=\"app:\/\/it.wikipedia.org\/wiki\/5_febbraio\">5 febbraio<\/a>251 (giorno della morte) avesse gi\u00e0 compiuto il 21\u00ba anno di et\u00e0.<\/p>\n\n\n\n<h3 class=\"wp-block-heading\" id=\"Processo_e_martirio\">Processo e martirio<\/h3>\n\n\n\n<p class=\"wp-block-paragraph\">Nel periodo fra la fine del <a href=\"app:\/\/it.wikipedia.org\/wiki\/250\">250<\/a> e l&#8217;inizio del <a href=\"app:\/\/it.wikipedia.org\/wiki\/251\">251<\/a> il <a class=\"mw-redirect\" href=\"app:\/\/it.wikipedia.org\/wiki\/Proconsole_(storia_romana)\">proconsole<\/a> <a href=\"app:\/\/it.wikipedia.org\/wiki\/Quinziano\">Quinziano<\/a>, giunto alla sede di Catania anche con l&#8217;intento di far rispettare l&#8217;editto dell&#8217;imperatore <a href=\"app:\/\/it.wikipedia.org\/wiki\/Decio\">Decio<\/a>, che chiedeva a tutti i cristiani di abiurare pubblicamente la loro fede, mise in atto una feroce persecuzione. La tradizione riferisce che Agata fugg\u00ec con la famiglia a Palermo, alla <a href=\"app:\/\/it.wikipedia.org\/wiki\/Chiesa_di_Sant'Agata_alla_Guilla\">Guilla<\/a>, ma Quinziano li scov\u00f2 e li fece tornare a Catania. Il punto che la giovane catanese attravers\u00f2 per uscire da Palermo e tornare alla sua patria, oggi \u00e8 detto <a href=\"app:\/\/it.wikipedia.org\/wiki\/Porta_Sant'Agata\">Porta Sant&#8217;Agata<\/a>. Quando la vide, Quinziano se ne invagh\u00ec e, saputo della consacrazione, le ordin\u00f2 senza successo di ripudiare la sua fede e adorare gli d\u00e8i <a href=\"app:\/\/it.wikipedia.org\/wiki\/Paganesimo\">pagani<\/a>. Si pu\u00f2 ipotizzare anche un quadro pi\u00f9 complesso: ovvero, dietro la condanna di Agata, la pi\u00f9 esposta nella sua benestante famiglia, poteva esserci l&#8217;intento della confisca dei loro beni. Di certo, era un contesto storico estremamente drammatico per i cristiani: <a href=\"app:\/\/it.wikipedia.org\/wiki\/Papa_Fabiano\">papa Fabiano<\/a> era stato ucciso da pi\u00f9 di un anno, la <a class=\"mw-redirect\" href=\"app:\/\/it.wikipedia.org\/wiki\/Sede_Apostolica\">sede<\/a> era vacante, e il successore <a href=\"app:\/\/it.wikipedia.org\/wiki\/Papa_Cornelio\">Cornelio<\/a> sarebbe stato eletto ben 14 mesi dopo il suo martirio.<\/p>\n\n\n\n<p class=\"wp-block-paragraph\">Al rifiuto deciso di Agata, il proconsole l&#8217;affid\u00f2 per un mese alla custodia rieducativa della cortigiana Afrodisia e delle sue figlie, persone molto corrotte.&nbsp;\u00c8 possibile che Afrodisia fosse una sacerdotessa di&nbsp;<a href=\"app:\/\/it.wikipedia.org\/wiki\/Venere_(mitologia)\" class=\"mw-redirect\">Venere<\/a>&nbsp;o&nbsp;<a href=\"app:\/\/it.wikipedia.org\/wiki\/Cerere\">Cerere<\/a>, e pertanto dedita alla&nbsp;<a href=\"app:\/\/it.wikipedia.org\/wiki\/Prostituzione_sacra\">prostituzione sacra<\/a><sup class=\"noprint chiarimento-apice\">[<em><a href=\"app:\/\/it.wikipedia.org\/wiki\/Wikipedia:Uso_delle_fonti\">senza&nbsp;fonte<\/a><\/em>]<\/sup>. Il fine di tale affidamento era la corruzione di Agata, attraverso una continua pressione psicologica, fatta di allettamenti e minacce, per sottometterla alle voglie di Quinziano, arrivando a tentare di trascinare la giovane catanese nei ritrovi dionisiaci. Ma Agata usc\u00ec pi\u00f9 forte di prima, tanto da scoraggiare le sue tentatrici, le quali rinunciarono all&#8217;impegno assunto, riconsegnando Agata a Quinziano.<\/p>\n\n\n\n<p class=\"wp-block-paragraph\">Rivelatosi inutile il tentativo di corromperne i principi, Quinziano diede avvio a un processo e convoc\u00f2 Agata al palazzo pretorio. La tradizione ha tramandato i dialoghi tra il proconsole e la santa, da cui si evince come ella fosse edotta in&nbsp;<a href=\"app:\/\/it.wikipedia.org\/wiki\/Dialettica\">dialettica<\/a>&nbsp;e&nbsp;<a href=\"app:\/\/it.wikipedia.org\/wiki\/Retorica\">retorica<\/a>.<sup class=\"mw-ref reference right-touch-area\"><a href=\"app:\/\/it.wikipedia.org\/wiki\/Sant'Agata#cite_note-16\" class=\"reference-link\"><\/a><\/sup><\/p>\n\n\n\n<p class=\"wp-block-paragraph\">\u00abLe sofferenze che mi infliggerai saranno di breve durata, e non attendo altro che sperimentarle perch\u00e9 cos\u00ec come il grano non pu\u00f2 essere conservato in granaio se prima il suo guscio non viene aspramente stritolato e ridotto in frantumi, allo stesso modo la mia anima non potr\u00e0 entrare in paradiso se prima non farai minutamente dilaniare il mio corpo dai tuoi carnefici\u00bb rispose Agata alle minacce di tortura del proconsole. Durante il processo Agata continu\u00f2 augurando al proconsole di essere annoverato fra i suoi d\u00e8i: \u00abTi auguro che tu sia tale e quale fu il tuo dio Giove e tua moglie quale fu la tua dea Venere\u00bb. Quinziano ne usc\u00ec umiliato.<\/p>\n\n\n\n<p class=\"wp-block-paragraph\">Breve fu il passaggio dal processo al carcere e alle violenze con l&#8217;intento di piegare la giovinetta. Inizialmente fustigata, legata sull&#8217;eculeo e allungata con funi fino a slogarle le caviglie e i polsi e sottoposta al violento strappo delle mammelle con tenaglie. Le passio di S. Agata riportano le parole che la martire disse al proconsole: \u00abEmpio, crudele e disumano tiranno. Non ti vergogni di strappare ad una donna quello che tu stesso succhiasti dalla madre tua?\u00bb. A Catania, nella&nbsp;<a href=\"app:\/\/it.wikipedia.org\/wiki\/Chiesa_di_Sant'Agata_la_Vetere\">Chiesa di Sant&#8217;Agata la Vetere<\/a>&nbsp;si conserva il luogo indicato come sala del pretorio romano dove vennero eseguite le torture e i processi. La tradizione indica che nella notte venne visitata da&nbsp;<a href=\"app:\/\/it.wikipedia.org\/wiki\/San_Pietro\" class=\"mw-redirect\">San Pietro<\/a>, che la rassicur\u00f2 portandole conforto e ne risan\u00f2 miracolosamente le ferite. Venne infine sottoposta al supplizio dei carboni ardenti. A Catania, nella&nbsp;<a href=\"app:\/\/it.wikipedia.org\/wiki\/Chiesa_di_San_Biagio_(Catania)\">chiesa di San Biagio<\/a>, conosciuta anche come&nbsp;<a href=\"app:\/\/it.wikipedia.org\/wiki\/Chiesa_di_San_Biagio_(Catania)\">Chiesa di Sant&#8217;Agata &#8220;alla fornace&#8221;<\/a>, si conservano, nell&#8217;altare laterale della cappella di Sant&#8217;Agata, le pietre e la terra che secondo la tradizione tormentarono Agata il 5 febbraio 251 d.C. La notte seguente, il 5 febbraio&nbsp;<a href=\"app:\/\/it.wikipedia.org\/wiki\/251\">251<\/a>, Agata spir\u00f2 nella sua cella.<\/p>\n\n\n\n<p class=\"wp-block-paragraph\">Una tradizione vuole che, negli anni della <a href=\"app:\/\/it.wikipedia.org\/wiki\/Persecuzione_dei_cristiani_nell'Impero_romano#La_persecuzione_di_Decio\">persecuzione di Decio<\/a> che ebbe inizio nel 249, la compatrona di Malta abbia soggiornato per un periodo in una cripta dell&#8217;isola, divenuta il centro di un culto secolare.<sup class=\"mw-ref reference default-touch-area\"><a class=\"reference-link\" href=\"app:\/\/it.wikipedia.org\/wiki\/Sant'Agata#cite_note-17\"><\/a><\/sup><\/p>\n\n\n\n<figure class=\"wp-block-image size-large\"><img data-recalc-dims=\"1\" decoding=\"async\" width=\"640\" height=\"486\" src=\"https:\/\/i0.wp.com\/www.militia-christi.it\/sitoweb\/wp-content\/uploads\/2024\/02\/img_6230-1.jpg?resize=640%2C486&#038;ssl=1\" class=\"wp-image-1117\" srcset=\"https:\/\/i0.wp.com\/www.militia-christi.it\/sitoweb\/wp-content\/uploads\/2024\/02\/img_6230-1.jpg?resize=1024%2C777&amp;ssl=1 1024w, https:\/\/i0.wp.com\/www.militia-christi.it\/sitoweb\/wp-content\/uploads\/2024\/02\/img_6230-1.jpg?resize=300%2C228&amp;ssl=1 300w, https:\/\/i0.wp.com\/www.militia-christi.it\/sitoweb\/wp-content\/uploads\/2024\/02\/img_6230-1.jpg?resize=768%2C583&amp;ssl=1 768w, https:\/\/i0.wp.com\/www.militia-christi.it\/sitoweb\/wp-content\/uploads\/2024\/02\/img_6230-1.jpg?w=1280&amp;ssl=1 1280w\" sizes=\"(max-width: 640px) 100vw, 640px\" \/><\/figure>\n\n\n\n<p class=\"wp-block-paragraph\"><\/p>\n\n\n\n<h3 class=\"wp-block-heading\" id=\"La_morte\">La morte<\/h3>\n\n\n\n<p class=\"wp-block-paragraph\">\u00abNon valser spine e triboli,<br \/>non valsero catene;<br \/>n\u00e9 il minacciar d&#8217;un Preside<br \/>a trarla dal suo Bene,<br \/>a cui dall&#8217;et\u00e0 eterna<br \/>fu sacro il vergin fior\u00bb<\/p>\n\n\n\n<p class=\"wp-block-paragraph\">(<small><a href=\"app:\/\/it.wikipedia.org\/wiki\/Mario_Rapisardi\">Mario Rapisardi<\/a>,&nbsp;<em>Ode, per il 5 febbraio 1859<\/em><\/small>)<\/p>\n\n\n\n<p class=\"wp-block-paragraph\">Se non esiste dubbio storico alcuno sulla morte per martirio, che \u00e8 autenticato, anche dall&#8217;enorme diffusione del culto oltre il luogo natio e fin dall&#8217;antichit\u00e0, tuttavia, non abbiamo sufficienti dettagli storici sulla sua morte.<sup class=\"mw-ref reference default-touch-area\"><a class=\"reference-link\" href=\"app:\/\/it.wikipedia.org\/wiki\/Sant'Agata#cite_note-kirsch-3\"><\/a><\/sup><\/p>\n\n\n\n<p class=\"wp-block-paragraph\">Secondo la&nbsp;<em><a href=\"app:\/\/it.wikipedia.org\/wiki\/Leggenda_aurea\" class=\"mw-redirect\">Leggenda aurea<\/a><\/em>&nbsp;(<a href=\"app:\/\/it.wikipedia.org\/wiki\/1288\">1288<\/a>) del beato&nbsp;<a href=\"app:\/\/it.wikipedia.org\/wiki\/Iacopo_da_Varagine\" class=\"mw-redirect\">Iacopo da Varagine<\/a>,<sup class=\"mw-ref reference right-touch-area\"><a href=\"app:\/\/it.wikipedia.org\/wiki\/Sant'Agata#cite_note-18\" class=\"reference-link\"><\/a><\/sup>&nbsp;Agata consacr\u00f2 la sua verginit\u00e0 a Dio. Di ricca e nobile famiglia, rifiut\u00f2 le proposte del prefetto romano Quinziano, che la invi\u00f2 dalla tenutaria di un bordello. Trovandola una donna tenace e intrattabile, anche costei rifiut\u00f2 l&#8217;incarico di Quinziano, che, dopo minacce e pressioni, la fece mettere in prigione, principalmente a motivo della sua fede cristiana.<sup class=\"mw-ref reference default-touch-area\"><a href=\"app:\/\/it.wikipedia.org\/wiki\/Sant'Agata#cite_note-19\" class=\"reference-link\"><\/a><\/sup><\/p>\n\n\n\n<p class=\"wp-block-paragraph\">Tra le torture subite vi fu il taglio dei suoi seni con le pinze. Dopo ulteriori scontri drammatici con Quinziano, rappresentati in una sequenza di dialoghi nel suo Passio che documentano la sua forza d&#8217;animo e la sua devozione costante, sant&#8217;Agata fu poi condannata ad essere bruciata sul rogo, ma un terremoto la salv\u00f2 da quel destino; fu allora condotta in prigione, dove San Pietro, apostolo e martire, apparve a lei e guar\u00ec le sue ferite.<sup class=\"mw-ref reference default-touch-area\"><a href=\"app:\/\/it.wikipedia.org\/wiki\/Sant'Agata#cite_note-20\" class=\"reference-link\"><\/a><\/sup>&nbsp;Sant&#8217;Agata mor\u00ec in prigione, secondo la&nbsp;<em>Legenda Aurea<\/em>&nbsp;\u00abnell&#8217;anno di nostro Signore 253 al tempo di Decio, l&#8217;imperatore di Roma\u00bb. Sull&#8217;anno della morte, a causa di errate traduzioni, viene infatti riportato il 253 da Iacopo da Varagine, mentre il vulcanologo Carlo Gemmellaro riporta il 252. Tuttavia sulla data della morte non esiste dubbio sia avvenuta nel 251, in quanto le fonti principali riportano tale data.<sup class=\"mw-ref reference default-touch-area\"><a href=\"app:\/\/it.wikipedia.org\/wiki\/Sant'Agata#cite_note-21\" class=\"reference-link\"><\/a><\/sup><\/p>\n\n\n\n<h2 class=\"wp-block-heading\" id=\"Culto\">Culto<\/h2>\n\n\n\n<p class=\"wp-block-paragraph\"><a href=\"app:\/\/it.wikipedia.org\/w\/index.php?title=Sant'Agata&amp;action=edit&amp;section=5\" class=\"pcs-edit-section-link\"><\/a><\/p>\n\n\n\n<p class=\"wp-block-paragraph\">\u00abTu che splendi in Paradiso,<br>coronata di vittoria,<br>Oh Sant&#8217;Agata la gloria,<br>per noi prega, prega di lass\u00f9\u00bb<\/p>\n\n\n\n<p class=\"wp-block-paragraph\">\u00abAgata Santa agnello di purezza fra le insidie del vizio pi\u00f9 feroce, pur tra fosche bestemmie la Tua voce limpida e bella magnific\u00f2 il Signor. Tu giglio fragrante, Tu gemma splendente, tu Martire Ardente d&#8217;eroica Virt\u00f9, sei faro di Luce, sei fonte d&#8217;Amore, da Te impari il cuore ad amare Ges\u00f9\u00bb<\/p>\n\n\n\n<h3 class=\"wp-block-heading\" id=\"Venerazione\">Venerazione<\/h3>\n\n\n\n<p class=\"wp-block-paragraph\">La Cattedrale di Catania \u00e8 consacrata a Sant&#8217;Agata.<\/p>\n\n\n\n<p class=\"wp-block-paragraph\">Anche la Cattedrale di Gallipoli \u00e8 intitolata a Sant&#8217;Agata<\/p>\n\n\n\n<figure class=\"wp-block-image\"><img decoding=\"async\" src=\"app:\/\/upload.wikimedia.org\/wikipedia\/commons\/thumb\/8\/87\/Magnifying_glass_icon_mgx2.svg\/18px-Magnifying_glass_icon_mgx2.svg.png\" alt=\"\"\/><\/figure>\n\n\n\n<p class=\"wp-block-paragraph\">Lo stesso argomento in dettaglio:&nbsp;<strong><a href=\"app:\/\/it.wikipedia.org\/wiki\/Festa_di_sant'Agata\">Festa di sant&#8217;Agata<\/a><\/strong>.<\/p>\n\n\n\n<p class=\"wp-block-paragraph\">Secondo la tradizione maltese, durante la persecuzione dell&#8217;imperatore romano Decio (249 \u2013 251), Agata fugg\u00ec dalla Sicilia insieme ad un gruppo di altre persone, e si rifugi\u00f2 a Malta. Alcuni storici ritengono che il suo soggiorno sull&#8217;isola sia stato piuttosto breve, e che lei abbia trascorso le sue giornate in una cripta rocciosa presso Rabat, pregando e insegnando la fede cristiana ai bambini. Dopo qualche tempo, Agata fece ritorno in Sicilia, dove affront\u00f2 il martirio. Fu arrestata e portata davanti a Quinziano, Pretore di Catania, che la condann\u00f2 alla tortura e alla prigionia.<\/p>\n\n\n\n<p class=\"wp-block-paragraph\">La cripta di Sant&#8217;Agata \u00e8 una basilica sotterranea, venerata dai maltesi fin dai primi secoli. Al tempo del soggiorno di Sant&#8217;Agata, la cripta era una piccola grotta naturale che pi\u00f9 tardi, durante il IV o V secolo, fu ingrandita ed abbellita.<sup class=\"mw-ref reference default-touch-area\"><a class=\"reference-link\" href=\"app:\/\/it.wikipedia.org\/wiki\/Sant'Agata#cite_note-22\"><\/a><\/sup><\/p>\n\n\n\n<p class=\"wp-block-paragraph\">Ancora dopo l&#8217;epoca della riforma, Agata fu mantenuta nel calendario liturgico protestante come risulta dal&nbsp;<em><a href=\"app:\/\/it.wikipedia.org\/wiki\/Libro_delle_preghiere_comuni\">Book of Common Prayer<\/a><\/em>, che \u00e8 il riferimento per la Chiesa d&#8217;Inghilterra e per le Comunioni Anglicane. La ricorrenza di Sant&#8217;Agata \u00e8 il&nbsp;<a href=\"app:\/\/it.wikipedia.org\/wiki\/5_febbraio\">5 febbraio<\/a>. Molte chiese parrocchiali della Chiesa dell&#8217;Inghilterra sono a lei dedicate.<\/p>\n\n\n\n<p class=\"wp-block-paragraph\">Agata, assieme a&nbsp;<a href=\"app:\/\/it.wikipedia.org\/wiki\/Cristina_di_Bolsena\">santa Cristina<\/a>,&nbsp;<a href=\"app:\/\/it.wikipedia.org\/wiki\/Ninfa_(martire)\">santa Ninfa<\/a>&nbsp;e&nbsp;<a href=\"app:\/\/it.wikipedia.org\/wiki\/Sant'Oliva\" class=\"mw-redirect\">sant&#8217;Oliva<\/a>, \u00e8 una delle quattro sante protettrici della Citt\u00e0 Felicissima ossia Palermo, \u00ab<em>caput regni et sedis regis<\/em>\u00bb della Sicilia (<a href=\"app:\/\/it.wikipedia.org\/wiki\/Santa_Rosalia\">Santa Rosalia<\/a>&nbsp;nascer\u00e0 nel&nbsp;<a href=\"app:\/\/it.wikipedia.org\/wiki\/XII_secolo\">XII secolo<\/a>). La sua statua \u00e8 presente nell&#8217;ordine superiore della facciata est dei&nbsp;<a href=\"app:\/\/it.wikipedia.org\/wiki\/Quattro_Canti_(Palermo)\">Quattro Canti di Citt\u00e0<\/a>, a protezione del quartiere Tribunali (generalmente noto come&nbsp;<a href=\"app:\/\/it.wikipedia.org\/wiki\/Kalsa\" class=\"mw-redirect\">Kalsa<\/a>).<\/p>\n\n\n\n<p class=\"wp-block-paragraph\">La festa di Sant&#8217;Agata ricorre il 5 febbraio anche per la Chiesa Cattolica e per la Chiesa Ortodossa. La devozione a Sant&#8217;Agata \u00e8 documentata in una copia del <em><a href=\"app:\/\/it.wikipedia.org\/wiki\/Martirologio_geronimiano\">Martirologio geronimiano<\/a><\/em> autenticamente attribuita al <a href=\"app:\/\/it.wikipedia.org\/wiki\/San_Girolamo\">santo<\/a> e nel Calendario dell&#8217;antica <a href=\"app:\/\/it.wikipedia.org\/wiki\/Cartagine\">Cartagine<\/a> (<a href=\"app:\/\/it.wikipedia.org\/wiki\/Sinassario\">Sinassario<\/a>) del 530 d.C. circa..<br>In letteratura si trovano anche: l&#8217;inno di un autore anonimo tramandato dall&#8217;opera di <a href=\"app:\/\/it.wikipedia.org\/wiki\/Papa_Damaso_I\">papa Damaso I<\/a>(366-384 d.C.), due componimenti poetici di <a href=\"app:\/\/it.wikipedia.org\/wiki\/Venanzio_Fortunato\">Venanzio Fortunato<\/a> (VI secolo, \u00abCarme VIII\u00bb. <em>Sulla Verginit\u00e0<\/em>), \u00e8 dipinta nelle processioni dei santi raffigurate nella <a href=\"app:\/\/it.wikipedia.org\/wiki\/Basilica_di_Sant'Apollinare_in_Classe\">Basilica di Sant&#8217;Apollinare in Classe<\/a> a <a href=\"app:\/\/it.wikipedia.org\/wiki\/Ravenna\">Ravenna<\/a>.<br>Alcuni <a href=\"app:\/\/it.wikipedia.org\/wiki\/Panegirico\">panegirici<\/a> furono composti in suo onore da <a href=\"app:\/\/it.wikipedia.org\/wiki\/Isidoro_di_Siviglia\">Isidoro di Siviglia<\/a> (VI sec.), <a href=\"app:\/\/it.wikipedia.org\/wiki\/Aldelmo_di_Malmesbury\">Aldelmo di Malmesbury<\/a>(VII sec.), e dal <a href=\"app:\/\/it.wikipedia.org\/wiki\/Patriarchi_di_Costantinopoli\">patriarca<\/a> <a href=\"app:\/\/it.wikipedia.org\/wiki\/Metodio_I\">Metodio I<\/a>.<\/p>\n\n\n\n<p class=\"wp-block-paragraph\"><\/p>\n\n\n\n<figure class=\"wp-block-image size-large\"><img data-recalc-dims=\"1\" decoding=\"async\" width=\"605\" height=\"866\" src=\"https:\/\/i0.wp.com\/www.militia-christi.it\/sitoweb\/wp-content\/uploads\/2024\/02\/img_6228-1.jpg?resize=605%2C866&#038;ssl=1\" class=\"wp-image-1120\" srcset=\"https:\/\/i0.wp.com\/www.militia-christi.it\/sitoweb\/wp-content\/uploads\/2024\/02\/img_6228-1.jpg?w=605&amp;ssl=1 605w, https:\/\/i0.wp.com\/www.militia-christi.it\/sitoweb\/wp-content\/uploads\/2024\/02\/img_6228-1.jpg?resize=210%2C300&amp;ssl=1 210w\" sizes=\"(max-width: 605px) 100vw, 605px\" \/><\/figure>\n\n\n\n<h3 class=\"wp-block-heading\" id=\"Le_reliquie\">Le reliquie<\/h3>\n\n\n\n<p class=\"wp-block-paragraph\">Nel&nbsp;<a href=\"app:\/\/it.wikipedia.org\/wiki\/1040\">1040<\/a>&nbsp;il generale bizantino&nbsp;<a href=\"app:\/\/it.wikipedia.org\/wiki\/Giorgio_Maniace\">Giorgio Maniace<\/a>trafug\u00f2 le&nbsp;<a href=\"app:\/\/it.wikipedia.org\/wiki\/Reliquia\">reliquie<\/a>&nbsp;della Santa per portarle a&nbsp;<a href=\"app:\/\/it.wikipedia.org\/wiki\/Costantinopoli\">Costantinopoli<\/a>. Nel&nbsp;<a href=\"app:\/\/it.wikipedia.org\/wiki\/1126\">1126<\/a>&nbsp;due soldati, che erano stati in precedenza in servizio nell&#8217;<a href=\"app:\/\/it.wikipedia.org\/wiki\/Esercito_bizantino\">esercito bizantino<\/a>, Gisliberto (secondo i documenti chiamato anche Gilberto o Giliberto) e Goselmo (uno di origine francese e l&#8217;altro salentino di&nbsp;<a href=\"app:\/\/it.wikipedia.org\/wiki\/Gallipoli\">Gallipoli<\/a>), rubarono i resti della martire per restituirle al Vescovo di Catania&nbsp;<a href=\"app:\/\/it.wikipedia.org\/wiki\/Maurizio_di_Catania\">Maurizio<\/a>, la consegna avvenne nel&nbsp;<a href=\"app:\/\/it.wikipedia.org\/wiki\/Castello_di_Aci\">Castello di Aci<\/a>, l&#8217;odierna&nbsp;<a href=\"app:\/\/it.wikipedia.org\/wiki\/Aci_Castello\">Aci Castello<\/a>.<\/p>\n\n\n\n<p class=\"wp-block-paragraph\">L&#8217;8 agosto&nbsp;<a href=\"app:\/\/it.wikipedia.org\/wiki\/1126\">1126<\/a>&nbsp;la nave approd\u00f2 sulle coste di&nbsp;<a href=\"app:\/\/it.wikipedia.org\/wiki\/Gallipoli\">Gallipoli<\/a>&nbsp;e Goselmo, come segno di riconoscimento per l\u2019ospitalit\u00e0 ricevuta da parte della sua citt\u00e0 nat\u00eca, volle lasciare sul litorale una delle reliquie pi\u00f9 insigni della Santa, ovvero una delle due mammelle. Oggi si conserva nella&nbsp;<a href=\"app:\/\/it.wikipedia.org\/wiki\/Basilica_di_Santa_Caterina_d'Alessandria\">Basilica di Santa Caterina d&#8217;Alessandria<\/a>&nbsp;di&nbsp;<a href=\"app:\/\/it.wikipedia.org\/wiki\/Galatina\">Galatina<\/a>&nbsp;perch\u00e9 rubata nel&nbsp;<a href=\"app:\/\/it.wikipedia.org\/wiki\/1389\">1389<\/a>, dalla&nbsp;<a href=\"app:\/\/it.wikipedia.org\/wiki\/Basilica_concattedrale_di_Sant'Agata\">Basilica concattedrale di Sant&#8217;Agata<\/a>&nbsp;di Gallipoli da&nbsp;<a href=\"app:\/\/it.wikipedia.org\/wiki\/Raimondo_Orsini_del_Balzo\">Raimondello Orsini del Balzo<\/a>.<\/p>\n\n\n\n<p class=\"wp-block-paragraph\">Secondo il vescovo Maurizio di Catania, Gilberto, che all&#8217;epoca era al servizio dell&#8217;imperatore&nbsp;<a href=\"app:\/\/it.wikipedia.org\/wiki\/Giovanni_II_Comneno\">Giovanni II Comneno<\/a>&nbsp;(1118 \u2013 1143), decise di intraprendere tale missione dopo aver ricevuto una visione della Santa. Giovanni II tent\u00f2 di arrestare invano Gisliberto e Goselmo, poich\u00e9 gli parve un &#8220;cattivo presagio&#8221; al destino dell&#8217;Impero. Al vescovo Maurizio, Dio avrebbe mostrato il suo favore per i Normanni che all&#8217;epoca dominavano in Sicilia a scapito dell&#8217;ultima dominazione cristiana della Sicilia, l&#8217;Impero bizantino<sup class=\"mw-ref reference left-touch-area\"><a href=\"app:\/\/it.wikipedia.org\/wiki\/Sant'Agata#cite_note-27\" class=\"reference-link\"><\/a><\/sup>.<\/p>\n\n\n\n<p class=\"wp-block-paragraph\">Il 17 agosto&nbsp;<a href=\"app:\/\/it.wikipedia.org\/wiki\/1126\">1126<\/a>, le reliquie rientrarono nel&nbsp;<a href=\"app:\/\/it.wikipedia.org\/wiki\/Cattedrale_di_Sant'Agata\">Duomo<\/a>&nbsp;di Catania. Questi resti sono oggi conservati in parte all&#8217;interno del prezioso busto in argento (parte del cranio, del torace e alcuni organi interni), opera del&nbsp;<a href=\"app:\/\/it.wikipedia.org\/wiki\/1376\">1376<\/a>&nbsp;dell&#8217;orafo senese&nbsp;<a href=\"app:\/\/it.wikipedia.org\/wiki\/Giovanni_di_Bartolo\">Giovanni di Bartolo<\/a>&nbsp;e in parte dentro a&nbsp;<a href=\"app:\/\/it.wikipedia.org\/wiki\/Reliquiario\">reliquiari<\/a>&nbsp;posti in un grande&nbsp;<a href=\"app:\/\/it.wikipedia.org\/wiki\/Scrigno\">scrigno<\/a>, anch&#8217;esso d&#8217;argento (braccia e mani, femori, gambe e piedi, la mammella e il velo), opera del catanese&nbsp;<a href=\"app:\/\/it.wikipedia.org\/wiki\/Vincenzo_Archifel\">Vincenzo Archifel<\/a>.<\/p>\n\n\n\n<p class=\"wp-block-paragraph\">Altre reliquie della Santa, come ad esempio piccoli frammenti di velo e singole ossa, sono custodite in chiese e monasteri di varie citt\u00e0 italiane ed estere. Un braccio \u00e8 custodito nella&nbsp;<a href=\"app:\/\/it.wikipedia.org\/wiki\/Cattedrale_di_Palermo\">Cattedrale di Palermo<\/a>.<\/p>\n\n\n\n<p class=\"wp-block-paragraph\">Sulla storia delle traslazioni vari studiosi se ne sono occupati in passato (Gaetani<sup class=\"mw-ref reference default-touch-area\"><a href=\"app:\/\/it.wikipedia.org\/wiki\/Sant'Agata#cite_note-28\" class=\"reference-link\"><\/a><\/sup>, De Grossis<sup class=\"mw-ref reference default-touch-area\"><a href=\"app:\/\/it.wikipedia.org\/wiki\/Sant'Agata#cite_note-29\" class=\"reference-link\"><\/a><\/sup>, Carrera<sup class=\"mw-ref reference default-touch-area\"><a href=\"app:\/\/it.wikipedia.org\/wiki\/Sant'Agata#cite_note-30\" class=\"reference-link\"><\/a><\/sup>, l&#8217;abate Amico<sup class=\"mw-ref reference default-touch-area\"><a href=\"app:\/\/it.wikipedia.org\/wiki\/Sant'Agata#cite_note-31\" class=\"reference-link\"><\/a><\/sup>, Scalia<sup class=\"mw-ref reference default-touch-area\"><a href=\"app:\/\/it.wikipedia.org\/wiki\/Sant'Agata#cite_note-32\" class=\"reference-link\"><\/a><\/sup>) e sembrano unanimemente concordare circa la veridicit\u00e0 storica della traslazione e sull&#8217;autenticit\u00e0 della &#8220;Lettera&#8221; del vescovo Maurizio. Recenti studi hanno fatto nuova luce sui documenti<sup class=\"mw-ref reference left-touch-area\"><a href=\"app:\/\/it.wikipedia.org\/wiki\/Sant'Agata#cite_note-33\" class=\"reference-link\"><\/a><\/sup><sup class=\"mw-ref reference middle-touch-area\"><a href=\"app:\/\/it.wikipedia.org\/wiki\/Sant'Agata#cite_note-34\" class=\"reference-link\"><\/a><\/sup><sup class=\"mw-ref reference right-touch-area\"><a href=\"app:\/\/it.wikipedia.org\/wiki\/Sant'Agata#cite_note-35\" class=\"reference-link\"><\/a><\/sup>. Da ricordare pure una storia manoscritta in lingua siciliana del &#8216;500<sup class=\"mw-ref reference left-touch-area\"><a href=\"app:\/\/it.wikipedia.org\/wiki\/Sant'Agata#cite_note-36\" class=\"reference-link\"><\/a><\/sup>.<\/p>\n\n\n\n<h3 class=\"wp-block-heading\" id=\"La_diatriba_della_reliquia_tra_Gallipoli_e_Galatina\">La diatriba della reliquia tra Gallipoli e Galatina<\/h3>\n\n\n\n<p class=\"wp-block-paragraph\">Fra tutte le citt\u00e0 italiane di cui sant&#8217;Agata \u00e8 Patrona,&nbsp;<a href=\"app:\/\/it.wikipedia.org\/wiki\/Gallipoli_(Italia)\" class=\"mw-redirect\">Gallipoli<\/a>&nbsp;(<a href=\"app:\/\/it.wikipedia.org\/wiki\/Diocesi_di_Nard%C3%B2-Gallipoli\">Diocesi di Nard\u00f2-Gallipoli<\/a>) e&nbsp;<a href=\"app:\/\/it.wikipedia.org\/wiki\/Galatina\">Galatina<\/a>(<a href=\"app:\/\/it.wikipedia.org\/wiki\/Arcidiocesi_di_Otranto\">Arcidiocesi di Otranto<\/a>), in&nbsp;<a href=\"app:\/\/it.wikipedia.org\/wiki\/Puglia\">Puglia<\/a>, sono coinvolte in una singolare contesa che vede come protagonista una presunta reliquia di Sant&#8217;Agata, una mammella.<\/p>\n\n\n\n<p class=\"wp-block-paragraph\">Una leggenda diffusa in Puglia spiegherebbe con un miracolo la presenza della reliquia a&nbsp;<a href=\"app:\/\/it.wikipedia.org\/wiki\/Gallipoli_(Italia)\" class=\"mw-redirect\">Gallipoli<\/a>. Si dice che l&#8217;8 agosto&nbsp;<a href=\"app:\/\/it.wikipedia.org\/wiki\/1126\">1126<\/a>, Goselmo e Gilisberto fecero tappa a&nbsp;<a href=\"app:\/\/it.wikipedia.org\/wiki\/Gallipoli\">Gallipoli<\/a>&nbsp;(citt\u00e0 natale di Goselmo) e come segno di ringraziamento per la calorosa accoglienza ricevuta, lasciarono una mammella della Santa sulla spiaggia. Sant\u2019Agata apparve in sogno a una donna che si era addormentata dopo aver lavato i panni su una spiaggia in localit\u00e0 \u201cCotriero\u201d a Gallipoli e l&#8217;avvert\u00ec che il suo bambino stringeva qualcosa tra le labbra: era la mammella della Santa. La donna si svegli\u00f2 e ne ebbe conferma, ma non riusc\u00ec a convincerlo ad aprire la bocca. Tent\u00f2 a lungo: poi, in preda alla disperazione, si rivolse al Vescovo, che celermente giunse nella spiaggia insieme ad altri ecclesiastici. Il prelato recit\u00f2 la solenne&nbsp;<em><a href=\"app:\/\/it.wikipedia.org\/wiki\/Litanie_dei_Santi\" class=\"mw-redirect\">Litanie<\/a><\/em>&nbsp;in onore di tutti i santi, e soltanto quando pronunci\u00f2 il nome di Agata il bimbo apr\u00ec la bocca. Da essa venne fuori una mammella, attribuita ad Agata. Da quel momento, la \u201ccitt\u00e0 bella\u201d, elev\u00f2 la&nbsp;<a href=\"app:\/\/it.wikipedia.org\/wiki\/Martire\">Martire<\/a>&nbsp;a sua inclita Patrona, dedicandole la&nbsp;<a href=\"app:\/\/it.wikipedia.org\/wiki\/Cattedrale\">cattedrale<\/a>, fino ad allora intitolata a&nbsp;<a href=\"app:\/\/it.wikipedia.org\/wiki\/San_Giovanni_Crisostomo\" class=\"mw-redirect\">San Giovanni Crisostomo<\/a>.<\/p>\n\n\n\n<p class=\"wp-block-paragraph\">La reliquia rimase a Gallipoli, nella&nbsp;<a href=\"app:\/\/it.wikipedia.org\/wiki\/Basilica_concattedrale_di_Sant'Agata\">Basilica concattedrale di Sant&#8217;Agata<\/a>, dal&nbsp;<a href=\"app:\/\/it.wikipedia.org\/wiki\/1126\">1126<\/a>&nbsp;al&nbsp;<a href=\"app:\/\/it.wikipedia.org\/wiki\/1389\">1389<\/a>, fino a quando il principe&nbsp;<a href=\"app:\/\/it.wikipedia.org\/wiki\/Raimondo_Orsini_del_Balzo\">Raimondello Orsini Del Balzo<\/a>&nbsp;la trasfer\u00ec a Galatina, dove fece costruire la chiesa di&nbsp;<a href=\"app:\/\/it.wikipedia.org\/wiki\/Caterina_d'Alessandria\">Santa Caterina d&#8217;Alessandria d&#8217;Egitto<\/a>, nella quale \u00e8 ancora oggi custodita presso un convento di&nbsp;<a href=\"app:\/\/it.wikipedia.org\/wiki\/Frati_francescani\" class=\"mw-redirect\">frati francescani<\/a>. Secondo il vescovo gallipolino Montoya de Cardona la reliquia fu trafugata dagli abitanti di&nbsp;<a href=\"app:\/\/it.wikipedia.org\/wiki\/Galatina\">Galatina<\/a>&nbsp;&#8220;ex auctoritate&#8221; e disse che fu &#8220;rubata furtivamente e all&#8217;insaputa dell&#8217;Universit\u00e0 gallipolitana&#8221;. Numerosi sono stati i tentativi dei gallipolini di riportare nella&nbsp;<a href=\"app:\/\/it.wikipedia.org\/wiki\/Concattedrale_di_Sant'Agata\" class=\"mw-redirect\">Concattedrale di Sant&#8217;Agata<\/a>&nbsp;la reliquia, a partire dal Vescovo Gaetano Muller, il quale scrisse una lettera al&nbsp;<a href=\"app:\/\/it.wikipedia.org\/wiki\/Cardinale\">Cardinale<\/a>prefetto dell&#8217;epoca, fino ad arrivare ad&nbsp;<a href=\"app:\/\/it.wikipedia.org\/wiki\/Achille_Starace\">Achille Starace<\/a>, segretario del&nbsp;<a href=\"app:\/\/it.wikipedia.org\/wiki\/Partito_Nazionale_Fascista\">Partito Nazionale Fascista<\/a>. Inoltre sono state scritte delle lettere per sollecitare il vescovo di Otranto (da cui dipende Galatina), Mons.&nbsp;<a href=\"app:\/\/it.wikipedia.org\/wiki\/Donato_Negro\">Donato Negro<\/a>, a restituire la reliquia tenuta a Galatina.<\/p>\n\n\n\n<h3 class=\"wp-block-heading\" id=\"Il_velo\">Il velo<\/h3>\n\n\n\n<p class=\"wp-block-paragraph\">Il velo di Sant&#8217;Agata \u00e8 una reliquia conservata nella Cattedrale di Catania in uno scrigno d&#8217;argento insieme ad altre reliquie della giovane. Secondo una leggenda il velo fu usato da una donna per coprire la Santa durante il martirio con i carboni ardenti. Nei fatti il cosiddetto &#8220;velo&#8221; di colore rosso faceva parte del vestimento con cui Agata si present\u00f2 al giudizio, essendo questo, indossato su una tunica bianca, l&#8217;abito delle&nbsp;<a href=\"app:\/\/it.wikipedia.org\/wiki\/Diaconessa\">diaconesse<\/a>&nbsp;consacrate a Dio. Secondo un&#8217;altra leggenda il velo era bianco e divent\u00f2 rosso al contatto col fuoco della brace.<\/p>\n\n\n\n<p class=\"wp-block-paragraph\">Nel corso dei secoli, venne pi\u00f9 volte portato in&nbsp;<a href=\"app:\/\/it.wikipedia.org\/wiki\/Processione\">processione<\/a>&nbsp;come estremo rimedio per fermare la lava dell&#8217;<a href=\"app:\/\/it.wikipedia.org\/wiki\/Etna\">Etna<\/a>.<\/p>\n\n\n\n<h3 class=\"wp-block-heading\" id=\"I_miracoli\">I miracoli<\/h3>\n\n\n\n<p class=\"wp-block-paragraph\">Molti sono i&nbsp;<a href=\"app:\/\/it.wikipedia.org\/wiki\/Miracolo\">miracoli<\/a>&nbsp;attribuiti a sant&#8217;Agata nel corso dei secoli:<\/p>\n\n\n\n<ul class=\"wp-block-list\">\n<li>Appena un anno dopo la sua morte, nel\u00a0<a href=\"app:\/\/it.wikipedia.org\/wiki\/252\">252<\/a>, Catania venne colpita da una grave eruzione dell&#8217;Etna. L&#8217;eruzione ebbe inizio il giorno\u00a0<a href=\"app:\/\/it.wikipedia.org\/wiki\/1%C2%BA_febbraio\">1\u00ba febbraio<\/a>\u00a0e aveva gi\u00e0 distrutto alcuni villaggi alla periferia di Catania. Il popolo and\u00f2 in cattedrale e, preso il velo di Sant&#8217;Agata, lo port\u00f2 in processione nei pressi della colata. Questa, secondo la tradizione, si arrest\u00f2 dopo breve tempo. Era il giorno\u00a0<a href=\"app:\/\/it.wikipedia.org\/wiki\/5_febbraio\">5 febbraio<\/a>, la data del martirio della vergine catanese.<\/li>\n\n\n\n<li>Santa\u00a0<a class=\"mw-redirect\" href=\"app:\/\/it.wikipedia.org\/wiki\/Santa_Lucia_da_Siracusa\">Lucia<\/a>, di\u00a0<a href=\"app:\/\/it.wikipedia.org\/wiki\/Siracusa\">Siracusa<\/a>, quasi coetanea di Agata, and\u00f2 con la madre gravemente ammalata a pregare sulla tomba di Agata per implorarne la guarigione. Narra la leggenda che Lucia, mentre pregava, ebbe una visione nella quale Sant&#8217;Agata le disse \u00abperch\u00e9 sei venuta qui quando ci\u00f2 che mi chiedi puoi farlo anche tu? Cos\u00ec come Catania \u00e8 protetta da me, la tua Siracusa lo sar\u00e0 da te.\u00bb La madre di Lucia guar\u00ec, e la giovane dopo poco venne martirizzata.<\/li>\n\n\n\n<li>Nel\u00a0<a href=\"app:\/\/it.wikipedia.org\/wiki\/1169\">1169<\/a>\u00a0Catania fu scossa da un disastroso terremoto nel giorno\u00a0<a href=\"app:\/\/it.wikipedia.org\/wiki\/4_febbraio\">4 febbraio<\/a>\u00a0alle ore 21 quando molti cittadini catanesi erano radunati nella cattedrale per pregare in onore della Santa. Nel crollo della cattedrale morirono il vescovo Giovanni Aiello e 44 monaci, oltre a un numero imprecisato di fedeli. Nei giorni seguenti altre scosse di terremoto e maremoto imperversarono sulla citt\u00e0. La tradizione vuole che il terremoto sia cessato soltanto quando i cittadini presero il velo della Santa e lo portarono in processione.<\/li>\n\n\n\n<li>Secondo le leggende pi\u00f9 di quindici volte, dal\u00a0<a href=\"app:\/\/it.wikipedia.org\/wiki\/252\">252<\/a>al\u00a0<a href=\"app:\/\/it.wikipedia.org\/wiki\/1886\">1886<\/a>, Catania \u00e8 stata salvata dalla distruzione da parte della lava, ed \u00e8 poi stata preservata nel\u00a0<a href=\"app:\/\/it.wikipedia.org\/wiki\/535\">535<\/a>\u00a0dagli Ostrogoti, nel\u00a0<a href=\"app:\/\/it.wikipedia.org\/wiki\/1231\">1231<\/a>\u00a0dall&#8217;ira di\u00a0<a href=\"app:\/\/it.wikipedia.org\/wiki\/Federico_II_di_Svevia\">Federico Il<\/a>, e nel\u00a0<a href=\"app:\/\/it.wikipedia.org\/wiki\/1575\">1575<\/a>\u00a0e nel\u00a0<a href=\"app:\/\/it.wikipedia.org\/wiki\/1743\">1743<\/a>\u00a0dalla peste.<\/li>\n<\/ul>\n\n\n\n<h3 class=\"wp-block-heading\" id=\"La_liberazione_dall'eccidio\">La liberazione dall&#8217;eccidio<\/h3>\n\n\n\n<p class=\"wp-block-paragraph\">Il 25 luglio&nbsp;<a href=\"app:\/\/it.wikipedia.org\/wiki\/1127\">1127<\/a>&nbsp;i Mori presero d&#8217;assedio le coste siciliane. Dove approdavano erano stragi, massacri e rapine. Quando stavano per assalire la costa catanese, gli abitanti della citt\u00e0 ricorsero all&#8217;intercessione di Sant&#8217;Agata e, secondo la leggenda, la grazia non tard\u00f2: Catania fu risparmiata da quel flagello.<\/p>\n\n\n\n<p class=\"wp-block-paragraph\">Nel&nbsp;<a href=\"app:\/\/it.wikipedia.org\/wiki\/1231\">1231<\/a>&nbsp;Federico II di Svevia era giunto in Sicilia per assoggettarla. Molte citt\u00e0 si ammutinarono e Catania fu tra queste. Federico II furente ne ordin\u00f2 la distruzione, ma i catanesi ottennero che, prima dell&#8217;esecuzione di quello sterminio, in cattedrale venisse celebrata l&#8217;ultima messa, alla quale presenzi\u00f2 lo stesso Federico II. Fu durante quella funzione che il re svevo, sulle pagine del suo breviario, lesse una frase, comparsa miracolosamente, che gli suon\u00f2 come un pericoloso avvertimento:&nbsp;<em><a href=\"app:\/\/it.wikipedia.org\/wiki\/Noli_offendere_Patriam_Agathae_quia_ultrix_iniuriarum_est\">Noli offendere Patriam Agathae quia ultrix iniuriarum est<\/a><\/em><sup class=\"mw-ref reference left-touch-area\"><a href=\"app:\/\/it.wikipedia.org\/wiki\/Sant'Agata#cite_note-37\" class=\"reference-link\"><\/a><\/sup>.<\/p>\n\n\n\n<p class=\"wp-block-paragraph\">Immediatamente abbandon\u00f2 il progetto di distruzione, revoc\u00f2 l&#8217;editto e si accontent\u00f2 soltanto che il popolo passasse sotto due spade incrociate, pendenti da un arco eretto in mezzo alla citt\u00e0. A Federico bast\u00f2 un atto di sottomissione e lasci\u00f2 incolumi i cittadini e Catania, salvata per l&#8217;intercessione della Madonna delle Grazie e di Sant&#8217;Agata.<\/p>\n\n\n\n<p class=\"wp-block-paragraph\">La citt\u00e0 tradizionalmente ricorda questo evento con un bassorilievo di marmo che si trova oggi all&#8217;ingresso del Palazzo comunale e raffigura Agata, seduta su un trono come una vera regina, che calpesta il volto barbuto di Federico II di Svevia<sup class=\"mw-ref reference left-touch-area\"><a href=\"app:\/\/it.wikipedia.org\/wiki\/Sant'Agata#cite_note-38\" class=\"reference-link\"><\/a><\/sup>.<\/p>\n\n\n\n<h3 class=\"wp-block-heading\" id=\"La_lava_e_i_terremoti\">La lava e i terremoti<\/h3>\n\n\n\n<p class=\"wp-block-paragraph\">Nel&nbsp;<a href=\"app:\/\/it.wikipedia.org\/wiki\/1169\">1169<\/a>&nbsp;un&nbsp;<a href=\"app:\/\/it.wikipedia.org\/wiki\/Terremoto_del_1169\" class=\"mw-redirect\">terremoto<\/a>&nbsp;fece da preludio a una tremenda eruzione. Un fiume di lava, scorrendo per i pendii dell&#8217;Etna e allargandosi per le campagne, distruggeva ogni cosa al suo passare e avanzava inarrestabile verso la citt\u00e0. Ma, come era avvenuto un anno dopo la morte di Sant&#8217;Agata, una processione col sacro velo blocc\u00f2 il fiume di lava. Miracoli simili i catanesi li ottennero anche nel&nbsp;<a href=\"app:\/\/it.wikipedia.org\/wiki\/1329\">1329<\/a>, nel&nbsp;<a href=\"app:\/\/it.wikipedia.org\/wiki\/1381\">1381<\/a>, nel&nbsp;<a href=\"app:\/\/it.wikipedia.org\/wiki\/1408\">1408<\/a>, nel&nbsp;<a href=\"app:\/\/it.wikipedia.org\/wiki\/1444\">1444<\/a>, nel&nbsp;<a href=\"app:\/\/it.wikipedia.org\/wiki\/1536\">1536<\/a>, nel&nbsp;<a href=\"app:\/\/it.wikipedia.org\/wiki\/1567\">1567<\/a>&nbsp;e nel&nbsp;<a href=\"app:\/\/it.wikipedia.org\/wiki\/1635\">1635<\/a>.<\/p>\n\n\n\n<p class=\"wp-block-paragraph\">Ma l&#8217;eruzione pi\u00f9 disastrosa avvenne nel&nbsp;<a href=\"app:\/\/it.wikipedia.org\/wiki\/1669\">1669<\/a>: una serie di bocche si aprirono lungo i fianchi del vulcano, che erutt\u00f2 lava e lapilli per sessantotto giorni. La lava distrusse molti centri abitati e giunse fino in citt\u00e0, circondando il fossato del Castello Ursino. Nella sacrestia della cattedrale un affresco, realizzato dieci anni dopo l&#8217;eruzione da chi aveva vissuto in prima persona quei tragici momenti, descrive le scene quasi apocalittiche di quella distruzione.<\/p>\n\n\n\n<p class=\"wp-block-paragraph\">Quando il magma era giunto a una distanza di trecento metri dal duomo, miracolosamente scans\u00f2 i luoghi in cui Sant&#8217;Agata era stata imprigionata, aveva subito il martirio e dove poi era stata sepolta, per andare a scaricarsi in mare e proseguire per pi\u00f9 di tre chilometri. Sembr\u00f2 chiara la volont\u00e0 della Santa catanese di salvare i luoghi che appartenevano alla sua storia e al suo culto. A quella terribile eruzione \u00e8 legato anche un altro evento prodigioso: un affresco, che raffigurava Sant&#8217;Agata in carcere, e che si trovava in un&#8217;edicola fuori le mura della citt\u00e0, fu trasportato intatto dal fiume di lava per centinaia di metri. Ora quel dipinto si trova sull&#8217;altare maggiore della chiesa di Sant&#8217;Agata alle Sciare, a Catania. Dono di ringraziamento per aver salvato la citt\u00e0 dalla distruzione \u00e8 la grande lampada votiva d&#8217;argento che si trova al centro della cappella di Sant&#8217;Agata nella cattedrale e che&nbsp;<a href=\"app:\/\/it.wikipedia.org\/wiki\/Carlo_II_di_Spagna\">Carlo II di Spagna<\/a>&nbsp;volle offrire alla patrona della citt\u00e0.<\/p>\n\n\n\n<p class=\"wp-block-paragraph\">Nel&nbsp;<a href=\"app:\/\/it.wikipedia.org\/wiki\/1693\">1693<\/a>&nbsp;un violento terremoto fece tremare Catania. Ci furono diciottomila morti. Nessuno dei novemila superstiti dopo la catastrofe voleva pi\u00f9 ritornare in citt\u00e0. Catania sarebbe diventata una citt\u00e0 fantasma se un delegato del Vescovo, in processione con le reliquie di Sant&#8217;Agata, non avesse supplicato il popolo a rimanere e a ricostruire la citt\u00e0.<\/p>\n\n\n\n<p class=\"wp-block-paragraph\">Nel&nbsp;<a href=\"app:\/\/it.wikipedia.org\/wiki\/1886\">1886<\/a>&nbsp;una bocca eruttiva si era aperta a Nicolosi, un centro abitato alle pendici dell&#8217;Etna. Il beato&nbsp;<a href=\"app:\/\/it.wikipedia.org\/wiki\/Giuseppe_Benedetto_Dusmet\">cardinale Dusmet<\/a>, il&nbsp;<a href=\"app:\/\/it.wikipedia.org\/wiki\/24_maggio\">24 maggio<\/a>, port\u00f2 in processione il velo di Sant&#8217;Agata e, bench\u00e9 la processione si fosse fermata in un tratto in discesa, il magma lavico si arrest\u00f2 immediatamente. In quel punto, in memoria dello straordinario miracolo, sorge ora un piccolo altare.<\/p>\n\n\n\n<h3 class=\"wp-block-heading\" id=\"La_peste\">La peste<\/h3>\n\n\n\n<p class=\"wp-block-paragraph\">In pi\u00f9 occasioni a Sant&#8217;Agata \u00e8 stata riconosciuto un intervento sulla citt\u00e0 anche a protezione dalle epidemie.<sup class=\"mw-ref reference default-touch-area\"><a href=\"app:\/\/it.wikipedia.org\/wiki\/Sant'Agata#cite_note-39\" class=\"reference-link\"><\/a><\/sup>&nbsp;Nel&nbsp;<a href=\"app:\/\/it.wikipedia.org\/wiki\/1576\">1576<\/a>, quando la peste cominci\u00f2 a diffondersi poco lontano da Catania, il senato pens\u00f2 di ricorrere all&#8217;intercessione della patrona. Le reliquie furono portate in processione lungo le vie della citt\u00e0 e, una volta giunte accanto agli ospedali dove erano ricoverati gli appestati, essi guarirono e nessuno fu pi\u00f9 contagiato.<\/p>\n\n\n\n<p class=\"wp-block-paragraph\">Nel&nbsp;<a href=\"app:\/\/it.wikipedia.org\/wiki\/1743\">1743<\/a>&nbsp;una seconda ondata di peste stava per diffondersi da Messina anche a Catania. Le reliquie furono portate in processione e la peste cess\u00f2. In ricordo di questo prodigio, fu eretta nell&#8217;attuale piazza dei Martiri, una colonna romana (proveniente dal&nbsp;<a href=\"app:\/\/it.wikipedia.org\/wiki\/Teatro_romano_di_Catania\">Teatro romano<\/a>) sormontata da una effigie di Sant&#8217;Agata che schiaccia la testa di un mostro, simbolo della peste.<\/p>\n\n\n\n<h3 class=\"wp-block-heading\" id=\"La_Festa_di_Sant'Agata\">La Festa di Sant&#8217;Agata<\/h3>\n\n\n\n<figure class=\"wp-block-image\"><img decoding=\"async\" src=\"app:\/\/upload.wikimedia.org\/wikipedia\/commons\/thumb\/8\/87\/Magnifying_glass_icon_mgx2.svg\/18px-Magnifying_glass_icon_mgx2.svg.png\" alt=\"\"\/><\/figure>\n\n\n\n<p class=\"wp-block-paragraph\">Lo stesso argomento in dettaglio: <strong><a class=\"mw-redirect\" href=\"app:\/\/it.wikipedia.org\/wiki\/Festa_di_Sant'Agata\">Festa di Sant&#8217;Agata<\/a><\/strong>.<\/p>\n\n\n\n<p class=\"wp-block-paragraph\">Dal&nbsp;<a href=\"app:\/\/it.wikipedia.org\/wiki\/3_febbraio\">3<\/a>&nbsp;al&nbsp;<a href=\"app:\/\/it.wikipedia.org\/wiki\/5_febbraio\">5 febbraio<\/a>,&nbsp;<a href=\"app:\/\/it.wikipedia.org\/wiki\/Catania\">Catania<\/a>&nbsp;dedica alla Santa una&nbsp;<a href=\"app:\/\/it.wikipedia.org\/wiki\/Festa_di_Sant'Agata\" class=\"mw-redirect\">grande festa<\/a>, misto di fede e folklore. Secondo la tradizione, alla notizia del rientro delle reliquie della Santa nel&nbsp;<a href=\"app:\/\/it.wikipedia.org\/wiki\/1126\">1126<\/a>, il vescovo usc\u00ec in processione per la citt\u00e0 a piedi scalzi con le vesti da notte, seguito dal clero, dai nobili e dal popolo. Controversa \u00e8 l&#8217;origine del tradizionale abito che i devoti indossano nei giorni dei festeggiamenti, il&nbsp;<em>Sacco agatino<\/em>: camici e guanti bianchi con in testa una papalina nera. Una radicata leggenda popolare vuole siano legati al fatto che i cittadini catanesi, svegliati in piena notte dal suono delle campane al rientro delle reliquie in citt\u00e0, si riversarono nelle strade in camicia da notte; la leggenda risulta essere priva di fondamento poich\u00e9 l&#8217;uso della camicia da notte risale al&nbsp;<a href=\"app:\/\/it.wikipedia.org\/wiki\/XIV_secolo\">XIV secolo<\/a>mentre la traslazione delle reliquie avvenne nel&nbsp;<a href=\"app:\/\/it.wikipedia.org\/wiki\/XII_secolo\">XII<\/a>. Il Ciaceri, insigne studioso dei culti e del folclore di Sicilia, afferma che l&#8217;abito bianco sia una eredit\u00e0 del precedente culto della dea Iside, come la barca &#8211; oggi non pi\u00f9 in uso &#8211; che anticipava il simulacro della dea.<\/p>\n\n\n\n<p class=\"wp-block-paragraph\">Ma la tradizione storica pi\u00f9 affermata (tra cui, in ordine lessicografico: Amico, Carrera, Dandolo, De Grossis, Fazello, Gaetani, Maurolico, Pirri, ecc.) indica che l&#8217;abito votivo altro non \u00e8 che un&nbsp;<a href=\"app:\/\/it.wikipedia.org\/wiki\/Saio\">saio<\/a>penitenziale o&nbsp;<a href=\"app:\/\/it.wikipedia.org\/wiki\/Cilicio\">cilicio<\/a>&nbsp;o&nbsp;<a href=\"app:\/\/it.wikipedia.org\/wiki\/Tunica_(abbigliamento)\">tunica<\/a>, in ogni caso bianco per indicare la&nbsp;<a href=\"app:\/\/it.wikipedia.org\/wiki\/Purezza_(concetto_morale)\">purezza<\/a>, indossato dai catanesi il 17 agosto quando i due soldati, il francese Gilberto e il calabrese Goselmo, riportarono le reliquie a Catania da Costantinopoli<sup class=\"noprint chiarimento-apice\">[<em><a href=\"app:\/\/it.wikipedia.org\/wiki\/Wikipedia:Uso_delle_fonti\">senza&nbsp;fonte<\/a><\/em>]<\/sup>.<\/p>\n\n\n\n<p class=\"wp-block-paragraph\">Altri elementi caratteristici della festa sono il&nbsp;<a href=\"app:\/\/it.wikipedia.org\/wiki\/Fercolo\">fercolo<\/a>d&#8217;argento dove vengono poste le reliquie della Santa posto a sua volta su un carro o&nbsp;<em>Vara<\/em>&nbsp;anticamente senza ruote avendo nella sua parte inferiore 4 mezzelune metalliche che ne consentivano il trascinamento sul basolato lavico di cui le strade del centro storico sono costituite. In tempi recenti all\u2019interno di tali mezzelune sono state poste delle ruote gommate con freni idraulici che ne garantiscono la sicurezza ma, comunque non esiste sistema di virata al punto che nelle curve a gomito la struttura deve essere sollevata da dei martinetti per consentirne il cambio di direzione. Nella processione di giorno 4 esso \u00e8 adornato con garofani rosa (simboli del sangue e dunque del martirio subito dalla santa), mentre in quella di giorno 5 \u00e8 addobbato con garofani bianchi (simboli di purezza, castit\u00e0 e di fede al Signore). Legati al veicolo due cordoni di oltre 100 metri cui si aggrappano centinaia di \u201cDevoti\u201d (con il&nbsp;<em>Sacco agatino<\/em>&nbsp;ossia la suddetta tunica bianca stretta da un cordone, cuffia o papalina nera, fazzoletto e guanti bianchi) che fino al&nbsp;<a href=\"app:\/\/it.wikipedia.org\/wiki\/6_febbraio\">6 febbraio<\/a>&nbsp;tirano instancabilmente il carro. La Vara viene portata in processione preceduta dalle&nbsp;<a href=\"app:\/\/it.wikipedia.org\/wiki\/Candelore\" class=\"mw-redirect\">candelore<\/a>&nbsp;o&nbsp;<em>cannalori<\/em>&nbsp;, oggi in numero di tredici tra quelle \u201cstoriche\u201d e quelle aggiunte e dedicate in tempi recenti, appartenenti ciascuna ad un altro&nbsp;<a href=\"app:\/\/it.wikipedia.org\/wiki\/Corporazione\">corporazione<\/a>&nbsp;degli artigiani cittadini o simboleggianti le offerte alcuni quartieri catanesi (\u201cla Rena\u201d o \u201cvillaggio Sant\u2019Agata\u201d) o della associazione dei devoti (il Circolo Sant\u2019Agata). Tutto avviene fra ali di folla che agita bianchi fazzoletti e grida&nbsp;<em>Cittadini, cittadini, semu tutti devoti tutti<\/em>. \u00c8 considerata tra le tre principali feste cattoliche a livello mondiale per affluenza. Nel&nbsp;<a href=\"app:\/\/it.wikipedia.org\/wiki\/XIV_secolo\">XIV secolo<\/a>&nbsp;Sant&#8217;Agata \u00e8 stata eletta compatrona della citt\u00e0 di&nbsp;<a href=\"app:\/\/it.wikipedia.org\/wiki\/Pistoia\">Pistoia<\/a>, in quanto il 5 febbraio&nbsp;<a href=\"app:\/\/it.wikipedia.org\/wiki\/1312\">1312<\/a>&nbsp;venne firmata la pace tra i pistoiesi e i fiorentini. La reliquia di Sant&#8217;Agata vergine e martire, venerata in Cattedrale, fu donata dal Cardinale&nbsp;<a href=\"app:\/\/it.wikipedia.org\/wiki\/Antonio_Pucci_(cardinale)\">Antonio Pucci<\/a>, gi\u00e0&nbsp;<a href=\"app:\/\/it.wikipedia.org\/wiki\/Vescovo_di_Pistoia\" class=\"mw-redirect\">vescovo di Pistoia<\/a>.<\/p>\n\n\n\n<h3 class=\"wp-block-heading\" id=\"Patronati\">Patronati<\/h3>\n\n\n\n<p class=\"wp-block-paragraph\">Sant&#8217;Agata \u00e8 la patrona per:<\/p>\n\n\n\n<ul class=\"wp-block-list\">\n<li>Tutti i martiri, donne vittime di violenza sessuale, vittime di tortura, gli uomini di legge non sposati;<\/li>\n\n\n\n<li>Donne con il tumore al seno, badanti;<\/li>\n\n\n\n<li>Contro il fuoco, terremoti, disastri naturali, eruzioni vulcaniche, le eruzioni del vulcano Etna;<\/li>\n\n\n\n<li>Gioiellieri, panettieri e fonditori di campane.<\/li>\n\n\n\n<li><a href=\"app:\/\/it.wikipedia.org\/wiki\/Spagna\">Spagna<\/a>,\u00a0<a href=\"app:\/\/it.wikipedia.org\/wiki\/Sicilia\">Sicilia<\/a>,\u00a0<a href=\"app:\/\/it.wikipedia.org\/wiki\/Malta\">Malta<\/a>,\u00a0<a href=\"app:\/\/it.wikipedia.org\/wiki\/San_Marino\">San Marino<\/a>.<\/li>\n<\/ul>\n\n\n\n<p class=\"wp-block-paragraph\">Il suo culto \u00e8 strettamente legato alla&nbsp;<a href=\"app:\/\/it.wikipedia.org\/wiki\/Preghiera_a_San_Michele\" class=\"mw-redirect\">Preghiera<\/a>&nbsp;a San&nbsp;<a href=\"app:\/\/it.wikipedia.org\/wiki\/Michele_Arcangelo\" class=\"mw-redirect\">Michele Arcangelo<\/a>.<\/p>\n\n\n\n<p class=\"wp-block-paragraph\">Inoltre \u00e8 patrona di diversi comuni italiani:<\/p>\n\n\n\n<ul class=\"wp-block-list\">\n<li><a href=\"app:\/\/it.wikipedia.org\/wiki\/Al%C3%AC_(Italia)\">Al\u00ec<\/a>\u00a0(<a href=\"app:\/\/it.wikipedia.org\/wiki\/Provincia_di_Messina\">ME<\/a>)<\/li>\n\n\n\n<li><a href=\"app:\/\/it.wikipedia.org\/wiki\/Asciano\">Asciano<\/a>\u00a0(<a href=\"app:\/\/it.wikipedia.org\/wiki\/Provincia_di_Siena\">SI<\/a>)<\/li>\n\n\n\n<li><a href=\"app:\/\/it.wikipedia.org\/wiki\/Basiglio\">Basiglio<\/a>\u00a0(<a href=\"app:\/\/it.wikipedia.org\/wiki\/Citt%C3%A0_metropolitana_di_Milano\">MI<\/a>)<\/li>\n\n\n\n<li><a href=\"app:\/\/it.wikipedia.org\/wiki\/Besenello\">Besenello<\/a>\u00a0(<a class=\"mw-redirect\" href=\"app:\/\/it.wikipedia.org\/wiki\/Provincia_di_Trento\">TN<\/a>)<\/li>\n\n\n\n<li><a href=\"app:\/\/it.wikipedia.org\/wiki\/Bulgarograsso\">Bulgarograsso<\/a>\u00a0(<a href=\"app:\/\/it.wikipedia.org\/wiki\/Provincia_di_Como\">CO<\/a>) compatrona<\/li>\n\n\n\n<li><a href=\"app:\/\/it.wikipedia.org\/wiki\/Campogialli\">Campogialli<\/a>\u00a0(<a href=\"app:\/\/it.wikipedia.org\/wiki\/Provincia_di_Arezzo\">AR<\/a>)<\/li>\n\n\n\n<li><a href=\"app:\/\/it.wikipedia.org\/wiki\/Capua\">Capua<\/a>\u00a0(<a href=\"app:\/\/it.wikipedia.org\/wiki\/Provincia_di_Caserta\">CE<\/a>) compatrona<\/li>\n\n\n\n<li><a href=\"app:\/\/it.wikipedia.org\/wiki\/Catania\">Catania<\/a><\/li>\n\n\n\n<li><a href=\"app:\/\/it.wikipedia.org\/wiki\/Cineto_Romano\">Cineto Romano<\/a>\u00a0(RM)<\/li>\n\n\n\n<li><a href=\"app:\/\/it.wikipedia.org\/wiki\/Commezzadura\">Commezzadura<\/a>\u00a0(<a class=\"mw-redirect\" href=\"app:\/\/it.wikipedia.org\/wiki\/Provincia_di_Trento\">TN<\/a>)<\/li>\n\n\n\n<li><a href=\"app:\/\/it.wikipedia.org\/wiki\/Faedo\">Faedo<\/a>\u00a0(<a class=\"mw-redirect\" href=\"app:\/\/it.wikipedia.org\/wiki\/Provincia_di_Trento\">TN<\/a>)<\/li>\n\n\n\n<li><a href=\"app:\/\/it.wikipedia.org\/wiki\/Filogaso\">Filogaso<\/a>\u00a0(<a href=\"app:\/\/it.wikipedia.org\/wiki\/Provincia_di_Vibo_Valentia\">VV<\/a>)<\/li>\n\n\n\n<li><a href=\"app:\/\/it.wikipedia.org\/wiki\/Fossalunga\">Fossalunga<\/a>\u00a0(<a href=\"app:\/\/it.wikipedia.org\/wiki\/Provincia_di_Treviso\">TV<\/a>)<\/li>\n\n\n\n<li><a class=\"mw-redirect\" href=\"app:\/\/it.wikipedia.org\/wiki\/Gallipoli_(Italia)\">Gallipoli<\/a>\u00a0(<a href=\"app:\/\/it.wikipedia.org\/wiki\/Provincia_di_Lecce\">LE<\/a>) Patrona principale insieme a San Sebastiano<\/li>\n\n\n\n<li><a href=\"app:\/\/it.wikipedia.org\/wiki\/Guardabosone\">Guardabosone<\/a>\u00a0(<a href=\"app:\/\/it.wikipedia.org\/wiki\/Provincia_di_Vercelli\">VC<\/a>)<\/li>\n<\/ul>\n\n\n\n<ul class=\"wp-block-list\">\n<li><a href=\"app:\/\/it.wikipedia.org\/wiki\/Marcignago\">Marcignago<\/a>\u00a0(<a href=\"app:\/\/it.wikipedia.org\/wiki\/Provincia_di_Pavia\">PV<\/a>)<\/li>\n\n\n\n<li><a href=\"app:\/\/it.wikipedia.org\/wiki\/Martinengo\">Martinengo<\/a>\u00a0(<a href=\"app:\/\/it.wikipedia.org\/wiki\/Provincia_di_Bergamo\">BG<\/a>)<\/li>\n\n\n\n<li><a href=\"app:\/\/it.wikipedia.org\/wiki\/Montiano\">Montiano<\/a>\u00a0(<a href=\"app:\/\/it.wikipedia.org\/wiki\/Provincia_di_Forl%C3%AC-Cesena\">FC<\/a>)<\/li>\n\n\n\n<li><a href=\"app:\/\/it.wikipedia.org\/wiki\/Monticello_Brianza\">Monticello Brianza<\/a>(<a href=\"app:\/\/it.wikipedia.org\/wiki\/Provincia_di_Lecco\">LC<\/a>)<\/li>\n\n\n\n<li><a href=\"app:\/\/it.wikipedia.org\/wiki\/Moransengo\">Moransengo<\/a>\u00a0(<a href=\"app:\/\/it.wikipedia.org\/wiki\/Provincia_di_Asti\">AT<\/a>)<\/li>\n\n\n\n<li><a href=\"app:\/\/it.wikipedia.org\/wiki\/Ornago\">Ornago<\/a>\u00a0(<a class=\"mw-redirect\" href=\"app:\/\/it.wikipedia.org\/wiki\/Provincia_di_Monza-Brianza\">MB<\/a>)<\/li>\n\n\n\n<li><a href=\"app:\/\/it.wikipedia.org\/wiki\/Oviglio\">Oviglio<\/a>\u00a0(<a href=\"app:\/\/it.wikipedia.org\/wiki\/Provincia_di_Alessandria\">AL<\/a>)<\/li>\n\n\n\n<li><a href=\"app:\/\/it.wikipedia.org\/wiki\/Palermo\">Palermo<\/a>\u00a0compatrona<\/li>\n\n\n\n<li><a href=\"app:\/\/it.wikipedia.org\/wiki\/Polazzo\">Polazzo<\/a>\u00a0(<a href=\"app:\/\/it.wikipedia.org\/wiki\/Provincia_di_Gorizia\">GO<\/a>)<\/li>\n\n\n\n<li><a href=\"app:\/\/it.wikipedia.org\/wiki\/Pontestura\">Pontestura<\/a>\u00a0(<a href=\"app:\/\/it.wikipedia.org\/wiki\/Provincia_di_Alessandria\">AL<\/a>)<\/li>\n\n\n\n<li><a href=\"app:\/\/it.wikipedia.org\/wiki\/Prossedi\">Prossedi<\/a>\u00a0(<a href=\"app:\/\/it.wikipedia.org\/wiki\/Provincia_di_Latina\">LT<\/a>)<\/li>\n\n\n\n<li><a href=\"app:\/\/it.wikipedia.org\/wiki\/Radicofani\">Radicofani<\/a>\u00a0(<a href=\"app:\/\/it.wikipedia.org\/wiki\/Provincia_di_Siena\">SI<\/a>)<\/li>\n\n\n\n<li><a href=\"app:\/\/it.wikipedia.org\/wiki\/Sant'Agata_Bolognese\">Sant&#8217;Agata Bolognese<\/a>\u00a0(<a href=\"app:\/\/it.wikipedia.org\/wiki\/Citt%C3%A0_metropolitana_di_Bologna\">BO<\/a>)<\/li>\n\n\n\n<li><a href=\"app:\/\/it.wikipedia.org\/wiki\/Sant'Agata_del_Bianco\">Sant&#8217;Agata del Bianco<\/a>\u00a0(<a href=\"app:\/\/it.wikipedia.org\/wiki\/Provincia_di_Reggio_Calabria\">RC<\/a>)<\/li>\n\n\n\n<li><a href=\"app:\/\/it.wikipedia.org\/wiki\/Sant'Agata_de'_Goti\">Sant&#8217;Agata de&#8217; Goti<\/a>(<a href=\"app:\/\/it.wikipedia.org\/wiki\/Sant'Agata_de'_Goti\">BN<\/a>)<\/li>\n<\/ul>\n\n\n\n<ul class=\"wp-block-list\">\n<li><a href=\"app:\/\/it.wikipedia.org\/wiki\/Sant'Agata_di_Puglia\">Sant&#8217;Agata di Puglia<\/a>\u00a0(<a href=\"app:\/\/it.wikipedia.org\/wiki\/Provincia_di_Foggia\">FG<\/a>)<\/li>\n\n\n\n<li><a href=\"app:\/\/it.wikipedia.org\/wiki\/Sant'Agata_Feltria\">Sant&#8217;Agata Feltria<\/a>\u00a0(<a href=\"app:\/\/it.wikipedia.org\/wiki\/Provincia_di_Rimini\">RN<\/a>)<\/li>\n\n\n\n<li><a href=\"app:\/\/it.wikipedia.org\/wiki\/Sant'Agata_Fossili\">Sant&#8217;Agata Fossili<\/a>\u00a0(<a href=\"app:\/\/it.wikipedia.org\/wiki\/Provincia_di_Alessandria\">AL<\/a>)<\/li>\n\n\n\n<li><a href=\"app:\/\/it.wikipedia.org\/wiki\/Sant'Agata_Irpina\">Sant&#8217;Agata Irpina<\/a>\u00a0(<a href=\"app:\/\/it.wikipedia.org\/wiki\/Provincia_di_Avellino\">AV<\/a>)<\/li>\n\n\n\n<li><a href=\"app:\/\/it.wikipedia.org\/wiki\/Sant'Agata_sul_Santerno\">Sant&#8217;Agata sul Santerno<\/a>\u00a0(<a href=\"app:\/\/it.wikipedia.org\/wiki\/Provincia_di_Ravenna\">RA<\/a>)<\/li>\n\n\n\n<li><a href=\"app:\/\/it.wikipedia.org\/wiki\/Sant'Agata_di_Esaro\">Sant&#8217;Agata di Esaro<\/a>\u00a0(<a href=\"app:\/\/it.wikipedia.org\/wiki\/Provincia_di_Cosenza\">CS<\/a>)<\/li>\n\n\n\n<li><a href=\"app:\/\/it.wikipedia.org\/wiki\/Santhi%C3%A0\">Santhi\u00e0<\/a>\u00a0(<a href=\"app:\/\/it.wikipedia.org\/wiki\/Provincia_di_Vercelli\">VC<\/a>)<\/li>\n\n\n\n<li><a href=\"app:\/\/it.wikipedia.org\/wiki\/Sfruz\">Sfruz<\/a>\u00a0(<a class=\"mw-redirect\" href=\"app:\/\/it.wikipedia.org\/wiki\/Provincia_di_Trento\">TN<\/a>)<\/li>\n\n\n\n<li><a href=\"app:\/\/it.wikipedia.org\/wiki\/Tezze_(Arzignano)\">Tezze di Arzignano<\/a>\u00a0(<a href=\"app:\/\/it.wikipedia.org\/wiki\/Provincia_di_Vicenza\">VI<\/a>)<\/li>\n\n\n\n<li><a href=\"app:\/\/it.wikipedia.org\/wiki\/Tovo_di_Sant'Agata\">Tovo di Sant&#8217;Agata<\/a>\u00a0(<a href=\"app:\/\/it.wikipedia.org\/wiki\/Provincia_di_Sondrio\">SO<\/a>)<\/li>\n\n\n\n<li><a href=\"app:\/\/it.wikipedia.org\/wiki\/Trescore_Cremasco\">Trescore Cremasco<\/a>\u00a0(<a href=\"app:\/\/it.wikipedia.org\/wiki\/Provincia_di_Cremona\">CR<\/a>)<\/li>\n\n\n\n<li><a href=\"app:\/\/it.wikipedia.org\/wiki\/Tremenico\">Tremenico<\/a>\u00a0(<a href=\"app:\/\/it.wikipedia.org\/wiki\/Provincia_di_Lecco\">LC<\/a>)<\/li>\n\n\n\n<li><a href=\"app:\/\/it.wikipedia.org\/wiki\/Venaus\">Venaus<\/a>\u00a0(<a href=\"app:\/\/it.wikipedia.org\/wiki\/Citt%C3%A0_metropolitana_di_Torino\">TO<\/a>) compatrona<\/li>\n\n\n\n<li><a href=\"app:\/\/it.wikipedia.org\/wiki\/Viarigi\">Viarigi<\/a>\u00a0(<a href=\"app:\/\/it.wikipedia.org\/wiki\/Provincia_di_Asti\">AT<\/a>)<\/li>\n<\/ul>\n\n\n\n<p class=\"wp-block-paragraph\">\u00c8 anche patrona in diverse localit\u00e0 non italiane, tra cui:<\/p>\n\n\n\n<ul class=\"wp-block-list\">\n<li>La\u00a0<a class=\"mw-redirect\" href=\"app:\/\/it.wikipedia.org\/wiki\/Repubblica_di_San_Marino\">Repubblica di San Marino<\/a>\u00a0dove \u00e8 compatrona<\/li>\n\n\n\n<li>In\u00a0<a href=\"app:\/\/it.wikipedia.org\/wiki\/Belgio\">Belgio<\/a>:\u00a0<a href=\"app:\/\/it.wikipedia.org\/wiki\/Berchem-Sainte-Agathe\">Berchem-Sainte-Agathe<\/a><\/li>\n\n\n\n<li>In\u00a0<a href=\"app:\/\/it.wikipedia.org\/wiki\/Francia\">Francia<\/a>:\u00a0<a href=\"app:\/\/it.wikipedia.org\/wiki\/Le_Fournet\">Le Fournet<\/a>\u00a0&#8211;\u00a0<a href=\"app:\/\/it.wikipedia.org\/wiki\/Saint-Pierre-d'Albigny\">Saint-Pierre-d&#8217;Albigny<\/a>\u00a0in\u00a0<a href=\"app:\/\/it.wikipedia.org\/wiki\/Savoia_(dipartimento)\">Savoia<\/a>\u00a0&#8211;\u00a0<a href=\"app:\/\/it.wikipedia.org\/wiki\/Maillane\">Maillane<\/a>\u00a0in\u00a0<a href=\"app:\/\/it.wikipedia.org\/wiki\/Provenza\">Provenza<\/a>\u00a0&#8211;\u00a0<a href=\"app:\/\/it.wikipedia.org\/wiki\/Gundolsheim\">Gundolsheim<\/a>\u00a0&#8211;\u00a0Montchavin-Les-Coches\u00a0&#8211;\u00a0<a href=\"app:\/\/it.wikipedia.org\/wiki\/La_Plaine-des-Palmistes\">La Plaine-des-Palmistes<\/a>\u00a0nell&#8217;<a class=\"mw-redirect\" href=\"app:\/\/it.wikipedia.org\/wiki\/R%C3%A9union\">Isola de La R\u00e9union<\/a>\u00a0&#8211;\u00a0<a href=\"app:\/\/it.wikipedia.org\/wiki\/Blanzay\">Blanzay<\/a>\u00a0&#8211;\u00a0<a href=\"app:\/\/it.wikipedia.org\/wiki\/Sulignat\">Sulignat<\/a>\u00a0&#8211;\u00a0<a href=\"app:\/\/it.wikipedia.org\/wiki\/Rumilly_(Passo_di_Calais)\">Rumilly<\/a><\/li>\n\n\n\n<li>In\u00a0<a href=\"app:\/\/it.wikipedia.org\/wiki\/Malta\">Malta<\/a>:\u00a0<a href=\"app:\/\/it.wikipedia.org\/wiki\/Mdina\">Mdina<\/a><\/li>\n\n\n\n<li>Nei\u00a0<a href=\"app:\/\/it.wikipedia.org\/wiki\/Paesi_Bassi\">Paesi Bassi<\/a>:\u00a0<a href=\"app:\/\/it.wikipedia.org\/wiki\/Beverwijk\">Beverwijk<\/a>\u00a0e\u00a0<a href=\"app:\/\/it.wikipedia.org\/wiki\/Leidschendam\">Leidschendam<\/a><\/li>\n\n\n\n<li>In\u00a0<a href=\"app:\/\/it.wikipedia.org\/wiki\/Spagna\">Spagna<\/a>:\u00a0<a href=\"app:\/\/it.wikipedia.org\/wiki\/Sorihuela_del_Guadalimar\">Sorihuela del Guadalimar<\/a>\u00a0&#8211;\u00a0<a href=\"app:\/\/it.wikipedia.org\/wiki\/Alsasua\">Alsasua<\/a>\u00a0in\u00a0<a href=\"app:\/\/it.wikipedia.org\/wiki\/Navarra\">Navarra<\/a>\u00a0&#8211;\u00a0<a href=\"app:\/\/it.wikipedia.org\/wiki\/Castrej%C3%B3n_de_la_Pe%C3%B1a\">Castrej\u00f3n de la Pe\u00f1a<\/a>\u00a0&#8211;\u00a0<a href=\"app:\/\/it.wikipedia.org\/wiki\/Pinarejo\">Pinarejo<\/a>\u00a0&#8211;\u00a0Pe\u00f1alba de San Esteban\u00a0&#8211;\u00a0<a class=\"mw-redirect\" href=\"app:\/\/it.wikipedia.org\/wiki\/Baracaldo\">Baracaldo<\/a>\u00a0e\u00a0Castrejana\u00a0in\u00a0<a href=\"app:\/\/it.wikipedia.org\/wiki\/Biscaglia\">Biscaglia<\/a>\u00a0&#8211;\u00a0<a href=\"app:\/\/it.wikipedia.org\/wiki\/Villalba_del_Alcor\">Villalba del Alcor<\/a>\u00a0e Gorbea (<a href=\"app:\/\/it.wikipedia.org\/wiki\/Paesi_Baschi\">Paesi Baschi<\/a>) &#8211; Echo in\u00a0<a href=\"app:\/\/it.wikipedia.org\/wiki\/Aragona\">Aragona<\/a>\u00a0&#8211;\u00a0<a href=\"app:\/\/it.wikipedia.org\/wiki\/Veganzones\">Veganzones<\/a>\u00a0&#8211;\u00a0<a href=\"app:\/\/it.wikipedia.org\/wiki\/J%C3%A9rica\">J\u00e9rica<\/a>\u00a0&#8211;\u00a0<a class=\"mw-redirect\" href=\"app:\/\/it.wikipedia.org\/wiki\/Xilxes\">Xilxes<\/a>\u00a0&#8211;\u00a0<a href=\"app:\/\/it.wikipedia.org\/wiki\/Lagata\">Lagata<\/a>\u00a0&#8211;\u00a0<a class=\"mw-redirect\" href=\"app:\/\/it.wikipedia.org\/wiki\/Benic%C3%A0ssim\">Benic\u00e0ssim<\/a>\u00a0&#8211;\u00a0<a href=\"app:\/\/it.wikipedia.org\/wiki\/Sencelles\">Sencelles<\/a>\u00a0&#8211;\u00a0Zaid\u00ecn\u00a0&#8211;\u00a0<a href=\"app:\/\/it.wikipedia.org\/wiki\/Catral\">Catral<\/a>\u00a0&#8211;\u00a0<a href=\"app:\/\/it.wikipedia.org\/wiki\/Torres_de_Berrell%C3%A9n\">Torres de Berrell\u00e9n<\/a>\u00a0&#8211;\u00a0<a href=\"app:\/\/it.wikipedia.org\/wiki\/El_Molar_(Madrid)\">El Molar<\/a><\/li>\n\n\n\n<li>In\u00a0<a href=\"app:\/\/it.wikipedia.org\/wiki\/Germania\">Germania<\/a>:\u00a0<a href=\"app:\/\/it.wikipedia.org\/wiki\/Aschaffenburg\">Aschaffenburg<\/a>\u00a0&#8211;\u00a0Agathaberg<\/li>\n\n\n\n<li>In\u00a0<a href=\"app:\/\/it.wikipedia.org\/wiki\/Canada\">Canada<\/a>:\u00a0<a href=\"app:\/\/it.wikipedia.org\/wiki\/Sainte-Agathe-des-Monts\">Sainte-Agathe-des-Monts<\/a><\/li>\n\n\n\n<li>In\u00a0<a href=\"app:\/\/it.wikipedia.org\/wiki\/Brasile\">Brasile<\/a>:\u00a0<a href=\"app:\/\/it.wikipedia.org\/wiki\/Citt%C3%A0\">Citt\u00e0<\/a>\u00a0di\u00a0<a href=\"app:\/\/it.wikipedia.org\/wiki\/Pesqueira\">Pesqueira<\/a>\u00a0e\u00a0<a href=\"app:\/\/it.wikipedia.org\/wiki\/Cattedrale\">Cattedrale<\/a>\u00a0della\u00a0Diocese de Pesqueira<\/li>\n<\/ul>\n\n\n\n<h3 class=\"wp-block-heading\" id=\"Chiese_catanesi_dedicate_a_Sant'Agata\">Chiese catanesi dedicate a Sant&#8217;Agata<\/h3>\n\n\n\n<p class=\"wp-block-paragraph\">Il Capoluogo Etneo, patria della Santa, detiene il numero maggiore di chiese dedicate alla Martire Catanese. Esse conservano i ricordi e le sacre Reliquie legate alle vicende del martirio, e dei miracoli operati per sua intercessione:<\/p>\n\n\n\n<ul class=\"wp-block-list\">\n<li><a href=\"app:\/\/it.wikipedia.org\/wiki\/Cattedrale_di_Sant'Agata\">Cattedrale di Sant&#8217;Agata<\/a>: vi si conservano le Sacre Reliquie nel prezioso Busto reliquiario e nello Scrigno. Il nuovo\u00a0<a href=\"app:\/\/it.wikipedia.org\/wiki\/Duomo\">Duomo<\/a>\u00a0fu innalzato dai\u00a0<a href=\"app:\/\/it.wikipedia.org\/wiki\/Normanni\">Normanni<\/a>nel\u00a0<a href=\"app:\/\/it.wikipedia.org\/wiki\/1091\">1091<\/a>\u00a0e fu dedicato, eccezionalmente, alla Martire Agata. Il transetto e le tre absidi, tra cui la Cappella di Sant&#8217;Agata, resistettero al\u00a0<a href=\"app:\/\/it.wikipedia.org\/wiki\/Terremoto_del_Val_di_Noto_del_1693\">terremoto del 1693<\/a>. L&#8217;odierna architettura della Cattedrale \u00e8 opera del\u00a0<a href=\"app:\/\/it.wikipedia.org\/wiki\/1709\">1709<\/a>, ideata da\u00a0<a href=\"app:\/\/it.wikipedia.org\/wiki\/Girolamo_Palazzotto\">Girolamo Palazzotto<\/a>. La grandiosa facciata fu ideata da\u00a0<a href=\"app:\/\/it.wikipedia.org\/wiki\/Giovanni_Battista_Vaccarini\">Giovanni Battista Vaccarini<\/a>\u00a0e realizzata dal\u00a0<a href=\"app:\/\/it.wikipedia.org\/wiki\/1733\">1733<\/a>\u00a0al\u00a0<a href=\"app:\/\/it.wikipedia.org\/wiki\/1761\">1761<\/a>.<\/li>\n\n\n\n<li><a href=\"app:\/\/it.wikipedia.org\/wiki\/Chiesa_di_Sant'Agata_la_Vetere\">Sant&#8217;Agata la Vetere<\/a>: l&#8217;antica cattedrale catanese che detiene il primato del pi\u00f9 antico luogo di culto dedicato alla martire catanese, essendo stato eretto nel\u00a0<a href=\"app:\/\/it.wikipedia.org\/wiki\/264\">264<\/a>\u00a0d. C. per conservarne il sepolcro. L&#8217;attuale chiesa risale ai primi del\u00a0<a href=\"app:\/\/it.wikipedia.org\/wiki\/XVIII_secolo\">XVIII secolo<\/a>. All&#8217;interno si conserva il &#8220;Sepolcro di Sant&#8217;Agata&#8221;, urna del\u00a0<a href=\"app:\/\/it.wikipedia.org\/wiki\/II_secolo\">II secolo<\/a>, in cui vennero conservate le reliquie fino al\u00a0<a href=\"app:\/\/it.wikipedia.org\/wiki\/1040\">1040<\/a>, anno in cui vennero trasferite a\u00a0<a href=\"app:\/\/it.wikipedia.org\/wiki\/Costantinopoli\">Costantinopoli<\/a>. Degni di nota i monumenti marmorei che ricordano il\u00a0<em>supplizio delle mammelle<\/em>, e la\u00a0<em>Tavoletta angelica<\/em>.<\/li>\n\n\n\n<li><a href=\"app:\/\/it.wikipedia.org\/wiki\/Chiesa_della_Badia_di_Sant'Agata\">Badia di Sant&#8217;Agata<\/a>: costruita nello stesso sito dove era posta un&#8217;antica chiesa, attaccata a un Monastero di suore, fondato nel\u00a0<a href=\"app:\/\/it.wikipedia.org\/wiki\/1620\">1620<\/a>\u00a0da Erasmo e Isabella Cicala<sup class=\"mw-ref reference default-touch-area\"><a class=\"reference-link\" href=\"app:\/\/it.wikipedia.org\/wiki\/Sant'Agata#cite_note-40\"><\/a><\/sup>, fu poi ricostruita dopo il terremoto del 1693; \u00e8 considerata uno dei capolavori\u00a0<a href=\"app:\/\/it.wikipedia.org\/wiki\/Barocco\">barocchi<\/a>\u00a0del Vaccarini, realizzata nel\u00a0<a href=\"app:\/\/it.wikipedia.org\/wiki\/1767\">1767<\/a>\u00a0per la grande badia\u00a0<a class=\"mw-redirect\" href=\"app:\/\/it.wikipedia.org\/wiki\/Benedettini\">Benedettina<\/a>. Fra l&#8217;altro, l&#8217;architetto, nel realizzare quest&#8217;opera, rinunci\u00f2 ai dovuti pagamenti<sup class=\"mw-ref reference default-touch-area\"><a class=\"reference-link\" href=\"app:\/\/it.wikipedia.org\/wiki\/Sant'Agata#cite_note-41\"><\/a><\/sup>, forse perch\u00e9 \u2013 secondo il commento di Golzio \u2013 egli fu \u00abpago dell&#8217;opera finalmente compiuta, alla quale aveva lavorato per trentadue anni\u00bb<sup class=\"mw-ref reference default-touch-area\"><a class=\"reference-link\" href=\"app:\/\/it.wikipedia.org\/wiki\/Sant'Agata#cite_note-42\"><\/a><\/sup>; un atteggiamento forse di soddisfazione, di devozione e di speranza da fedele cristiano, verso la Gloriosa Vergine e Martire Sant&#8217;Agata.<\/li>\n\n\n\n<li><a href=\"app:\/\/it.wikipedia.org\/wiki\/Chiesa_di_San_Biagio_(Catania)\">Sant&#8217;Agata alla Fornace<\/a>: detta della\u00a0<em>Carcaredda<\/em>(<em>fornace<\/em>\u00a0in siciliano), fu edificata la prima volta nel\u00a0<a href=\"app:\/\/it.wikipedia.org\/wiki\/1098\">1098<\/a>, fu riedificata in seguito dal vescovo Andrea Riggio dopo il terremoto del 1693, sui resti di una cappella che proteggeva il luogo in cui Sant&#8217;Agata sub\u00ec l&#8217;ultimo supplizio, la fornace.<\/li>\n\n\n\n<li><a href=\"app:\/\/it.wikipedia.org\/wiki\/Chiesa_di_Sant'Agata_al_Carcere\">Sant&#8217;Agata al Carcere<\/a>: racchiude la reliquia pi\u00f9 importante legata alle vicende umane e al martirio della Santa: il carcere dove fu rinchiusa e dove spir\u00f2. Fin dai primi secoli questo luogo fu oggetto di culto e venerazione. La chiesa attuale fu in parte edificata dopo il terremoto del 1693. Interessante il portale romanico della facciata. L&#8217;interno della chiesa custodisce anche una tavola del\u00a0<a href=\"app:\/\/it.wikipedia.org\/wiki\/XVI_secolo\">XVI secolo<\/a>, del pittore\u00a0<em>Bernardinus Niger Grecus<\/em>, rappresentante il\u00a0<em>Martirio di Sant&#8217;Agata<\/em>. Preziose reliquie sono anche le &#8220;impronte dei piedi&#8221; che, secondo la tradizione, la Santa avrebbe lasciate sulla pietra lavica prima di essere incarcerata, dopo l&#8217;impronta lasciata\u00a0<a href=\"app:\/\/it.wikipedia.org\/wiki\/Porta_Sant'Agata\">all&#8217;inizio del cammino<\/a>\u00a0al termine del soggiorno palermitano, ricondotta in patria per il suo processo.<\/li>\n\n\n\n<li><a href=\"app:\/\/it.wikipedia.org\/wiki\/Chiesa_di_Sant'Agata_al_Borgo\">Sant&#8217;Agata al Borgo<\/a>: fu completata nel\u00a0<a href=\"app:\/\/it.wikipedia.org\/wiki\/1680\">1680<\/a>\u00a0dai profughi dei casali etnei che si insediarono nella parte a nord della citt\u00e0, in quello che \u00e8 diventato il quartiere Borgo, e che si affidarono alla protezione della Martire; fu rasa al suolo nel terremoto del 1693 ma venne comunque subito ricostruita.<\/li>\n\n\n\n<li>Sant&#8217;Agata alle Sciare: conserva un dipinto che, secondo la tradizione, era posto sulle mura della citt\u00e0, e, quando queste furono travolte dal magma del 1669, galleggi\u00f2 sulla lava incandescente, fino al punto in cui sorge la chiesa.<\/li>\n\n\n\n<li>Sant&#8217;Agata al Conservatorio delle Verginelle: risalente al\u00a0<a href=\"app:\/\/it.wikipedia.org\/wiki\/1586\">1586<\/a>\u00a0e ricostruita nel\u00a0<a href=\"app:\/\/it.wikipedia.org\/wiki\/XVIII_secolo\">XVIII secolo<\/a>\u00a0dal principe\u00a0<a href=\"app:\/\/it.wikipedia.org\/wiki\/Asmundo_(famiglia)\">Asmundo di Gisira<\/a>, \u00e8 annessa all&#8217;ospizio omonimo, a conferma della priorit\u00e0 e importanza che si poneva nelle opere di assistenza e carit\u00e0.<\/li>\n<\/ul>\n","protected":false},"excerpt":{"rendered":"<p>Sant&#8217;Agata (Catania, 229\/235 \u2013 Catania, 5 febbraio 251) \u00e8 stata, secondo la tradizione cattolica, una giovane cristiana vissuta nel III secolo, martirizzata durante le persecuzioni sottol&#8217;imperatore Decio. Presente nei martirologi [&hellip;]<\/p>\n","protected":false},"author":2,"featured_media":1119,"comment_status":"open","ping_status":"open","sticky":false,"template":"","format":"standard","meta":{"om_disable_all_campaigns":false,"_monsterinsights_skip_tracking":false,"_uf_show_specific_survey":0,"_uf_disable_surveys":false,"_jetpack_newsletter_access":"","_jetpack_dont_email_post_to_subs":false,"_jetpack_newsletter_tier_id":0,"_jetpack_memberships_contains_paywalled_content":false,"_jetpack_feature_clip_id":0,"_jetpack_memberships_contains_paid_content":false,"footnotes":"","jetpack_publicize_message":"","jetpack_publicize_feature_enabled":true,"jetpack_social_post_already_shared":true,"jetpack_social_options":{"image_generator_settings":{"template":"highway","default_image_id":0,"font":"","enabled":false},"version":2},"jetpack_post_was_ever_published":false},"categories":[60],"tags":[173,174],"class_list":["post-1121","post","type-post","status-publish","format-standard","has-post-thumbnail","hentry","category-santi-del-giorno","tag-agata","tag-santagata"],"aioseo_notices":[],"aioseo_head":"\n\t\t<!-- All in One SEO 4.9.10 - aioseo.com -->\n\t<meta name=\"description\" content=\"Sant&#039;Agata (Catania, 229\/235 \u2013 Catania, 5 febbraio 251) \u00e8 stata, secondo la tradizione cattolica, una giovane cristiana vissuta nel III secolo, martirizzata durante le persecuzioni sottol&#039;imperatore Decio. Presente nei martirologi pi\u00f9 antichi, \u00e8 venerata come santa, vergine e martiredalla Chiesa cattolica, dalla Chiesa ortodossa e dalla Chiesa Anglicana, che ne onorano la memoria il 5\" \/>\n\t<meta name=\"robots\" content=\"max-image-preview:large\" \/>\n\t<meta name=\"author\" content=\"Admin Admin\"\/>\n\t<link rel=\"canonical\" href=\"https:\/\/www.militia-christi.it\/sitoweb\/2024\/02\/05\/santagata\/\" \/>\n\t<meta name=\"generator\" content=\"All in One SEO (AIOSEO) 4.9.10\" \/>\n\t\t<meta property=\"og:locale\" content=\"it_IT\" \/>\n\t\t<meta property=\"og:site_name\" content=\"I Templari: Poveri Cavalieri di Cristo del Tempio di Salomone - Non nobis Domine, non nobis, sed nomini tuo da gloriam\" \/>\n\t\t<meta property=\"og:type\" content=\"article\" \/>\n\t\t<meta property=\"og:title\" content=\"Sant\u2019Agata - I Templari: Poveri Cavalieri di Cristo del Tempio di Salomone\" \/>\n\t\t<meta property=\"og:description\" content=\"Sant&#039;Agata (Catania, 229\/235 \u2013 Catania, 5 febbraio 251) \u00e8 stata, secondo la tradizione cattolica, una giovane cristiana vissuta nel III secolo, martirizzata durante le persecuzioni sottol&#039;imperatore Decio. Presente nei martirologi pi\u00f9 antichi, \u00e8 venerata come santa, vergine e martiredalla Chiesa cattolica, dalla Chiesa ortodossa e dalla Chiesa Anglicana, che ne onorano la memoria il 5\" \/>\n\t\t<meta property=\"og:url\" content=\"https:\/\/www.militia-christi.it\/sitoweb\/2024\/02\/05\/santagata\/\" \/>\n\t\t<meta property=\"og:image\" content=\"https:\/\/i0.wp.com\/www.militia-christi.it\/sitoweb\/wp-content\/uploads\/2024\/02\/LOGO-SMALL.png?fit=200%2C200&#038;ssl=1\" \/>\n\t\t<meta property=\"og:image:secure_url\" content=\"https:\/\/i0.wp.com\/www.militia-christi.it\/sitoweb\/wp-content\/uploads\/2024\/02\/LOGO-SMALL.png?fit=200%2C200&#038;ssl=1\" \/>\n\t\t<meta property=\"article:published_time\" content=\"2024-02-05T06:02:01+00:00\" \/>\n\t\t<meta property=\"article:modified_time\" content=\"2024-02-05T06:02:01+00:00\" \/>\n\t\t<meta name=\"twitter:card\" content=\"summary_large_image\" \/>\n\t\t<meta name=\"twitter:title\" content=\"Sant\u2019Agata - I Templari: Poveri Cavalieri di Cristo del Tempio di Salomone\" \/>\n\t\t<meta name=\"twitter:description\" content=\"Sant&#039;Agata (Catania, 229\/235 \u2013 Catania, 5 febbraio 251) \u00e8 stata, secondo la tradizione cattolica, una giovane cristiana vissuta nel III secolo, martirizzata durante le persecuzioni sottol&#039;imperatore Decio. Presente nei martirologi pi\u00f9 antichi, \u00e8 venerata come santa, vergine e martiredalla Chiesa cattolica, dalla Chiesa ortodossa e dalla Chiesa Anglicana, che ne onorano la memoria il 5\" \/>\n\t\t<meta name=\"twitter:image\" content=\"https:\/\/i0.wp.com\/www.militia-christi.it\/sitoweb\/wp-content\/uploads\/2024\/02\/LOGO-SMALL.png?fit=200%2C200&amp;ssl=1\" \/>\n\t\t<script type=\"application\/ld+json\" class=\"aioseo-schema\">\n\t\t\t{\"@context\":\"https:\\\/\\\/schema.org\",\"@graph\":[{\"@type\":\"BlogPosting\",\"@id\":\"https:\\\/\\\/www.militia-christi.it\\\/sitoweb\\\/2024\\\/02\\\/05\\\/santagata\\\/#blogposting\",\"name\":\"Sant\\u2019Agata - I Templari: Poveri Cavalieri di Cristo del Tempio di Salomone\",\"headline\":\"Sant\\u2019Agata\",\"author\":{\"@id\":\"https:\\\/\\\/www.militia-christi.it\\\/sitoweb\\\/author\\\/administrator\\\/#author\"},\"publisher\":{\"@id\":\"https:\\\/\\\/www.militia-christi.it\\\/sitoweb\\\/#organization\"},\"image\":{\"@type\":\"ImageObject\",\"url\":\"https:\\\/\\\/i0.wp.com\\\/www.militia-christi.it\\\/sitoweb\\\/wp-content\\\/uploads\\\/2024\\\/02\\\/img_6227-1.jpg?fit=600%2C300&ssl=1\",\"width\":600,\"height\":300},\"datePublished\":\"2024-02-05T07:02:01+01:00\",\"dateModified\":\"2024-02-05T07:02:01+01:00\",\"inLanguage\":\"it-IT\",\"mainEntityOfPage\":{\"@id\":\"https:\\\/\\\/www.militia-christi.it\\\/sitoweb\\\/2024\\\/02\\\/05\\\/santagata\\\/#webpage\"},\"isPartOf\":{\"@id\":\"https:\\\/\\\/www.militia-christi.it\\\/sitoweb\\\/2024\\\/02\\\/05\\\/santagata\\\/#webpage\"},\"articleSection\":\"Santi del Giorno, Agata, sant\\u2019agata\"},{\"@type\":\"BreadcrumbList\",\"@id\":\"https:\\\/\\\/www.militia-christi.it\\\/sitoweb\\\/2024\\\/02\\\/05\\\/santagata\\\/#breadcrumblist\",\"itemListElement\":[{\"@type\":\"ListItem\",\"@id\":\"https:\\\/\\\/www.militia-christi.it\\\/sitoweb#listItem\",\"position\":1,\"name\":\"Home\",\"item\":\"https:\\\/\\\/www.militia-christi.it\\\/sitoweb\",\"nextItem\":{\"@type\":\"ListItem\",\"@id\":\"https:\\\/\\\/www.militia-christi.it\\\/sitoweb\\\/category\\\/santi-del-giorno\\\/#listItem\",\"name\":\"Santi del Giorno\"}},{\"@type\":\"ListItem\",\"@id\":\"https:\\\/\\\/www.militia-christi.it\\\/sitoweb\\\/category\\\/santi-del-giorno\\\/#listItem\",\"position\":2,\"name\":\"Santi del Giorno\",\"item\":\"https:\\\/\\\/www.militia-christi.it\\\/sitoweb\\\/category\\\/santi-del-giorno\\\/\",\"nextItem\":{\"@type\":\"ListItem\",\"@id\":\"https:\\\/\\\/www.militia-christi.it\\\/sitoweb\\\/2024\\\/02\\\/05\\\/santagata\\\/#listItem\",\"name\":\"Sant\\u2019Agata\"},\"previousItem\":{\"@type\":\"ListItem\",\"@id\":\"https:\\\/\\\/www.militia-christi.it\\\/sitoweb#listItem\",\"name\":\"Home\"}},{\"@type\":\"ListItem\",\"@id\":\"https:\\\/\\\/www.militia-christi.it\\\/sitoweb\\\/2024\\\/02\\\/05\\\/santagata\\\/#listItem\",\"position\":3,\"name\":\"Sant\\u2019Agata\",\"previousItem\":{\"@type\":\"ListItem\",\"@id\":\"https:\\\/\\\/www.militia-christi.it\\\/sitoweb\\\/category\\\/santi-del-giorno\\\/#listItem\",\"name\":\"Santi del Giorno\"}}]},{\"@type\":\"Organization\",\"@id\":\"https:\\\/\\\/www.militia-christi.it\\\/sitoweb\\\/#organization\",\"name\":\"MILITIA CHRISTI Ordine Religioso\",\"description\":\"Non nobis Domine, non nobis, sed nomini tuo da gloriam\",\"url\":\"https:\\\/\\\/www.militia-christi.it\\\/sitoweb\\\/\",\"logo\":{\"@type\":\"ImageObject\",\"url\":\"https:\\\/\\\/i0.wp.com\\\/www.militia-christi.it\\\/sitoweb\\\/wp-content\\\/uploads\\\/2024\\\/02\\\/LOGO-SMALL.png?fit=200%2C200&ssl=1\",\"@id\":\"https:\\\/\\\/www.militia-christi.it\\\/sitoweb\\\/2024\\\/02\\\/05\\\/santagata\\\/#organizationLogo\",\"width\":200,\"height\":200},\"image\":{\"@id\":\"https:\\\/\\\/www.militia-christi.it\\\/sitoweb\\\/2024\\\/02\\\/05\\\/santagata\\\/#organizationLogo\"}},{\"@type\":\"Person\",\"@id\":\"https:\\\/\\\/www.militia-christi.it\\\/sitoweb\\\/author\\\/administrator\\\/#author\",\"url\":\"https:\\\/\\\/www.militia-christi.it\\\/sitoweb\\\/author\\\/administrator\\\/\",\"name\":\"Admin Admin\",\"image\":{\"@type\":\"ImageObject\",\"@id\":\"https:\\\/\\\/www.militia-christi.it\\\/sitoweb\\\/2024\\\/02\\\/05\\\/santagata\\\/#authorImage\",\"url\":\"https:\\\/\\\/secure.gravatar.com\\\/avatar\\\/f2a244d67cfedff29fee2b22d51bd7bb01d2dbad1318dbdacd924119f7983b60?s=96&d=mm&r=g\",\"width\":96,\"height\":96,\"caption\":\"Admin Admin\"}},{\"@type\":\"WebPage\",\"@id\":\"https:\\\/\\\/www.militia-christi.it\\\/sitoweb\\\/2024\\\/02\\\/05\\\/santagata\\\/#webpage\",\"url\":\"https:\\\/\\\/www.militia-christi.it\\\/sitoweb\\\/2024\\\/02\\\/05\\\/santagata\\\/\",\"name\":\"Sant\\u2019Agata - I Templari: Poveri Cavalieri di Cristo del Tempio di Salomone\",\"description\":\"Sant'Agata (Catania, 229\\\/235 \\u2013 Catania, 5 febbraio 251) \\u00e8 stata, secondo la tradizione cattolica, una giovane cristiana vissuta nel III secolo, martirizzata durante le persecuzioni sottol'imperatore Decio. Presente nei martirologi pi\\u00f9 antichi, \\u00e8 venerata come santa, vergine e martiredalla Chiesa cattolica, dalla Chiesa ortodossa e dalla Chiesa Anglicana, che ne onorano la memoria il 5\",\"inLanguage\":\"it-IT\",\"isPartOf\":{\"@id\":\"https:\\\/\\\/www.militia-christi.it\\\/sitoweb\\\/#website\"},\"breadcrumb\":{\"@id\":\"https:\\\/\\\/www.militia-christi.it\\\/sitoweb\\\/2024\\\/02\\\/05\\\/santagata\\\/#breadcrumblist\"},\"author\":{\"@id\":\"https:\\\/\\\/www.militia-christi.it\\\/sitoweb\\\/author\\\/administrator\\\/#author\"},\"creator\":{\"@id\":\"https:\\\/\\\/www.militia-christi.it\\\/sitoweb\\\/author\\\/administrator\\\/#author\"},\"image\":{\"@type\":\"ImageObject\",\"url\":\"https:\\\/\\\/i0.wp.com\\\/www.militia-christi.it\\\/sitoweb\\\/wp-content\\\/uploads\\\/2024\\\/02\\\/img_6227-1.jpg?fit=600%2C300&ssl=1\",\"@id\":\"https:\\\/\\\/www.militia-christi.it\\\/sitoweb\\\/2024\\\/02\\\/05\\\/santagata\\\/#mainImage\",\"width\":600,\"height\":300},\"primaryImageOfPage\":{\"@id\":\"https:\\\/\\\/www.militia-christi.it\\\/sitoweb\\\/2024\\\/02\\\/05\\\/santagata\\\/#mainImage\"},\"datePublished\":\"2024-02-05T07:02:01+01:00\",\"dateModified\":\"2024-02-05T07:02:01+01:00\"},{\"@type\":\"WebSite\",\"@id\":\"https:\\\/\\\/www.militia-christi.it\\\/sitoweb\\\/#website\",\"url\":\"https:\\\/\\\/www.militia-christi.it\\\/sitoweb\\\/\",\"name\":\"MILITIA CHRISTI Ordine Religioso\",\"description\":\"Non nobis Domine, non nobis, sed nomini tuo da gloriam\",\"inLanguage\":\"it-IT\",\"publisher\":{\"@id\":\"https:\\\/\\\/www.militia-christi.it\\\/sitoweb\\\/#organization\"}}]}\n\t\t<\/script>\n\t\t<!-- All in One SEO -->\n\n","aioseo_head_json":{"title":"Sant\u2019Agata - I Templari: Poveri Cavalieri di Cristo del Tempio di Salomone","description":"Sant'Agata (Catania, 229\/235 \u2013 Catania, 5 febbraio 251) \u00e8 stata, secondo la tradizione cattolica, una giovane cristiana vissuta nel III secolo, martirizzata durante le persecuzioni sottol'imperatore Decio. Presente nei martirologi pi\u00f9 antichi, \u00e8 venerata come santa, vergine e martiredalla Chiesa cattolica, dalla Chiesa ortodossa e dalla Chiesa Anglicana, che ne onorano la memoria il 5","canonical_url":"https:\/\/www.militia-christi.it\/sitoweb\/2024\/02\/05\/santagata\/","robots":"max-image-preview:large","keywords":"","webmasterTools":{"miscellaneous":""},"schema":{"@context":"https:\/\/schema.org","@graph":[{"@type":"BlogPosting","@id":"https:\/\/www.militia-christi.it\/sitoweb\/2024\/02\/05\/santagata\/#blogposting","name":"Sant\u2019Agata - I Templari: Poveri Cavalieri di Cristo del Tempio di Salomone","headline":"Sant\u2019Agata","author":{"@id":"https:\/\/www.militia-christi.it\/sitoweb\/author\/administrator\/#author"},"publisher":{"@id":"https:\/\/www.militia-christi.it\/sitoweb\/#organization"},"image":{"@type":"ImageObject","url":"https:\/\/i0.wp.com\/www.militia-christi.it\/sitoweb\/wp-content\/uploads\/2024\/02\/img_6227-1.jpg?fit=600%2C300&ssl=1","width":600,"height":300},"datePublished":"2024-02-05T07:02:01+01:00","dateModified":"2024-02-05T07:02:01+01:00","inLanguage":"it-IT","mainEntityOfPage":{"@id":"https:\/\/www.militia-christi.it\/sitoweb\/2024\/02\/05\/santagata\/#webpage"},"isPartOf":{"@id":"https:\/\/www.militia-christi.it\/sitoweb\/2024\/02\/05\/santagata\/#webpage"},"articleSection":"Santi del Giorno, Agata, sant\u2019agata"},{"@type":"BreadcrumbList","@id":"https:\/\/www.militia-christi.it\/sitoweb\/2024\/02\/05\/santagata\/#breadcrumblist","itemListElement":[{"@type":"ListItem","@id":"https:\/\/www.militia-christi.it\/sitoweb#listItem","position":1,"name":"Home","item":"https:\/\/www.militia-christi.it\/sitoweb","nextItem":{"@type":"ListItem","@id":"https:\/\/www.militia-christi.it\/sitoweb\/category\/santi-del-giorno\/#listItem","name":"Santi del Giorno"}},{"@type":"ListItem","@id":"https:\/\/www.militia-christi.it\/sitoweb\/category\/santi-del-giorno\/#listItem","position":2,"name":"Santi del Giorno","item":"https:\/\/www.militia-christi.it\/sitoweb\/category\/santi-del-giorno\/","nextItem":{"@type":"ListItem","@id":"https:\/\/www.militia-christi.it\/sitoweb\/2024\/02\/05\/santagata\/#listItem","name":"Sant\u2019Agata"},"previousItem":{"@type":"ListItem","@id":"https:\/\/www.militia-christi.it\/sitoweb#listItem","name":"Home"}},{"@type":"ListItem","@id":"https:\/\/www.militia-christi.it\/sitoweb\/2024\/02\/05\/santagata\/#listItem","position":3,"name":"Sant\u2019Agata","previousItem":{"@type":"ListItem","@id":"https:\/\/www.militia-christi.it\/sitoweb\/category\/santi-del-giorno\/#listItem","name":"Santi del Giorno"}}]},{"@type":"Organization","@id":"https:\/\/www.militia-christi.it\/sitoweb\/#organization","name":"MILITIA CHRISTI Ordine Religioso","description":"Non nobis Domine, non nobis, sed nomini tuo da gloriam","url":"https:\/\/www.militia-christi.it\/sitoweb\/","logo":{"@type":"ImageObject","url":"https:\/\/i0.wp.com\/www.militia-christi.it\/sitoweb\/wp-content\/uploads\/2024\/02\/LOGO-SMALL.png?fit=200%2C200&ssl=1","@id":"https:\/\/www.militia-christi.it\/sitoweb\/2024\/02\/05\/santagata\/#organizationLogo","width":200,"height":200},"image":{"@id":"https:\/\/www.militia-christi.it\/sitoweb\/2024\/02\/05\/santagata\/#organizationLogo"}},{"@type":"Person","@id":"https:\/\/www.militia-christi.it\/sitoweb\/author\/administrator\/#author","url":"https:\/\/www.militia-christi.it\/sitoweb\/author\/administrator\/","name":"Admin Admin","image":{"@type":"ImageObject","@id":"https:\/\/www.militia-christi.it\/sitoweb\/2024\/02\/05\/santagata\/#authorImage","url":"https:\/\/secure.gravatar.com\/avatar\/f2a244d67cfedff29fee2b22d51bd7bb01d2dbad1318dbdacd924119f7983b60?s=96&d=mm&r=g","width":96,"height":96,"caption":"Admin Admin"}},{"@type":"WebPage","@id":"https:\/\/www.militia-christi.it\/sitoweb\/2024\/02\/05\/santagata\/#webpage","url":"https:\/\/www.militia-christi.it\/sitoweb\/2024\/02\/05\/santagata\/","name":"Sant\u2019Agata - I Templari: Poveri Cavalieri di Cristo del Tempio di Salomone","description":"Sant'Agata (Catania, 229\/235 \u2013 Catania, 5 febbraio 251) \u00e8 stata, secondo la tradizione cattolica, una giovane cristiana vissuta nel III secolo, martirizzata durante le persecuzioni sottol'imperatore Decio. Presente nei martirologi pi\u00f9 antichi, \u00e8 venerata come santa, vergine e martiredalla Chiesa cattolica, dalla Chiesa ortodossa e dalla Chiesa Anglicana, che ne onorano la memoria il 5","inLanguage":"it-IT","isPartOf":{"@id":"https:\/\/www.militia-christi.it\/sitoweb\/#website"},"breadcrumb":{"@id":"https:\/\/www.militia-christi.it\/sitoweb\/2024\/02\/05\/santagata\/#breadcrumblist"},"author":{"@id":"https:\/\/www.militia-christi.it\/sitoweb\/author\/administrator\/#author"},"creator":{"@id":"https:\/\/www.militia-christi.it\/sitoweb\/author\/administrator\/#author"},"image":{"@type":"ImageObject","url":"https:\/\/i0.wp.com\/www.militia-christi.it\/sitoweb\/wp-content\/uploads\/2024\/02\/img_6227-1.jpg?fit=600%2C300&ssl=1","@id":"https:\/\/www.militia-christi.it\/sitoweb\/2024\/02\/05\/santagata\/#mainImage","width":600,"height":300},"primaryImageOfPage":{"@id":"https:\/\/www.militia-christi.it\/sitoweb\/2024\/02\/05\/santagata\/#mainImage"},"datePublished":"2024-02-05T07:02:01+01:00","dateModified":"2024-02-05T07:02:01+01:00"},{"@type":"WebSite","@id":"https:\/\/www.militia-christi.it\/sitoweb\/#website","url":"https:\/\/www.militia-christi.it\/sitoweb\/","name":"MILITIA CHRISTI Ordine Religioso","description":"Non nobis Domine, non nobis, sed nomini tuo da gloriam","inLanguage":"it-IT","publisher":{"@id":"https:\/\/www.militia-christi.it\/sitoweb\/#organization"}}]},"og:locale":"it_IT","og:site_name":"I Templari: Poveri Cavalieri di Cristo del Tempio di Salomone - Non nobis Domine, non nobis, sed nomini tuo da gloriam","og:type":"article","og:title":"Sant\u2019Agata - I Templari: Poveri Cavalieri di Cristo del Tempio di Salomone","og:description":"Sant'Agata (Catania, 229\/235 \u2013 Catania, 5 febbraio 251) \u00e8 stata, secondo la tradizione cattolica, una giovane cristiana vissuta nel III secolo, martirizzata durante le persecuzioni sottol'imperatore Decio. Presente nei martirologi pi\u00f9 antichi, \u00e8 venerata come santa, vergine e martiredalla Chiesa cattolica, dalla Chiesa ortodossa e dalla Chiesa Anglicana, che ne onorano la memoria il 5","og:url":"https:\/\/www.militia-christi.it\/sitoweb\/2024\/02\/05\/santagata\/","og:image":"https:\/\/i0.wp.com\/www.militia-christi.it\/sitoweb\/wp-content\/uploads\/2024\/02\/LOGO-SMALL.png?fit=200%2C200&#038;ssl=1","og:image:secure_url":"https:\/\/i0.wp.com\/www.militia-christi.it\/sitoweb\/wp-content\/uploads\/2024\/02\/LOGO-SMALL.png?fit=200%2C200&#038;ssl=1","article:published_time":"2024-02-05T06:02:01+00:00","article:modified_time":"2024-02-05T06:02:01+00:00","twitter:card":"summary_large_image","twitter:title":"Sant\u2019Agata - I Templari: Poveri Cavalieri di Cristo del Tempio di Salomone","twitter:description":"Sant'Agata (Catania, 229\/235 \u2013 Catania, 5 febbraio 251) \u00e8 stata, secondo la tradizione cattolica, una giovane cristiana vissuta nel III secolo, martirizzata durante le persecuzioni sottol'imperatore Decio. Presente nei martirologi pi\u00f9 antichi, \u00e8 venerata come santa, vergine e martiredalla Chiesa cattolica, dalla Chiesa ortodossa e dalla Chiesa Anglicana, che ne onorano la memoria il 5","twitter:image":"https:\/\/i0.wp.com\/www.militia-christi.it\/sitoweb\/wp-content\/uploads\/2024\/02\/LOGO-SMALL.png?fit=200%2C200&ssl=1"},"aioseo_meta_data":{"post_id":"1121","title":null,"description":null,"keywords":null,"keyphrases":null,"primary_term":null,"canonical_url":null,"og_title":null,"og_description":null,"og_object_type":"default","og_image_type":"default","og_image_url":null,"og_image_width":null,"og_image_height":null,"og_image_custom_url":null,"og_image_custom_fields":null,"og_video":null,"og_custom_url":null,"og_article_section":null,"og_article_tags":null,"twitter_use_og":false,"twitter_card":"default","twitter_image_type":"default","twitter_image_url":null,"twitter_image_custom_url":null,"twitter_image_custom_fields":null,"twitter_title":null,"twitter_description":null,"schema":{"blockGraphs":[],"customGraphs":[],"default":{"data":{"Article":[],"Course":[],"Dataset":[],"FAQPage":[],"Movie":[],"Person":[],"Product":[],"ProductReview":[],"Car":[],"Recipe":[],"Service":[],"SoftwareApplication":[],"WebPage":[]},"graphName":"","isEnabled":true},"graphs":[]},"schema_type":"default","schema_type_options":null,"pillar_content":false,"robots_default":true,"robots_noindex":false,"robots_noarchive":false,"robots_nosnippet":false,"robots_nofollow":false,"robots_noimageindex":false,"robots_noodp":false,"robots_notranslate":false,"robots_max_snippet":null,"robots_max_videopreview":null,"robots_max_imagepreview":"large","priority":null,"frequency":null,"local_seo":null,"breadcrumb_settings":null,"limit_modified_date":false,"ai":null,"created":"2024-02-05 06:12:43","updated":"2025-09-29 11:33:00","seo_analyzer_scan_date":null},"aioseo_breadcrumb":"<div class=\"aioseo-breadcrumbs\"><span class=\"aioseo-breadcrumb\">\n\t\t\t<a href=\"https:\/\/www.militia-christi.it\/sitoweb\" title=\"Home\">Home<\/a>\n\t\t<\/span><span class=\"aioseo-breadcrumb-separator\">&raquo;<\/span><span class=\"aioseo-breadcrumb\">\n\t\t\t<a href=\"https:\/\/www.militia-christi.it\/sitoweb\/category\/santi-del-giorno\/\" title=\"Santi del Giorno\">Santi del Giorno<\/a>\n\t\t<\/span><span class=\"aioseo-breadcrumb-separator\">&raquo;<\/span><span class=\"aioseo-breadcrumb\">\n\t\t\tSant\u2019Agata\n\t\t<\/span><\/div>","aioseo_breadcrumb_json":[{"label":"Home","link":"https:\/\/www.militia-christi.it\/sitoweb"},{"label":"Santi del Giorno","link":"https:\/\/www.militia-christi.it\/sitoweb\/category\/santi-del-giorno\/"},{"label":"Sant\u2019Agata","link":"https:\/\/www.militia-christi.it\/sitoweb\/2024\/02\/05\/santagata\/"}],"jetpack_publicize_connections":[],"jetpack_featured_media_url":"https:\/\/i0.wp.com\/www.militia-christi.it\/sitoweb\/wp-content\/uploads\/2024\/02\/img_6227-1.jpg?fit=600%2C300&ssl=1","jetpack-related-posts":[{"id":640,"url":"https:\/\/www.militia-christi.it\/sitoweb\/2023\/12\/13\/santa-lucia-di-siracusa\/","url_meta":{"origin":1121,"position":0},"title":"Santa Lucia di Siracusa","author":"fvendola","date":"13 Dicembre 2023","format":false,"excerpt":"Lucia (Siracusa, 283 \u2013 Siracusa, 13 dicembre 304), fu una martire cristiana a causa della grande persecuzione dei cristiani sotto Diocleziano, agli inizi del IV secolo. \u00c8 venerata come santa dalla Chiesa cattolica e dalla Chiesa ortodossa che ne onorano la memoria il 13 dicembre. \u00c8 una delle sette vergini\u2026","rel":"","context":"In &quot;Santi del Giorno&quot;","block_context":{"text":"Santi del Giorno","link":"https:\/\/www.militia-christi.it\/sitoweb\/category\/santi-del-giorno\/"},"img":{"alt_text":"","src":"https:\/\/i0.wp.com\/www.militia-christi.it\/sitoweb\/wp-content\/uploads\/2023\/12\/img_4712-1.jpg?fit=1024%2C768&ssl=1&resize=350%2C200","width":350,"height":200,"srcset":"https:\/\/i0.wp.com\/www.militia-christi.it\/sitoweb\/wp-content\/uploads\/2023\/12\/img_4712-1.jpg?fit=1024%2C768&ssl=1&resize=350%2C200 1x, https:\/\/i0.wp.com\/www.militia-christi.it\/sitoweb\/wp-content\/uploads\/2023\/12\/img_4712-1.jpg?fit=1024%2C768&ssl=1&resize=525%2C300 1.5x, https:\/\/i0.wp.com\/www.militia-christi.it\/sitoweb\/wp-content\/uploads\/2023\/12\/img_4712-1.jpg?fit=1024%2C768&ssl=1&resize=700%2C400 2x"},"classes":[]},{"id":793,"url":"https:\/\/www.militia-christi.it\/sitoweb\/2023\/12\/29\/san-tommaso-becket\/","url_meta":{"origin":1121,"position":1},"title":"San Tommaso Becket","author":"fvendola","date":"29 Dicembre 2023","format":false,"excerpt":"ommaso Becket\u00a0(in inglese\u00a0Thomas Becket;\u00a0Londra,\u00a021 dicembre\u00a01118\u00a0\u2013\u00a0Canterbury,\u00a029 dicembre\u00a01170) \u00e8 stato un\u00a0arcivescovo cattolico\u00a0inglese.Lord cancelliere\u00a0del\u00a0Regno d'Inghilterra\u00a0dal\u00a01154, venne eletto\u00a0arcivescovo di Canterbury\u00a0e\u00a0primate\u00a0d'Inghilterra nel\u00a01162. Ostile ai propositi di\u00a0Enrico II\u00a0di ridimensionamento dei privilegi ecclesiastici, ne pag\u00f2 il prezzo con la vita. Fu infatti ucciso nella\u00a0cattedrale di Canterbury\u00a0nel\u00a01170. Nel febbraio\u00a01173\u00a0venne proclamato\u00a0santo\u00a0(San Tommaso di Canterbury) e ascritto nel catalogo dei\u2026","rel":"","context":"In &quot;Santi del Giorno&quot;","block_context":{"text":"Santi del Giorno","link":"https:\/\/www.militia-christi.it\/sitoweb\/category\/santi-del-giorno\/"},"img":{"alt_text":"","src":"https:\/\/i0.wp.com\/www.militia-christi.it\/sitoweb\/wp-content\/uploads\/2023\/12\/1920px-Pavia_San_Lanfranco_affreschi-e1703865558297.jpg?fit=1200%2C552&ssl=1&resize=350%2C200","width":350,"height":200,"srcset":"https:\/\/i0.wp.com\/www.militia-christi.it\/sitoweb\/wp-content\/uploads\/2023\/12\/1920px-Pavia_San_Lanfranco_affreschi-e1703865558297.jpg?fit=1200%2C552&ssl=1&resize=350%2C200 1x, https:\/\/i0.wp.com\/www.militia-christi.it\/sitoweb\/wp-content\/uploads\/2023\/12\/1920px-Pavia_San_Lanfranco_affreschi-e1703865558297.jpg?fit=1200%2C552&ssl=1&resize=525%2C300 1.5x, https:\/\/i0.wp.com\/www.militia-christi.it\/sitoweb\/wp-content\/uploads\/2023\/12\/1920px-Pavia_San_Lanfranco_affreschi-e1703865558297.jpg?fit=1200%2C552&ssl=1&resize=700%2C400 2x, https:\/\/i0.wp.com\/www.militia-christi.it\/sitoweb\/wp-content\/uploads\/2023\/12\/1920px-Pavia_San_Lanfranco_affreschi-e1703865558297.jpg?fit=1200%2C552&ssl=1&resize=1050%2C600 3x"},"classes":[]},{"id":1044,"url":"https:\/\/www.militia-christi.it\/sitoweb\/2024\/01\/08\/sedi-storiche-templari-in-italia\/","url_meta":{"origin":1121,"position":2},"title":"Sedi storiche templari in Italia","author":"Admin Admin","date":"8 Gennaio 2024","format":false,"excerpt":"Sedi templari in Italia lista di un progetto Wikimedia Elenco di\u00a0sedi dell'Ordine dei\u00a0Cavalieri templari\u00a0in\u00a0Italia, storicamente accertate. Voce principale:\u00a0cavalieri templari. Per un elenco di alcuni dei luoghi che sono stati associati ai Cavalieri templari nella tradizione, nelle leggende o nelle opere di fantasia, ma di cui non vi \u00e8 una presenza\u2026","rel":"","context":"In &quot;Relazioni&quot;","block_context":{"text":"Relazioni","link":"https:\/\/www.militia-christi.it\/sitoweb\/category\/documenti-realizzati-da-cavalieri-o-dame\/relazioni\/"},"img":{"alt_text":"","src":"https:\/\/i0.wp.com\/www.militia-christi.it\/sitoweb\/wp-content\/uploads\/2024\/01\/img_5645-1.jpg?fit=1200%2C684&ssl=1&resize=350%2C200","width":350,"height":200,"srcset":"https:\/\/i0.wp.com\/www.militia-christi.it\/sitoweb\/wp-content\/uploads\/2024\/01\/img_5645-1.jpg?fit=1200%2C684&ssl=1&resize=350%2C200 1x, https:\/\/i0.wp.com\/www.militia-christi.it\/sitoweb\/wp-content\/uploads\/2024\/01\/img_5645-1.jpg?fit=1200%2C684&ssl=1&resize=525%2C300 1.5x, https:\/\/i0.wp.com\/www.militia-christi.it\/sitoweb\/wp-content\/uploads\/2024\/01\/img_5645-1.jpg?fit=1200%2C684&ssl=1&resize=700%2C400 2x, https:\/\/i0.wp.com\/www.militia-christi.it\/sitoweb\/wp-content\/uploads\/2024\/01\/img_5645-1.jpg?fit=1200%2C684&ssl=1&resize=1050%2C600 3x"},"classes":[]}],"jetpack_sharing_enabled":true,"_links":{"self":[{"href":"https:\/\/www.militia-christi.it\/sitoweb\/wp-json\/wp\/v2\/posts\/1121","targetHints":{"allow":["GET"]}}],"collection":[{"href":"https:\/\/www.militia-christi.it\/sitoweb\/wp-json\/wp\/v2\/posts"}],"about":[{"href":"https:\/\/www.militia-christi.it\/sitoweb\/wp-json\/wp\/v2\/types\/post"}],"author":[{"embeddable":true,"href":"https:\/\/www.militia-christi.it\/sitoweb\/wp-json\/wp\/v2\/users\/2"}],"replies":[{"embeddable":true,"href":"https:\/\/www.militia-christi.it\/sitoweb\/wp-json\/wp\/v2\/comments?post=1121"}],"version-history":[{"count":0,"href":"https:\/\/www.militia-christi.it\/sitoweb\/wp-json\/wp\/v2\/posts\/1121\/revisions"}],"wp:featuredmedia":[{"embeddable":true,"href":"https:\/\/www.militia-christi.it\/sitoweb\/wp-json\/wp\/v2\/media\/1119"}],"wp:attachment":[{"href":"https:\/\/www.militia-christi.it\/sitoweb\/wp-json\/wp\/v2\/media?parent=1121"}],"wp:term":[{"taxonomy":"category","embeddable":true,"href":"https:\/\/www.militia-christi.it\/sitoweb\/wp-json\/wp\/v2\/categories?post=1121"},{"taxonomy":"post_tag","embeddable":true,"href":"https:\/\/www.militia-christi.it\/sitoweb\/wp-json\/wp\/v2\/tags?post=1121"}],"curies":[{"name":"wp","href":"https:\/\/api.w.org\/{rel}","templated":true}]}}