{"id":169,"date":"2023-07-30T10:18:12","date_gmt":"2023-07-30T08:18:12","guid":{"rendered":"https:\/\/www.militia-christi.it\/sitoweb\/?p=169"},"modified":"2023-07-30T13:17:33","modified_gmt":"2023-07-30T11:17:33","slug":"preghiera-dei-templari","status":"publish","type":"post","link":"https:\/\/www.militia-christi.it\/sitoweb\/2023\/07\/30\/preghiera-dei-templari\/","title":{"rendered":"Preghiera dei templari"},"content":{"rendered":"\t\t<div data-elementor-type=\"wp-post\" data-elementor-id=\"169\" class=\"elementor elementor-169\" data-elementor-post-type=\"post\">\n\t\t\t\t\t\t<section class=\"elementor-section elementor-top-section elementor-element elementor-element-32dea48 elementor-section-boxed elementor-section-height-default elementor-section-height-default\" data-id=\"32dea48\" data-element_type=\"section\" data-e-type=\"section\">\n\t\t\t\t\t\t<div class=\"elementor-container elementor-column-gap-default\">\n\t\t\t\t\t<div class=\"elementor-column elementor-col-100 elementor-top-column elementor-element elementor-element-ce4bbfa\" data-id=\"ce4bbfa\" data-element_type=\"column\" data-e-type=\"column\">\n\t\t\t<div class=\"elementor-widget-wrap elementor-element-populated\">\n\t\t\t\t\t\t<div class=\"elementor-element elementor-element-a1187f0 elementor-widget elementor-widget-text-editor\" data-id=\"a1187f0\" data-element_type=\"widget\" data-e-type=\"widget\" data-widget_type=\"text-editor.default\">\n\t\t\t\t<div class=\"elementor-widget-container\">\n\t\t\t\t\t\t\t\t\t<table class=\"stile_tab\" border=\"0\" width=\"968\" cellspacing=\"0\" cellpadding=\"0\" align=\"center\">\n<tbody>\n<tr>\n<td rowspan=\"3\" valign=\"top\">\n<table border=\"0\" width=\"100%\" cellspacing=\"0\" cellpadding=\"0\">\n<tbody>\n<tr>\n<td valign=\"top\" width=\"748\" height=\"26\">\n<div align=\"center\"><span style=\"color: #e50015;\"><strong><span style=\"font-size: medium;\">Preghiera dei Templari<\/span><\/strong><\/span><\/div><\/td>\n<\/tr>\n<tr>\n<td class=\"textnotrid2\" valign=\"top\" height=\"338\"><strong>Che la grazia dello Spirito Santo ci assista e che Maria, stella del mare ci conduca al porto della salvezza. Amen.\nSignore Ges\u00f9, Cristo santo, Padre eterno, Dio onnipotente, saggezza, creatore, dispensatore, amministratore benevole e amatissimo amico, prode umile Redentore, Salvatore misericordioso e clemente, santissimo Signore Iddio, io ti scongiuro umilmente e ti supplico affinch\u00e9 tu m\u2019illumini, mi liberi e mi conservi cos\u00ec come tutti i fratelli del Tempio e il tuo turbato popolo cristiano, che \u00e8 e che sar\u00e0.\nO Signore in cui sono e da cui provengono le virt\u00f9, le buone grazie ed i doni dello Spirito Santo, concedi a noi la conoscenza della giustizia e della verit\u00e0; fa che noi siamo consapevoli delle debolezze e delle miserie delle nostre carni; affinch\u00e9 noi accettiamo la vera umilt\u00e0; affinch\u00e9 noi disprezziamo la pochezza del mondo e la sua iniquit\u00e0, i vani piaceri, la superbia e tutti i mali e affinch\u00e9 il nostro pensiero non sia rivolto ai beni celesti e siano da noi compiuti nell\u2019umilt\u00e0 le opere necessarie al mantenimento dei nostri voti e dei tuoi comandamenti.\nSantissimo Signore Ges\u00f9 Cristo, \u00e8 per mezzo della tua santa virt\u00f9 che la tua grazia ci concede che noi possiamo evitare il diavolo ruggente, tutti i nostri nemici, le loro insidie e le loro opere che tu nella tua umilt\u00e0 e nella tua pazienza hai vinto nel legno della tua Santa Croce, con la quale ci hai riscattato nella tua Santa Misericordia.\nO nostro Redentore e difensore, conservaci affinch\u00e9, per mezzo della tua Santa Croce e nel suo segno, noi possiamo oscurare tutti i nemici e le loro insidie; proteggi la tua Santa Chiesa e illumina i prelati, i dottori, i rettori e il tuo popolo cristiano in modo che essi proclamino e inseguano il tuo santo servizio e la tua volont\u00e0 con un cuor puro, umile e devoto e la loro piet\u00e0 sia pura e vigilante.\nChe essi istruiscano il popolo e l\u2019illuminino con buoni esempi, affinch\u00e9 possiamo compiere umilmente le opere d\u2019umilt\u00e0 secondo il tuo esempio e secondo quello dei tuoi santi apostoli e dei tuoi eletti.\nRendici coscienti su che cosa siamo, chi siamo, chi saremo, che cosa facciamo e cosa dobbiamo fare per possedere la vita, grazie alla quale raggiungeremo la gioia del Paradiso.\nIllumina e converti, se lo desideri, quelli che non sono stati rigenerati dall\u2019acqua dello Spirito Santo, affinch\u00e9 essi pervengano alla tua Santa legge, la conservino ed accettino i sacramenti della Santa Chiesa.\nConcedi al tuo popolo cristiano la volont\u00e0 e il possesso di quella Terra Santa nella quale tu sei nato umilmente dove ci hai riscattato con la tua santa misericordia, dove hai compiuto i tuoi miracoli, dato i tuoi esempi, dove hai insegnato e che tu hai promesso ai tuoi amici.\nVeglia su di noi affinch\u00e9 noi la liberiamo ed i tuoi fedeli la posseggano per mezzo della tua grazia e concedici di compiere il tuo santo servizio, la tua volont\u00e0 e la tua opera.\nDio misericordioso Signore, la tua santa religione (quella chiamata il Tempio del Cristo) fondata da un concilio generale in onore della Beata e gloriosissima Maria tua madre, e dal tuo Beatissimo confessore Bernardo a cui la Santa Chiesa affid\u00f2 questo compito, che insieme ad altri propri uomini la ammaestr\u00f2 e le affid\u00f2 la sua missione, questa religione \u00e8, per un\u2019ingiusta causa, prigioniera e schiava del re di Francia.\nPer mezzo della preghiera della beata e gloriosissima Vergine e di tutta la corte celeste, liberala e conservala, o Signore tu che sei verit\u00e0 e che sai che noi siamo innocenti. Liberaci affinch\u00e9 noi seguiamo con umilt\u00e0 i nostri voti e i tuoi comandamenti ed eseguiamo il tuo santo servizio e la tua volont\u00e0.\nAbbiamo sopportato le parole inique e false lanciate contro di noi con gravi oppressioni e cattive pene, abbi piet\u00e0 delle nostre preghiere, ma lo spavento della condanna dei corpi \u00e8 tutto ci\u00f2 che ci \u00e8 stato detto da parte del papa, la carcerazione perpetua a causa della debolezza della carne, queste cose dette dalla bocca con menzogne noi non possiamo tollerarle con grande dolore contro la nostra coscienza.\nProteggici, Signore, con tutto il tuo popolo cristiano; insegnaci a fare la tua volont\u00e0; accorda al nostro re Filippo, nipote del beato Luigi, il tuo santo Confessore al quale dai il merito attraverso una vita perfetta e attraverso i meriti, la pace nel suo regno, la concordia con i suoi e con tutti i re, principi, baroni, cavalieri e servitori.\nChe tutti coloro che sono stati scelti per fare e servire la giustizia, secondo il tuo desiderio e la tua volont\u00e0 che costoro eseguano questa giustizia la compiano, la soffrano e che conservino in loro e per tutto il popolo cristiano e la luce.\nConcedi loro di riconquistare con noi la Terra Santa, di compiere il tuo santo servizio e le tue sante opere.\nConcedi ai nostri parenti, benefattori e predecessori e ai nostri fratelli vivi e defunti la vita e il riposo eterno.\nTu che sei Dio e vivi e regni per tutti i secoli dei secoli. Amen.\nIo non sono degno di chiedere ma che la tua misericordia e la tua benevolenza, che la tua beata e gloriosa Madre, nostra avvocata e la societ\u00e0 celeste intercedano e ottengano per noi. Amen.<\/strong>\n<p align=\"right\"><strong>Jacques de Molay, dernier mastre du Temple<\/strong><\/p>\n<p align=\"right\"><strong>di L. Daillez, Paris, R. Dumas, 1974<\/strong><\/p>\n<\/td>\n<\/tr>\n<\/tbody>\n<\/table>\n\t\t\t\t\t\t\t\t<\/div>\n\t\t\t\t<\/div>\n\t\t\t\t\t<\/div>\n\t\t<\/div>\n\t\t\t\t\t<\/div>\n\t\t<\/section>\n\t\t\t\t<\/div>\n\t\t","protected":false},"excerpt":{"rendered":"<p>Preghiera dei Templari Che la grazia dello Spirito Santo ci assista e che Maria, stella del mare ci conduca al porto della salvezza. Amen. Signore Ges\u00f9, Cristo santo, Padre eterno, [&hellip;]<\/p>\n","protected":false},"author":1,"featured_media":175,"comment_status":"open","ping_status":"open","sticky":false,"template":"","format":"standard","meta":{"om_disable_all_campaigns":false,"_monsterinsights_skip_tracking":false,"_uf_show_specific_survey":0,"_uf_disable_surveys":false,"_jetpack_newsletter_access":"","_jetpack_dont_email_post_to_subs":false,"_jetpack_newsletter_tier_id":0,"_jetpack_memberships_contains_paywalled_content":false,"_jetpack_feature_clip_id":0,"_jetpack_memberships_contains_paid_content":false,"footnotes":"","jetpack_publicize_message":"","jetpack_publicize_feature_enabled":true,"jetpack_social_post_already_shared":false,"jetpack_social_options":{"image_generator_settings":{"template":"highway","default_image_id":0,"font":"","enabled":false},"version":2},"jetpack_post_was_ever_published":false},"categories":[35],"tags":[14,37,31],"class_list":["post-169","post","type-post","status-publish","format-standard","has-post-thumbnail","hentry","category-preghiere-dei-templari","tag-cavalieri","tag-preghiere","tag-templari"],"aioseo_notices":[],"aioseo_head":"\n\t\t<!-- All in One SEO 4.9.10 - aioseo.com -->\n\t<meta name=\"description\" content=\"Preghiera dei Templari Che la grazia dello Spirito Santo ci assista e che Maria, stella del mare ci conduca al porto della salvezza. Amen. Signore Ges\u00f9, Cristo santo, Padre eterno, Dio onnipotente, saggezza, creatore, dispensatore, amministratore benevole e amatissimo amico, prode umile Redentore, Salvatore misericordioso e clemente, santissimo Signore Iddio, io ti scongiuro umilmente e\" \/>\n\t<meta name=\"robots\" content=\"max-image-preview:large\" \/>\n\t<meta name=\"author\" content=\"fvendola\"\/>\n\t<link rel=\"canonical\" href=\"https:\/\/www.militia-christi.it\/sitoweb\/2023\/07\/30\/preghiera-dei-templari\/\" \/>\n\t<meta name=\"generator\" content=\"All in One SEO (AIOSEO) 4.9.10\" \/>\n\t\t<meta property=\"og:locale\" content=\"it_IT\" \/>\n\t\t<meta property=\"og:site_name\" content=\"I Templari: Poveri Cavalieri di Cristo del Tempio di Salomone - Non nobis Domine, non nobis, sed nomini tuo da gloriam\" \/>\n\t\t<meta property=\"og:type\" content=\"article\" \/>\n\t\t<meta property=\"og:title\" content=\"Preghiera dei templari - I Templari: Poveri Cavalieri di Cristo del Tempio di Salomone\" \/>\n\t\t<meta property=\"og:description\" content=\"Preghiera dei Templari Che la grazia dello Spirito Santo ci assista e che Maria, stella del mare ci conduca al porto della salvezza. Amen. Signore Ges\u00f9, Cristo santo, Padre eterno, Dio onnipotente, saggezza, creatore, dispensatore, amministratore benevole e amatissimo amico, prode umile Redentore, Salvatore misericordioso e clemente, santissimo Signore Iddio, io ti scongiuro umilmente e\" \/>\n\t\t<meta property=\"og:url\" content=\"https:\/\/www.militia-christi.it\/sitoweb\/2023\/07\/30\/preghiera-dei-templari\/\" \/>\n\t\t<meta property=\"og:image\" content=\"https:\/\/i0.wp.com\/www.militia-christi.it\/sitoweb\/wp-content\/uploads\/2024\/02\/LOGO-SMALL.png?fit=200%2C200&#038;ssl=1\" \/>\n\t\t<meta property=\"og:image:secure_url\" content=\"https:\/\/i0.wp.com\/www.militia-christi.it\/sitoweb\/wp-content\/uploads\/2024\/02\/LOGO-SMALL.png?fit=200%2C200&#038;ssl=1\" \/>\n\t\t<meta property=\"article:published_time\" content=\"2023-07-30T08:18:12+00:00\" \/>\n\t\t<meta property=\"article:modified_time\" content=\"2023-07-30T11:17:33+00:00\" \/>\n\t\t<meta name=\"twitter:card\" content=\"summary_large_image\" \/>\n\t\t<meta name=\"twitter:title\" content=\"Preghiera dei templari - I Templari: Poveri Cavalieri di Cristo del Tempio di Salomone\" \/>\n\t\t<meta name=\"twitter:description\" content=\"Preghiera dei Templari Che la grazia dello Spirito Santo ci assista e che Maria, stella del mare ci conduca al porto della salvezza. Amen. Signore Ges\u00f9, Cristo santo, Padre eterno, Dio onnipotente, saggezza, creatore, dispensatore, amministratore benevole e amatissimo amico, prode umile Redentore, Salvatore misericordioso e clemente, santissimo Signore Iddio, io ti scongiuro umilmente e\" \/>\n\t\t<meta name=\"twitter:image\" content=\"https:\/\/i0.wp.com\/www.militia-christi.it\/sitoweb\/wp-content\/uploads\/2024\/02\/LOGO-SMALL.png?fit=200%2C200&amp;ssl=1\" \/>\n\t\t<script type=\"application\/ld+json\" class=\"aioseo-schema\">\n\t\t\t{\"@context\":\"https:\\\/\\\/schema.org\",\"@graph\":[{\"@type\":\"BlogPosting\",\"@id\":\"https:\\\/\\\/www.militia-christi.it\\\/sitoweb\\\/2023\\\/07\\\/30\\\/preghiera-dei-templari\\\/#blogposting\",\"name\":\"Preghiera dei templari - I Templari: Poveri Cavalieri di Cristo del Tempio di Salomone\",\"headline\":\"Preghiera dei templari\",\"author\":{\"@id\":\"https:\\\/\\\/www.militia-christi.it\\\/sitoweb\\\/author\\\/fvendola\\\/#author\"},\"publisher\":{\"@id\":\"https:\\\/\\\/www.militia-christi.it\\\/sitoweb\\\/#organization\"},\"image\":{\"@type\":\"ImageObject\",\"url\":\"https:\\\/\\\/i0.wp.com\\\/www.militia-christi.it\\\/sitoweb\\\/wp-content\\\/uploads\\\/2023\\\/07\\\/preghiera-templare.jpg?fit=605%2C960&ssl=1\",\"width\":605,\"height\":960},\"datePublished\":\"2023-07-30T10:18:12+02:00\",\"dateModified\":\"2023-07-30T13:17:33+02:00\",\"inLanguage\":\"it-IT\",\"mainEntityOfPage\":{\"@id\":\"https:\\\/\\\/www.militia-christi.it\\\/sitoweb\\\/2023\\\/07\\\/30\\\/preghiera-dei-templari\\\/#webpage\"},\"isPartOf\":{\"@id\":\"https:\\\/\\\/www.militia-christi.it\\\/sitoweb\\\/2023\\\/07\\\/30\\\/preghiera-dei-templari\\\/#webpage\"},\"articleSection\":\"Preghiere dei Templari, cavalieri, preghiere, templari\"},{\"@type\":\"BreadcrumbList\",\"@id\":\"https:\\\/\\\/www.militia-christi.it\\\/sitoweb\\\/2023\\\/07\\\/30\\\/preghiera-dei-templari\\\/#breadcrumblist\",\"itemListElement\":[{\"@type\":\"ListItem\",\"@id\":\"https:\\\/\\\/www.militia-christi.it\\\/sitoweb#listItem\",\"position\":1,\"name\":\"Home\",\"item\":\"https:\\\/\\\/www.militia-christi.it\\\/sitoweb\",\"nextItem\":{\"@type\":\"ListItem\",\"@id\":\"https:\\\/\\\/www.militia-christi.it\\\/sitoweb\\\/category\\\/preghiere-dei-templari\\\/#listItem\",\"name\":\"Preghiere dei Templari\"}},{\"@type\":\"ListItem\",\"@id\":\"https:\\\/\\\/www.militia-christi.it\\\/sitoweb\\\/category\\\/preghiere-dei-templari\\\/#listItem\",\"position\":2,\"name\":\"Preghiere dei Templari\",\"item\":\"https:\\\/\\\/www.militia-christi.it\\\/sitoweb\\\/category\\\/preghiere-dei-templari\\\/\",\"nextItem\":{\"@type\":\"ListItem\",\"@id\":\"https:\\\/\\\/www.militia-christi.it\\\/sitoweb\\\/2023\\\/07\\\/30\\\/preghiera-dei-templari\\\/#listItem\",\"name\":\"Preghiera dei templari\"},\"previousItem\":{\"@type\":\"ListItem\",\"@id\":\"https:\\\/\\\/www.militia-christi.it\\\/sitoweb#listItem\",\"name\":\"Home\"}},{\"@type\":\"ListItem\",\"@id\":\"https:\\\/\\\/www.militia-christi.it\\\/sitoweb\\\/2023\\\/07\\\/30\\\/preghiera-dei-templari\\\/#listItem\",\"position\":3,\"name\":\"Preghiera dei templari\",\"previousItem\":{\"@type\":\"ListItem\",\"@id\":\"https:\\\/\\\/www.militia-christi.it\\\/sitoweb\\\/category\\\/preghiere-dei-templari\\\/#listItem\",\"name\":\"Preghiere dei Templari\"}}]},{\"@type\":\"Organization\",\"@id\":\"https:\\\/\\\/www.militia-christi.it\\\/sitoweb\\\/#organization\",\"name\":\"MILITIA CHRISTI Ordine Religioso\",\"description\":\"Non nobis Domine, non nobis, sed nomini tuo da gloriam\",\"url\":\"https:\\\/\\\/www.militia-christi.it\\\/sitoweb\\\/\",\"logo\":{\"@type\":\"ImageObject\",\"url\":\"https:\\\/\\\/i0.wp.com\\\/www.militia-christi.it\\\/sitoweb\\\/wp-content\\\/uploads\\\/2024\\\/02\\\/LOGO-SMALL.png?fit=200%2C200&ssl=1\",\"@id\":\"https:\\\/\\\/www.militia-christi.it\\\/sitoweb\\\/2023\\\/07\\\/30\\\/preghiera-dei-templari\\\/#organizationLogo\",\"width\":200,\"height\":200},\"image\":{\"@id\":\"https:\\\/\\\/www.militia-christi.it\\\/sitoweb\\\/2023\\\/07\\\/30\\\/preghiera-dei-templari\\\/#organizationLogo\"}},{\"@type\":\"Person\",\"@id\":\"https:\\\/\\\/www.militia-christi.it\\\/sitoweb\\\/author\\\/fvendola\\\/#author\",\"url\":\"https:\\\/\\\/www.militia-christi.it\\\/sitoweb\\\/author\\\/fvendola\\\/\",\"name\":\"fvendola\",\"image\":{\"@type\":\"ImageObject\",\"@id\":\"https:\\\/\\\/www.militia-christi.it\\\/sitoweb\\\/2023\\\/07\\\/30\\\/preghiera-dei-templari\\\/#authorImage\",\"url\":\"https:\\\/\\\/secure.gravatar.com\\\/avatar\\\/2f7b7f7001bb22b2f1e1020cf492551ff234d3563cbf36b40503b2be6a37beb8?s=96&d=mm&r=g\",\"width\":96,\"height\":96,\"caption\":\"fvendola\"}},{\"@type\":\"WebPage\",\"@id\":\"https:\\\/\\\/www.militia-christi.it\\\/sitoweb\\\/2023\\\/07\\\/30\\\/preghiera-dei-templari\\\/#webpage\",\"url\":\"https:\\\/\\\/www.militia-christi.it\\\/sitoweb\\\/2023\\\/07\\\/30\\\/preghiera-dei-templari\\\/\",\"name\":\"Preghiera dei templari - I Templari: Poveri Cavalieri di Cristo del Tempio di Salomone\",\"description\":\"Preghiera dei Templari Che la grazia dello Spirito Santo ci assista e che Maria, stella del mare ci conduca al porto della salvezza. Amen. Signore Ges\\u00f9, Cristo santo, Padre eterno, Dio onnipotente, saggezza, creatore, dispensatore, amministratore benevole e amatissimo amico, prode umile Redentore, Salvatore misericordioso e clemente, santissimo Signore Iddio, io ti scongiuro umilmente e\",\"inLanguage\":\"it-IT\",\"isPartOf\":{\"@id\":\"https:\\\/\\\/www.militia-christi.it\\\/sitoweb\\\/#website\"},\"breadcrumb\":{\"@id\":\"https:\\\/\\\/www.militia-christi.it\\\/sitoweb\\\/2023\\\/07\\\/30\\\/preghiera-dei-templari\\\/#breadcrumblist\"},\"author\":{\"@id\":\"https:\\\/\\\/www.militia-christi.it\\\/sitoweb\\\/author\\\/fvendola\\\/#author\"},\"creator\":{\"@id\":\"https:\\\/\\\/www.militia-christi.it\\\/sitoweb\\\/author\\\/fvendola\\\/#author\"},\"image\":{\"@type\":\"ImageObject\",\"url\":\"https:\\\/\\\/i0.wp.com\\\/www.militia-christi.it\\\/sitoweb\\\/wp-content\\\/uploads\\\/2023\\\/07\\\/preghiera-templare.jpg?fit=605%2C960&ssl=1\",\"@id\":\"https:\\\/\\\/www.militia-christi.it\\\/sitoweb\\\/2023\\\/07\\\/30\\\/preghiera-dei-templari\\\/#mainImage\",\"width\":605,\"height\":960},\"primaryImageOfPage\":{\"@id\":\"https:\\\/\\\/www.militia-christi.it\\\/sitoweb\\\/2023\\\/07\\\/30\\\/preghiera-dei-templari\\\/#mainImage\"},\"datePublished\":\"2023-07-30T10:18:12+02:00\",\"dateModified\":\"2023-07-30T13:17:33+02:00\"},{\"@type\":\"WebSite\",\"@id\":\"https:\\\/\\\/www.militia-christi.it\\\/sitoweb\\\/#website\",\"url\":\"https:\\\/\\\/www.militia-christi.it\\\/sitoweb\\\/\",\"name\":\"MILITIA CHRISTI Ordine Religioso\",\"description\":\"Non nobis Domine, non nobis, sed nomini tuo da gloriam\",\"inLanguage\":\"it-IT\",\"publisher\":{\"@id\":\"https:\\\/\\\/www.militia-christi.it\\\/sitoweb\\\/#organization\"}}]}\n\t\t<\/script>\n\t\t<!-- All in One SEO -->\n\n","aioseo_head_json":{"title":"Preghiera dei templari - I Templari: Poveri Cavalieri di Cristo del Tempio di Salomone","description":"Preghiera dei Templari Che la grazia dello Spirito Santo ci assista e che Maria, stella del mare ci conduca al porto della salvezza. Amen. Signore Ges\u00f9, Cristo santo, Padre eterno, Dio onnipotente, saggezza, creatore, dispensatore, amministratore benevole e amatissimo amico, prode umile Redentore, Salvatore misericordioso e clemente, santissimo Signore Iddio, io ti scongiuro umilmente e","canonical_url":"https:\/\/www.militia-christi.it\/sitoweb\/2023\/07\/30\/preghiera-dei-templari\/","robots":"max-image-preview:large","keywords":"","webmasterTools":{"miscellaneous":""},"schema":{"@context":"https:\/\/schema.org","@graph":[{"@type":"BlogPosting","@id":"https:\/\/www.militia-christi.it\/sitoweb\/2023\/07\/30\/preghiera-dei-templari\/#blogposting","name":"Preghiera dei templari - I Templari: Poveri Cavalieri di Cristo del Tempio di Salomone","headline":"Preghiera dei templari","author":{"@id":"https:\/\/www.militia-christi.it\/sitoweb\/author\/fvendola\/#author"},"publisher":{"@id":"https:\/\/www.militia-christi.it\/sitoweb\/#organization"},"image":{"@type":"ImageObject","url":"https:\/\/i0.wp.com\/www.militia-christi.it\/sitoweb\/wp-content\/uploads\/2023\/07\/preghiera-templare.jpg?fit=605%2C960&ssl=1","width":605,"height":960},"datePublished":"2023-07-30T10:18:12+02:00","dateModified":"2023-07-30T13:17:33+02:00","inLanguage":"it-IT","mainEntityOfPage":{"@id":"https:\/\/www.militia-christi.it\/sitoweb\/2023\/07\/30\/preghiera-dei-templari\/#webpage"},"isPartOf":{"@id":"https:\/\/www.militia-christi.it\/sitoweb\/2023\/07\/30\/preghiera-dei-templari\/#webpage"},"articleSection":"Preghiere dei Templari, cavalieri, preghiere, templari"},{"@type":"BreadcrumbList","@id":"https:\/\/www.militia-christi.it\/sitoweb\/2023\/07\/30\/preghiera-dei-templari\/#breadcrumblist","itemListElement":[{"@type":"ListItem","@id":"https:\/\/www.militia-christi.it\/sitoweb#listItem","position":1,"name":"Home","item":"https:\/\/www.militia-christi.it\/sitoweb","nextItem":{"@type":"ListItem","@id":"https:\/\/www.militia-christi.it\/sitoweb\/category\/preghiere-dei-templari\/#listItem","name":"Preghiere dei Templari"}},{"@type":"ListItem","@id":"https:\/\/www.militia-christi.it\/sitoweb\/category\/preghiere-dei-templari\/#listItem","position":2,"name":"Preghiere dei Templari","item":"https:\/\/www.militia-christi.it\/sitoweb\/category\/preghiere-dei-templari\/","nextItem":{"@type":"ListItem","@id":"https:\/\/www.militia-christi.it\/sitoweb\/2023\/07\/30\/preghiera-dei-templari\/#listItem","name":"Preghiera dei templari"},"previousItem":{"@type":"ListItem","@id":"https:\/\/www.militia-christi.it\/sitoweb#listItem","name":"Home"}},{"@type":"ListItem","@id":"https:\/\/www.militia-christi.it\/sitoweb\/2023\/07\/30\/preghiera-dei-templari\/#listItem","position":3,"name":"Preghiera dei templari","previousItem":{"@type":"ListItem","@id":"https:\/\/www.militia-christi.it\/sitoweb\/category\/preghiere-dei-templari\/#listItem","name":"Preghiere dei Templari"}}]},{"@type":"Organization","@id":"https:\/\/www.militia-christi.it\/sitoweb\/#organization","name":"MILITIA CHRISTI Ordine Religioso","description":"Non nobis Domine, non nobis, sed nomini tuo da gloriam","url":"https:\/\/www.militia-christi.it\/sitoweb\/","logo":{"@type":"ImageObject","url":"https:\/\/i0.wp.com\/www.militia-christi.it\/sitoweb\/wp-content\/uploads\/2024\/02\/LOGO-SMALL.png?fit=200%2C200&ssl=1","@id":"https:\/\/www.militia-christi.it\/sitoweb\/2023\/07\/30\/preghiera-dei-templari\/#organizationLogo","width":200,"height":200},"image":{"@id":"https:\/\/www.militia-christi.it\/sitoweb\/2023\/07\/30\/preghiera-dei-templari\/#organizationLogo"}},{"@type":"Person","@id":"https:\/\/www.militia-christi.it\/sitoweb\/author\/fvendola\/#author","url":"https:\/\/www.militia-christi.it\/sitoweb\/author\/fvendola\/","name":"fvendola","image":{"@type":"ImageObject","@id":"https:\/\/www.militia-christi.it\/sitoweb\/2023\/07\/30\/preghiera-dei-templari\/#authorImage","url":"https:\/\/secure.gravatar.com\/avatar\/2f7b7f7001bb22b2f1e1020cf492551ff234d3563cbf36b40503b2be6a37beb8?s=96&d=mm&r=g","width":96,"height":96,"caption":"fvendola"}},{"@type":"WebPage","@id":"https:\/\/www.militia-christi.it\/sitoweb\/2023\/07\/30\/preghiera-dei-templari\/#webpage","url":"https:\/\/www.militia-christi.it\/sitoweb\/2023\/07\/30\/preghiera-dei-templari\/","name":"Preghiera dei templari - I Templari: Poveri Cavalieri di Cristo del Tempio di Salomone","description":"Preghiera dei Templari Che la grazia dello Spirito Santo ci assista e che Maria, stella del mare ci conduca al porto della salvezza. Amen. Signore Ges\u00f9, Cristo santo, Padre eterno, Dio onnipotente, saggezza, creatore, dispensatore, amministratore benevole e amatissimo amico, prode umile Redentore, Salvatore misericordioso e clemente, santissimo Signore Iddio, io ti scongiuro umilmente e","inLanguage":"it-IT","isPartOf":{"@id":"https:\/\/www.militia-christi.it\/sitoweb\/#website"},"breadcrumb":{"@id":"https:\/\/www.militia-christi.it\/sitoweb\/2023\/07\/30\/preghiera-dei-templari\/#breadcrumblist"},"author":{"@id":"https:\/\/www.militia-christi.it\/sitoweb\/author\/fvendola\/#author"},"creator":{"@id":"https:\/\/www.militia-christi.it\/sitoweb\/author\/fvendola\/#author"},"image":{"@type":"ImageObject","url":"https:\/\/i0.wp.com\/www.militia-christi.it\/sitoweb\/wp-content\/uploads\/2023\/07\/preghiera-templare.jpg?fit=605%2C960&ssl=1","@id":"https:\/\/www.militia-christi.it\/sitoweb\/2023\/07\/30\/preghiera-dei-templari\/#mainImage","width":605,"height":960},"primaryImageOfPage":{"@id":"https:\/\/www.militia-christi.it\/sitoweb\/2023\/07\/30\/preghiera-dei-templari\/#mainImage"},"datePublished":"2023-07-30T10:18:12+02:00","dateModified":"2023-07-30T13:17:33+02:00"},{"@type":"WebSite","@id":"https:\/\/www.militia-christi.it\/sitoweb\/#website","url":"https:\/\/www.militia-christi.it\/sitoweb\/","name":"MILITIA CHRISTI Ordine Religioso","description":"Non nobis Domine, non nobis, sed nomini tuo da gloriam","inLanguage":"it-IT","publisher":{"@id":"https:\/\/www.militia-christi.it\/sitoweb\/#organization"}}]},"og:locale":"it_IT","og:site_name":"I Templari: Poveri Cavalieri di Cristo del Tempio di Salomone - Non nobis Domine, non nobis, sed nomini tuo da gloriam","og:type":"article","og:title":"Preghiera dei templari - I Templari: Poveri Cavalieri di Cristo del Tempio di Salomone","og:description":"Preghiera dei Templari Che la grazia dello Spirito Santo ci assista e che Maria, stella del mare ci conduca al porto della salvezza. Amen. Signore Ges\u00f9, Cristo santo, Padre eterno, Dio onnipotente, saggezza, creatore, dispensatore, amministratore benevole e amatissimo amico, prode umile Redentore, Salvatore misericordioso e clemente, santissimo Signore Iddio, io ti scongiuro umilmente e","og:url":"https:\/\/www.militia-christi.it\/sitoweb\/2023\/07\/30\/preghiera-dei-templari\/","og:image":"https:\/\/i0.wp.com\/www.militia-christi.it\/sitoweb\/wp-content\/uploads\/2024\/02\/LOGO-SMALL.png?fit=200%2C200&#038;ssl=1","og:image:secure_url":"https:\/\/i0.wp.com\/www.militia-christi.it\/sitoweb\/wp-content\/uploads\/2024\/02\/LOGO-SMALL.png?fit=200%2C200&#038;ssl=1","article:published_time":"2023-07-30T08:18:12+00:00","article:modified_time":"2023-07-30T11:17:33+00:00","twitter:card":"summary_large_image","twitter:title":"Preghiera dei templari - I Templari: Poveri Cavalieri di Cristo del Tempio di Salomone","twitter:description":"Preghiera dei Templari Che la grazia dello Spirito Santo ci assista e che Maria, stella del mare ci conduca al porto della salvezza. Amen. Signore Ges\u00f9, Cristo santo, Padre eterno, Dio onnipotente, saggezza, creatore, dispensatore, amministratore benevole e amatissimo amico, prode umile Redentore, Salvatore misericordioso e clemente, santissimo Signore Iddio, io ti scongiuro umilmente e","twitter:image":"https:\/\/i0.wp.com\/www.militia-christi.it\/sitoweb\/wp-content\/uploads\/2024\/02\/LOGO-SMALL.png?fit=200%2C200&ssl=1"},"aioseo_meta_data":{"post_id":"169","title":null,"description":null,"keywords":null,"keyphrases":null,"primary_term":null,"canonical_url":null,"og_title":null,"og_description":null,"og_object_type":"default","og_image_type":"default","og_image_url":null,"og_image_width":null,"og_image_height":null,"og_image_custom_url":null,"og_image_custom_fields":null,"og_video":null,"og_custom_url":null,"og_article_section":null,"og_article_tags":null,"twitter_use_og":false,"twitter_card":"default","twitter_image_type":"default","twitter_image_url":null,"twitter_image_custom_url":null,"twitter_image_custom_fields":null,"twitter_title":null,"twitter_description":null,"schema":{"blockGraphs":[],"customGraphs":[],"default":{"data":{"Article":[],"Course":[],"Dataset":[],"FAQPage":[],"Movie":[],"Person":[],"Product":[],"ProductReview":[],"Car":[],"Recipe":[],"Service":[],"SoftwareApplication":[],"WebPage":[]},"graphName":"","isEnabled":true},"graphs":[]},"schema_type":"default","schema_type_options":null,"pillar_content":false,"robots_default":true,"robots_noindex":false,"robots_noarchive":false,"robots_nosnippet":false,"robots_nofollow":false,"robots_noimageindex":false,"robots_noodp":false,"robots_notranslate":false,"robots_max_snippet":null,"robots_max_videopreview":null,"robots_max_imagepreview":"large","priority":null,"frequency":null,"local_seo":null,"breadcrumb_settings":null,"limit_modified_date":false,"ai":null,"created":"2023-07-30 12:15:45","updated":"2025-09-29 11:03:00","seo_analyzer_scan_date":null},"aioseo_breadcrumb":"<div class=\"aioseo-breadcrumbs\"><span class=\"aioseo-breadcrumb\">\n\t\t\t<a href=\"https:\/\/www.militia-christi.it\/sitoweb\" title=\"Home\">Home<\/a>\n\t\t<\/span><span class=\"aioseo-breadcrumb-separator\">&raquo;<\/span><span class=\"aioseo-breadcrumb\">\n\t\t\t<a href=\"https:\/\/www.militia-christi.it\/sitoweb\/category\/preghiere-dei-templari\/\" title=\"Preghiere dei Templari\">Preghiere dei Templari<\/a>\n\t\t<\/span><span class=\"aioseo-breadcrumb-separator\">&raquo;<\/span><span class=\"aioseo-breadcrumb\">\n\t\t\tPreghiera dei templari\n\t\t<\/span><\/div>","aioseo_breadcrumb_json":[{"label":"Home","link":"https:\/\/www.militia-christi.it\/sitoweb"},{"label":"Preghiere dei Templari","link":"https:\/\/www.militia-christi.it\/sitoweb\/category\/preghiere-dei-templari\/"},{"label":"Preghiera dei templari","link":"https:\/\/www.militia-christi.it\/sitoweb\/2023\/07\/30\/preghiera-dei-templari\/"}],"jetpack_publicize_connections":[],"jetpack_featured_media_url":"https:\/\/i0.wp.com\/www.militia-christi.it\/sitoweb\/wp-content\/uploads\/2023\/07\/preghiera-templare.jpg?fit=605%2C960&ssl=1","jetpack-related-posts":[{"id":415,"url":"https:\/\/www.militia-christi.it\/sitoweb\/2023\/08\/04\/preghiera-mariana-di-bernardo-di-chiaravalle\/","url_meta":{"origin":169,"position":0},"title":"Preghiera Mariana di Bernardo di Chiaravalle","author":"fvendola","date":"4 Agosto 2023","format":false,"excerpt":"PREGHIERA ALLA VERGINEDI SAN BERNARDO DI CHIARAVALLERicordati, o\u00a0 \u00a0vergine Maria,che non si \u00e8 mai uditoche alcuno,ricorrendo al tuo patrocinio,implorando il tuo aiutoe la tua protezione,sia stato da te abbandonato.Animato da tale confidenza,a te ricorro,o vergine delle vergini e madre mia,a te io vengo e davanti a te me ne sto,povero\u2026","rel":"","context":"In &quot;Preghiere dei Templari&quot;","block_context":{"text":"Preghiere dei Templari","link":"https:\/\/www.militia-christi.it\/sitoweb\/category\/preghiere-dei-templari\/"},"img":{"alt_text":"","src":"https:\/\/i0.wp.com\/www.militia-christi.it\/sitoweb\/wp-content\/uploads\/2023\/07\/img_2099.jpg?fit=201%2C250&ssl=1&resize=350%2C200","width":350,"height":200},"classes":[]},{"id":1042,"url":"https:\/\/www.militia-christi.it\/sitoweb\/2024\/01\/08\/preghiera-a-san-severino-abate\/","url_meta":{"origin":169,"position":1},"title":"Preghiera a San Severino Abate","author":"Admin Admin","date":"8 Gennaio 2024","format":false,"excerpt":"Preghiera a San Severino Abate O San Severino Abate,godi pure quella gloriache con tante apostoliche faticheti sei acquistata.Noi oggi lodiamo Ges\u00f9 Cristo in te:tu Lo hai saputo amare e servire;Egli ti ha saputo coronare.Ricordati di noi, prega,intercedi per tutti quelli che ti invocano.Mantieni in noi sempre viva la fede,costante la\u2026","rel":"","context":"In &quot;Preghiere dei Templari&quot;","block_context":{"text":"Preghiere dei Templari","link":"https:\/\/www.militia-christi.it\/sitoweb\/category\/preghiere-dei-templari\/"},"img":{"alt_text":"","src":"https:\/\/i0.wp.com\/www.militia-christi.it\/sitoweb\/wp-content\/uploads\/2024\/01\/img_5638-2-1.jpg?fit=353%2C265&ssl=1&resize=350%2C200","width":350,"height":200},"classes":[]},{"id":317,"url":"https:\/\/www.militia-christi.it\/sitoweb\/2023\/07\/31\/hugues-de-payns\/","url_meta":{"origin":169,"position":2},"title":"Hugues de Payns","author":"fvendola","date":"31 Luglio 2023","format":false,"excerpt":"Hugues de Payns, secondo alcuni studiosi, nacque a Payns, a circa 10 km da Troyes, in Champagne-Ardenne, Francia.[2] Hugues de Payns visse in Champagne durante il primo periodo della sua vita. La data esatta della sua nascita \u00e8 sconosciuta, ma pu\u00f2 essere collocata tra il 1070 e il 1080. Nell'ambito\u2026","rel":"","context":"In &quot;Gran maestro dell'Ordine templare&quot;","block_context":{"text":"Gran maestro dell'Ordine templare","link":"https:\/\/www.militia-christi.it\/sitoweb\/category\/storia-dei-templari\/gran-maestro-dellordine-templare\/"},"img":{"alt_text":"","src":"https:\/\/i0.wp.com\/www.militia-christi.it\/sitoweb\/wp-content\/uploads\/2023\/07\/ugo-de-payns.jpg?fit=1171%2C729&ssl=1&resize=350%2C200","width":350,"height":200,"srcset":"https:\/\/i0.wp.com\/www.militia-christi.it\/sitoweb\/wp-content\/uploads\/2023\/07\/ugo-de-payns.jpg?fit=1171%2C729&ssl=1&resize=350%2C200 1x, https:\/\/i0.wp.com\/www.militia-christi.it\/sitoweb\/wp-content\/uploads\/2023\/07\/ugo-de-payns.jpg?fit=1171%2C729&ssl=1&resize=525%2C300 1.5x, https:\/\/i0.wp.com\/www.militia-christi.it\/sitoweb\/wp-content\/uploads\/2023\/07\/ugo-de-payns.jpg?fit=1171%2C729&ssl=1&resize=700%2C400 2x, https:\/\/i0.wp.com\/www.militia-christi.it\/sitoweb\/wp-content\/uploads\/2023\/07\/ugo-de-payns.jpg?fit=1171%2C729&ssl=1&resize=1050%2C600 3x"},"classes":[]},{"id":1100,"url":"https:\/\/www.militia-christi.it\/sitoweb\/2024\/01\/17\/nasce-lassociazione\/","url_meta":{"origin":169,"position":3},"title":"Nasce l\u2019Associazione","author":"Admin Admin","date":"17 Gennaio 2024","format":false,"excerpt":"Posso descriverti un'associazione no-profit che combina l'aiuto alle persone con problemi sanitari, economici e alimentari con caratteristiche religiose cattoliche e una storia templare. L'Associazione dei Templari \u00e8 un'organizzazione no-profit che si dedicher\u00e0 a fornire assistenza e sostegno a coloro che si trovano in difficolt\u00e0 a livello sanitario, economico e alimentare.\u2026","rel":"","context":"In &quot;Relazioni&quot;","block_context":{"text":"Relazioni","link":"https:\/\/www.militia-christi.it\/sitoweb\/category\/documenti-realizzati-da-cavalieri-o-dame\/relazioni\/"},"img":{"alt_text":"","src":"https:\/\/i0.wp.com\/www.militia-christi.it\/sitoweb\/wp-content\/uploads\/2024\/01\/img_5779-1.jpg?fit=1024%2C1024&ssl=1&resize=350%2C200","width":350,"height":200,"srcset":"https:\/\/i0.wp.com\/www.militia-christi.it\/sitoweb\/wp-content\/uploads\/2024\/01\/img_5779-1.jpg?fit=1024%2C1024&ssl=1&resize=350%2C200 1x, https:\/\/i0.wp.com\/www.militia-christi.it\/sitoweb\/wp-content\/uploads\/2024\/01\/img_5779-1.jpg?fit=1024%2C1024&ssl=1&resize=525%2C300 1.5x, https:\/\/i0.wp.com\/www.militia-christi.it\/sitoweb\/wp-content\/uploads\/2024\/01\/img_5779-1.jpg?fit=1024%2C1024&ssl=1&resize=700%2C400 2x"},"classes":[]},{"id":666,"url":"https:\/\/www.militia-christi.it\/sitoweb\/2023\/12\/17\/non-nobis-domine\/","url_meta":{"origin":169,"position":4},"title":"Non nobis Domine\u2026.","author":"fvendola","date":"17 Dicembre 2023","format":false,"excerpt":"La frase \"Non nobis Domine\" \u00e8 una locuzione latina che significa \"Non a noi, Signore\". Questa frase \u00e8 associata ai Cavalieri Templari, un ordine militare e religioso fondato nel XII secolo durante le Crociate. La frase \"Non nobis Domine\" era il motto ufficiale dei Cavalieri Templari e veniva utilizzata come\u2026","rel":"","context":"In &quot;Documenti realizzati da Cavalieri o Dame&quot;","block_context":{"text":"Documenti realizzati da Cavalieri o Dame","link":"https:\/\/www.militia-christi.it\/sitoweb\/category\/documenti-realizzati-da-cavalieri-o-dame\/"},"img":{"alt_text":"","src":"https:\/\/i0.wp.com\/www.militia-christi.it\/sitoweb\/wp-content\/uploads\/2023\/12\/img_4862-1.jpg?resize=350%2C200&ssl=1","width":350,"height":200,"srcset":"https:\/\/i0.wp.com\/www.militia-christi.it\/sitoweb\/wp-content\/uploads\/2023\/12\/img_4862-1.jpg?resize=350%2C200&ssl=1 1x, https:\/\/i0.wp.com\/www.militia-christi.it\/sitoweb\/wp-content\/uploads\/2023\/12\/img_4862-1.jpg?resize=525%2C300&ssl=1 1.5x"},"classes":[]},{"id":748,"url":"https:\/\/www.militia-christi.it\/sitoweb\/2023\/12\/26\/struttura-anno-liturgico-cristiano\/","url_meta":{"origin":169,"position":5},"title":"Struttura Anno Liturgico Cristiano","author":"Admin Admin","date":"26 Dicembre 2023","format":false,"excerpt":"Tempi liturgici della chiesa cattolicaPrima di tutto definiamo quali siano i tempi liturgici della chiesa cattolica. Nel contempo cercheremo di riassumere quali celebrazioni e letture bibliche essi prevedano. Per chiarezza, parleremo del\u00a0Rito Romano, tramandato dalla Chiesa di Roma e il pi\u00f9 diffuso del cristianesimo. Nel\u00a0Rito Ambrosiano\u00a0tutti i tempi liturgici sono\u2026","rel":"","context":"In &quot;Liturgia&quot;","block_context":{"text":"Liturgia","link":"https:\/\/www.militia-christi.it\/sitoweb\/category\/corso-di-formazione-religioso\/liturgia\/"},"img":{"alt_text":"","src":"https:\/\/i0.wp.com\/www.militia-christi.it\/sitoweb\/wp-content\/uploads\/2023\/12\/tempi-liturgici-7d457a45.jpeg?fit=750%2C440&ssl=1&resize=350%2C200","width":350,"height":200,"srcset":"https:\/\/i0.wp.com\/www.militia-christi.it\/sitoweb\/wp-content\/uploads\/2023\/12\/tempi-liturgici-7d457a45.jpeg?fit=750%2C440&ssl=1&resize=350%2C200 1x, https:\/\/i0.wp.com\/www.militia-christi.it\/sitoweb\/wp-content\/uploads\/2023\/12\/tempi-liturgici-7d457a45.jpeg?fit=750%2C440&ssl=1&resize=525%2C300 1.5x, https:\/\/i0.wp.com\/www.militia-christi.it\/sitoweb\/wp-content\/uploads\/2023\/12\/tempi-liturgici-7d457a45.jpeg?fit=750%2C440&ssl=1&resize=700%2C400 2x"},"classes":[]}],"jetpack_sharing_enabled":true,"_links":{"self":[{"href":"https:\/\/www.militia-christi.it\/sitoweb\/wp-json\/wp\/v2\/posts\/169","targetHints":{"allow":["GET"]}}],"collection":[{"href":"https:\/\/www.militia-christi.it\/sitoweb\/wp-json\/wp\/v2\/posts"}],"about":[{"href":"https:\/\/www.militia-christi.it\/sitoweb\/wp-json\/wp\/v2\/types\/post"}],"author":[{"embeddable":true,"href":"https:\/\/www.militia-christi.it\/sitoweb\/wp-json\/wp\/v2\/users\/1"}],"replies":[{"embeddable":true,"href":"https:\/\/www.militia-christi.it\/sitoweb\/wp-json\/wp\/v2\/comments?post=169"}],"version-history":[{"count":5,"href":"https:\/\/www.militia-christi.it\/sitoweb\/wp-json\/wp\/v2\/posts\/169\/revisions"}],"predecessor-version":[{"id":174,"href":"https:\/\/www.militia-christi.it\/sitoweb\/wp-json\/wp\/v2\/posts\/169\/revisions\/174"}],"wp:featuredmedia":[{"embeddable":true,"href":"https:\/\/www.militia-christi.it\/sitoweb\/wp-json\/wp\/v2\/media\/175"}],"wp:attachment":[{"href":"https:\/\/www.militia-christi.it\/sitoweb\/wp-json\/wp\/v2\/media?parent=169"}],"wp:term":[{"taxonomy":"category","embeddable":true,"href":"https:\/\/www.militia-christi.it\/sitoweb\/wp-json\/wp\/v2\/categories?post=169"},{"taxonomy":"post_tag","embeddable":true,"href":"https:\/\/www.militia-christi.it\/sitoweb\/wp-json\/wp\/v2\/tags?post=169"}],"curies":[{"name":"wp","href":"https:\/\/api.w.org\/{rel}","templated":true}]}}