{"id":658,"date":"2023-12-16T20:23:15","date_gmt":"2023-12-16T19:23:15","guid":{"rendered":"https:\/\/www.militia-christi.it\/sitoweb\/?p=658"},"modified":"2023-12-16T20:23:15","modified_gmt":"2023-12-16T19:23:15","slug":"tristezza-amicale","status":"publish","type":"post","link":"https:\/\/www.militia-christi.it\/sitoweb\/2023\/12\/16\/tristezza-amicale\/","title":{"rendered":"Tristezza Amicale"},"content":{"rendered":"\n<p class=\"wp-block-paragraph\"><\/p>\n\n\n\n<p class=\"wp-block-paragraph\">Nell&#8217;ombra dei giorni tristi e grigi,<br \/>La tristezza si insinua, si fa strada,<br \/>E mi avvolge come un manto pesante,<br \/>Creata dagli amici scorretti.<\/p>\n\n\n\n<p class=\"wp-block-paragraph\">Erano come stelle luminose,<br \/>Che brillavano nel mio cielo,<br \/>Ma ora si sono spente,<br \/>Lasciando solo un vuoto profondo.<\/p>\n\n\n\n<p class=\"wp-block-paragraph\">Mi hanno tradito con parole false,<br \/>Hanno giocato con il mio cuore,<br \/>Hanno infranto la fiducia preziosa,<br \/>Che avevo riposto in loro.<\/p>\n\n\n\n<p class=\"wp-block-paragraph\">Le risate condivise ora sono amare,<br \/>Le promesse spezzate come vetri rotti,<br \/>Mi ritrovo solo, in un mare di delusioni,<br \/>Dove l&#8217;amicizia \u00e8 solo un&#8217;illusione.<\/p>\n\n\n\n<p class=\"wp-block-paragraph\">Ma non mi arrendo alla tristezza,<br \/>Non permetto che mi consumi,<br \/>Perch\u00e9 so che ci sono ancora amici veri,<br \/>Che mi sostengono e mi amano.<\/p>\n\n\n\n<p class=\"wp-block-paragraph\">La tristezza creata dagli amici scorretti,<br>\u00c8 solo un capitolo nella mia storia,<br>Mi rende pi\u00f9 forte, pi\u00f9 consapevole,<br>Che l&#8217;amicizia autentica \u00e8 una preziosa gloria.<\/p>\n","protected":false},"excerpt":{"rendered":"<p>Nell&#8217;ombra dei giorni tristi e grigi,La tristezza si insinua, si fa strada,E mi avvolge come un manto pesante,Creata dagli amici scorretti. Erano come stelle luminose,Che brillavano nel mio cielo,Ma ora [&hellip;]<\/p>\n","protected":false},"author":1,"featured_media":657,"comment_status":"open","ping_status":"open","sticky":false,"template":"","format":"standard","meta":{"om_disable_all_campaigns":false,"_monsterinsights_skip_tracking":false,"_uf_show_specific_survey":0,"_uf_disable_surveys":false,"_jetpack_newsletter_access":"","_jetpack_dont_email_post_to_subs":false,"_jetpack_newsletter_tier_id":0,"_jetpack_memberships_contains_paywalled_content":false,"_jetpack_feature_clip_id":0,"_jetpack_memberships_contains_paid_content":false,"footnotes":"","jetpack_publicize_message":"","jetpack_publicize_feature_enabled":true,"jetpack_social_post_already_shared":false,"jetpack_social_options":{"image_generator_settings":{"template":"highway","default_image_id":0,"font":"","enabled":false},"version":2},"jetpack_post_was_ever_published":false},"categories":[7],"tags":[98,99,97,100],"class_list":["post-658","post","type-post","status-publish","format-standard","has-post-thumbnail","hentry","category-documenti-realizzati-da-cavalieri-o-dame","tag-amici","tag-amicizia","tag-poesia","tag-tristezzw"],"aioseo_notices":[],"aioseo_head":"\n\t\t<!-- All in One SEO 4.9.10 - aioseo.com -->\n\t<meta name=\"description\" content=\"Nell&#039;ombra dei giorni tristi e grigi,La tristezza si insinua, si fa strada,E mi avvolge come un manto pesante,Creata dagli amici scorretti. Erano come stelle luminose,Che brillavano nel mio cielo,Ma ora si sono spente,Lasciando solo un vuoto profondo. Mi hanno tradito con parole false,Hanno giocato con il mio cuore,Hanno infranto la fiducia preziosa,Che avevo riposto in\" \/>\n\t<meta name=\"robots\" content=\"max-image-preview:large\" \/>\n\t<meta name=\"author\" content=\"fvendola\"\/>\n\t<link rel=\"canonical\" href=\"https:\/\/www.militia-christi.it\/sitoweb\/2023\/12\/16\/tristezza-amicale\/\" \/>\n\t<meta name=\"generator\" content=\"All in One SEO (AIOSEO) 4.9.10\" \/>\n\t\t<meta property=\"og:locale\" content=\"it_IT\" \/>\n\t\t<meta property=\"og:site_name\" content=\"I Templari: Poveri Cavalieri di Cristo del Tempio di Salomone - Non nobis Domine, non nobis, sed nomini tuo da gloriam\" \/>\n\t\t<meta property=\"og:type\" content=\"article\" \/>\n\t\t<meta property=\"og:title\" content=\"Tristezza Amicale - I Templari: Poveri Cavalieri di Cristo del Tempio di Salomone\" \/>\n\t\t<meta property=\"og:description\" content=\"Nell&#039;ombra dei giorni tristi e grigi,La tristezza si insinua, si fa strada,E mi avvolge come un manto pesante,Creata dagli amici scorretti. Erano come stelle luminose,Che brillavano nel mio cielo,Ma ora si sono spente,Lasciando solo un vuoto profondo. Mi hanno tradito con parole false,Hanno giocato con il mio cuore,Hanno infranto la fiducia preziosa,Che avevo riposto in\" \/>\n\t\t<meta property=\"og:url\" content=\"https:\/\/www.militia-christi.it\/sitoweb\/2023\/12\/16\/tristezza-amicale\/\" \/>\n\t\t<meta property=\"og:image\" content=\"https:\/\/i0.wp.com\/www.militia-christi.it\/sitoweb\/wp-content\/uploads\/2024\/02\/LOGO-SMALL.png?fit=200%2C200&#038;ssl=1\" \/>\n\t\t<meta property=\"og:image:secure_url\" content=\"https:\/\/i0.wp.com\/www.militia-christi.it\/sitoweb\/wp-content\/uploads\/2024\/02\/LOGO-SMALL.png?fit=200%2C200&#038;ssl=1\" \/>\n\t\t<meta property=\"article:published_time\" content=\"2023-12-16T19:23:15+00:00\" \/>\n\t\t<meta property=\"article:modified_time\" content=\"2023-12-16T19:23:15+00:00\" \/>\n\t\t<meta name=\"twitter:card\" content=\"summary_large_image\" \/>\n\t\t<meta name=\"twitter:title\" content=\"Tristezza Amicale - I Templari: Poveri Cavalieri di Cristo del Tempio di Salomone\" \/>\n\t\t<meta name=\"twitter:description\" content=\"Nell&#039;ombra dei giorni tristi e grigi,La tristezza si insinua, si fa strada,E mi avvolge come un manto pesante,Creata dagli amici scorretti. Erano come stelle luminose,Che brillavano nel mio cielo,Ma ora si sono spente,Lasciando solo un vuoto profondo. Mi hanno tradito con parole false,Hanno giocato con il mio cuore,Hanno infranto la fiducia preziosa,Che avevo riposto in\" \/>\n\t\t<meta name=\"twitter:image\" content=\"https:\/\/i0.wp.com\/www.militia-christi.it\/sitoweb\/wp-content\/uploads\/2024\/02\/LOGO-SMALL.png?fit=200%2C200&amp;ssl=1\" \/>\n\t\t<script type=\"application\/ld+json\" class=\"aioseo-schema\">\n\t\t\t{\"@context\":\"https:\\\/\\\/schema.org\",\"@graph\":[{\"@type\":\"BlogPosting\",\"@id\":\"https:\\\/\\\/www.militia-christi.it\\\/sitoweb\\\/2023\\\/12\\\/16\\\/tristezza-amicale\\\/#blogposting\",\"name\":\"Tristezza Amicale - I Templari: Poveri Cavalieri di Cristo del Tempio di Salomone\",\"headline\":\"Tristezza Amicale\",\"author\":{\"@id\":\"https:\\\/\\\/www.militia-christi.it\\\/sitoweb\\\/author\\\/fvendola\\\/#author\"},\"publisher\":{\"@id\":\"https:\\\/\\\/www.militia-christi.it\\\/sitoweb\\\/#organization\"},\"image\":{\"@type\":\"ImageObject\",\"url\":\"https:\\\/\\\/i0.wp.com\\\/www.militia-christi.it\\\/sitoweb\\\/wp-content\\\/uploads\\\/2023\\\/12\\\/img_0089-1.jpg?fit=350%2C262&ssl=1\",\"width\":350,\"height\":262},\"datePublished\":\"2023-12-16T20:23:15+01:00\",\"dateModified\":\"2023-12-16T20:23:15+01:00\",\"inLanguage\":\"it-IT\",\"mainEntityOfPage\":{\"@id\":\"https:\\\/\\\/www.militia-christi.it\\\/sitoweb\\\/2023\\\/12\\\/16\\\/tristezza-amicale\\\/#webpage\"},\"isPartOf\":{\"@id\":\"https:\\\/\\\/www.militia-christi.it\\\/sitoweb\\\/2023\\\/12\\\/16\\\/tristezza-amicale\\\/#webpage\"},\"articleSection\":\"Documenti realizzati da Cavalieri o Dame, amici, amicizia, poesia, tristezzw\"},{\"@type\":\"BreadcrumbList\",\"@id\":\"https:\\\/\\\/www.militia-christi.it\\\/sitoweb\\\/2023\\\/12\\\/16\\\/tristezza-amicale\\\/#breadcrumblist\",\"itemListElement\":[{\"@type\":\"ListItem\",\"@id\":\"https:\\\/\\\/www.militia-christi.it\\\/sitoweb#listItem\",\"position\":1,\"name\":\"Home\",\"item\":\"https:\\\/\\\/www.militia-christi.it\\\/sitoweb\",\"nextItem\":{\"@type\":\"ListItem\",\"@id\":\"https:\\\/\\\/www.militia-christi.it\\\/sitoweb\\\/category\\\/documenti-realizzati-da-cavalieri-o-dame\\\/#listItem\",\"name\":\"Documenti realizzati da Cavalieri o Dame\"}},{\"@type\":\"ListItem\",\"@id\":\"https:\\\/\\\/www.militia-christi.it\\\/sitoweb\\\/category\\\/documenti-realizzati-da-cavalieri-o-dame\\\/#listItem\",\"position\":2,\"name\":\"Documenti realizzati da Cavalieri o Dame\",\"item\":\"https:\\\/\\\/www.militia-christi.it\\\/sitoweb\\\/category\\\/documenti-realizzati-da-cavalieri-o-dame\\\/\",\"nextItem\":{\"@type\":\"ListItem\",\"@id\":\"https:\\\/\\\/www.militia-christi.it\\\/sitoweb\\\/2023\\\/12\\\/16\\\/tristezza-amicale\\\/#listItem\",\"name\":\"Tristezza Amicale\"},\"previousItem\":{\"@type\":\"ListItem\",\"@id\":\"https:\\\/\\\/www.militia-christi.it\\\/sitoweb#listItem\",\"name\":\"Home\"}},{\"@type\":\"ListItem\",\"@id\":\"https:\\\/\\\/www.militia-christi.it\\\/sitoweb\\\/2023\\\/12\\\/16\\\/tristezza-amicale\\\/#listItem\",\"position\":3,\"name\":\"Tristezza Amicale\",\"previousItem\":{\"@type\":\"ListItem\",\"@id\":\"https:\\\/\\\/www.militia-christi.it\\\/sitoweb\\\/category\\\/documenti-realizzati-da-cavalieri-o-dame\\\/#listItem\",\"name\":\"Documenti realizzati da Cavalieri o Dame\"}}]},{\"@type\":\"Organization\",\"@id\":\"https:\\\/\\\/www.militia-christi.it\\\/sitoweb\\\/#organization\",\"name\":\"MILITIA CHRISTI Ordine Religioso\",\"description\":\"Non nobis Domine, non nobis, sed nomini tuo da gloriam\",\"url\":\"https:\\\/\\\/www.militia-christi.it\\\/sitoweb\\\/\",\"logo\":{\"@type\":\"ImageObject\",\"url\":\"https:\\\/\\\/i0.wp.com\\\/www.militia-christi.it\\\/sitoweb\\\/wp-content\\\/uploads\\\/2024\\\/02\\\/LOGO-SMALL.png?fit=200%2C200&ssl=1\",\"@id\":\"https:\\\/\\\/www.militia-christi.it\\\/sitoweb\\\/2023\\\/12\\\/16\\\/tristezza-amicale\\\/#organizationLogo\",\"width\":200,\"height\":200},\"image\":{\"@id\":\"https:\\\/\\\/www.militia-christi.it\\\/sitoweb\\\/2023\\\/12\\\/16\\\/tristezza-amicale\\\/#organizationLogo\"}},{\"@type\":\"Person\",\"@id\":\"https:\\\/\\\/www.militia-christi.it\\\/sitoweb\\\/author\\\/fvendola\\\/#author\",\"url\":\"https:\\\/\\\/www.militia-christi.it\\\/sitoweb\\\/author\\\/fvendola\\\/\",\"name\":\"fvendola\",\"image\":{\"@type\":\"ImageObject\",\"@id\":\"https:\\\/\\\/www.militia-christi.it\\\/sitoweb\\\/2023\\\/12\\\/16\\\/tristezza-amicale\\\/#authorImage\",\"url\":\"https:\\\/\\\/secure.gravatar.com\\\/avatar\\\/2f7b7f7001bb22b2f1e1020cf492551ff234d3563cbf36b40503b2be6a37beb8?s=96&d=mm&r=g\",\"width\":96,\"height\":96,\"caption\":\"fvendola\"}},{\"@type\":\"WebPage\",\"@id\":\"https:\\\/\\\/www.militia-christi.it\\\/sitoweb\\\/2023\\\/12\\\/16\\\/tristezza-amicale\\\/#webpage\",\"url\":\"https:\\\/\\\/www.militia-christi.it\\\/sitoweb\\\/2023\\\/12\\\/16\\\/tristezza-amicale\\\/\",\"name\":\"Tristezza Amicale - I Templari: Poveri Cavalieri di Cristo del Tempio di Salomone\",\"description\":\"Nell'ombra dei giorni tristi e grigi,La tristezza si insinua, si fa strada,E mi avvolge come un manto pesante,Creata dagli amici scorretti. Erano come stelle luminose,Che brillavano nel mio cielo,Ma ora si sono spente,Lasciando solo un vuoto profondo. Mi hanno tradito con parole false,Hanno giocato con il mio cuore,Hanno infranto la fiducia preziosa,Che avevo riposto in\",\"inLanguage\":\"it-IT\",\"isPartOf\":{\"@id\":\"https:\\\/\\\/www.militia-christi.it\\\/sitoweb\\\/#website\"},\"breadcrumb\":{\"@id\":\"https:\\\/\\\/www.militia-christi.it\\\/sitoweb\\\/2023\\\/12\\\/16\\\/tristezza-amicale\\\/#breadcrumblist\"},\"author\":{\"@id\":\"https:\\\/\\\/www.militia-christi.it\\\/sitoweb\\\/author\\\/fvendola\\\/#author\"},\"creator\":{\"@id\":\"https:\\\/\\\/www.militia-christi.it\\\/sitoweb\\\/author\\\/fvendola\\\/#author\"},\"image\":{\"@type\":\"ImageObject\",\"url\":\"https:\\\/\\\/i0.wp.com\\\/www.militia-christi.it\\\/sitoweb\\\/wp-content\\\/uploads\\\/2023\\\/12\\\/img_0089-1.jpg?fit=350%2C262&ssl=1\",\"@id\":\"https:\\\/\\\/www.militia-christi.it\\\/sitoweb\\\/2023\\\/12\\\/16\\\/tristezza-amicale\\\/#mainImage\",\"width\":350,\"height\":262},\"primaryImageOfPage\":{\"@id\":\"https:\\\/\\\/www.militia-christi.it\\\/sitoweb\\\/2023\\\/12\\\/16\\\/tristezza-amicale\\\/#mainImage\"},\"datePublished\":\"2023-12-16T20:23:15+01:00\",\"dateModified\":\"2023-12-16T20:23:15+01:00\"},{\"@type\":\"WebSite\",\"@id\":\"https:\\\/\\\/www.militia-christi.it\\\/sitoweb\\\/#website\",\"url\":\"https:\\\/\\\/www.militia-christi.it\\\/sitoweb\\\/\",\"name\":\"MILITIA CHRISTI Ordine Religioso\",\"description\":\"Non nobis Domine, non nobis, sed nomini tuo da gloriam\",\"inLanguage\":\"it-IT\",\"publisher\":{\"@id\":\"https:\\\/\\\/www.militia-christi.it\\\/sitoweb\\\/#organization\"}}]}\n\t\t<\/script>\n\t\t<!-- All in One SEO -->\n\n","aioseo_head_json":{"title":"Tristezza Amicale - I Templari: Poveri Cavalieri di Cristo del Tempio di Salomone","description":"Nell'ombra dei giorni tristi e grigi,La tristezza si insinua, si fa strada,E mi avvolge come un manto pesante,Creata dagli amici scorretti. Erano come stelle luminose,Che brillavano nel mio cielo,Ma ora si sono spente,Lasciando solo un vuoto profondo. Mi hanno tradito con parole false,Hanno giocato con il mio cuore,Hanno infranto la fiducia preziosa,Che avevo riposto in","canonical_url":"https:\/\/www.militia-christi.it\/sitoweb\/2023\/12\/16\/tristezza-amicale\/","robots":"max-image-preview:large","keywords":"","webmasterTools":{"miscellaneous":""},"schema":{"@context":"https:\/\/schema.org","@graph":[{"@type":"BlogPosting","@id":"https:\/\/www.militia-christi.it\/sitoweb\/2023\/12\/16\/tristezza-amicale\/#blogposting","name":"Tristezza Amicale - I Templari: Poveri Cavalieri di Cristo del Tempio di Salomone","headline":"Tristezza Amicale","author":{"@id":"https:\/\/www.militia-christi.it\/sitoweb\/author\/fvendola\/#author"},"publisher":{"@id":"https:\/\/www.militia-christi.it\/sitoweb\/#organization"},"image":{"@type":"ImageObject","url":"https:\/\/i0.wp.com\/www.militia-christi.it\/sitoweb\/wp-content\/uploads\/2023\/12\/img_0089-1.jpg?fit=350%2C262&ssl=1","width":350,"height":262},"datePublished":"2023-12-16T20:23:15+01:00","dateModified":"2023-12-16T20:23:15+01:00","inLanguage":"it-IT","mainEntityOfPage":{"@id":"https:\/\/www.militia-christi.it\/sitoweb\/2023\/12\/16\/tristezza-amicale\/#webpage"},"isPartOf":{"@id":"https:\/\/www.militia-christi.it\/sitoweb\/2023\/12\/16\/tristezza-amicale\/#webpage"},"articleSection":"Documenti realizzati da Cavalieri o Dame, amici, amicizia, poesia, tristezzw"},{"@type":"BreadcrumbList","@id":"https:\/\/www.militia-christi.it\/sitoweb\/2023\/12\/16\/tristezza-amicale\/#breadcrumblist","itemListElement":[{"@type":"ListItem","@id":"https:\/\/www.militia-christi.it\/sitoweb#listItem","position":1,"name":"Home","item":"https:\/\/www.militia-christi.it\/sitoweb","nextItem":{"@type":"ListItem","@id":"https:\/\/www.militia-christi.it\/sitoweb\/category\/documenti-realizzati-da-cavalieri-o-dame\/#listItem","name":"Documenti realizzati da Cavalieri o Dame"}},{"@type":"ListItem","@id":"https:\/\/www.militia-christi.it\/sitoweb\/category\/documenti-realizzati-da-cavalieri-o-dame\/#listItem","position":2,"name":"Documenti realizzati da Cavalieri o Dame","item":"https:\/\/www.militia-christi.it\/sitoweb\/category\/documenti-realizzati-da-cavalieri-o-dame\/","nextItem":{"@type":"ListItem","@id":"https:\/\/www.militia-christi.it\/sitoweb\/2023\/12\/16\/tristezza-amicale\/#listItem","name":"Tristezza Amicale"},"previousItem":{"@type":"ListItem","@id":"https:\/\/www.militia-christi.it\/sitoweb#listItem","name":"Home"}},{"@type":"ListItem","@id":"https:\/\/www.militia-christi.it\/sitoweb\/2023\/12\/16\/tristezza-amicale\/#listItem","position":3,"name":"Tristezza Amicale","previousItem":{"@type":"ListItem","@id":"https:\/\/www.militia-christi.it\/sitoweb\/category\/documenti-realizzati-da-cavalieri-o-dame\/#listItem","name":"Documenti realizzati da Cavalieri o Dame"}}]},{"@type":"Organization","@id":"https:\/\/www.militia-christi.it\/sitoweb\/#organization","name":"MILITIA CHRISTI Ordine Religioso","description":"Non nobis Domine, non nobis, sed nomini tuo da gloriam","url":"https:\/\/www.militia-christi.it\/sitoweb\/","logo":{"@type":"ImageObject","url":"https:\/\/i0.wp.com\/www.militia-christi.it\/sitoweb\/wp-content\/uploads\/2024\/02\/LOGO-SMALL.png?fit=200%2C200&ssl=1","@id":"https:\/\/www.militia-christi.it\/sitoweb\/2023\/12\/16\/tristezza-amicale\/#organizationLogo","width":200,"height":200},"image":{"@id":"https:\/\/www.militia-christi.it\/sitoweb\/2023\/12\/16\/tristezza-amicale\/#organizationLogo"}},{"@type":"Person","@id":"https:\/\/www.militia-christi.it\/sitoweb\/author\/fvendola\/#author","url":"https:\/\/www.militia-christi.it\/sitoweb\/author\/fvendola\/","name":"fvendola","image":{"@type":"ImageObject","@id":"https:\/\/www.militia-christi.it\/sitoweb\/2023\/12\/16\/tristezza-amicale\/#authorImage","url":"https:\/\/secure.gravatar.com\/avatar\/2f7b7f7001bb22b2f1e1020cf492551ff234d3563cbf36b40503b2be6a37beb8?s=96&d=mm&r=g","width":96,"height":96,"caption":"fvendola"}},{"@type":"WebPage","@id":"https:\/\/www.militia-christi.it\/sitoweb\/2023\/12\/16\/tristezza-amicale\/#webpage","url":"https:\/\/www.militia-christi.it\/sitoweb\/2023\/12\/16\/tristezza-amicale\/","name":"Tristezza Amicale - I Templari: Poveri Cavalieri di Cristo del Tempio di Salomone","description":"Nell'ombra dei giorni tristi e grigi,La tristezza si insinua, si fa strada,E mi avvolge come un manto pesante,Creata dagli amici scorretti. Erano come stelle luminose,Che brillavano nel mio cielo,Ma ora si sono spente,Lasciando solo un vuoto profondo. Mi hanno tradito con parole false,Hanno giocato con il mio cuore,Hanno infranto la fiducia preziosa,Che avevo riposto in","inLanguage":"it-IT","isPartOf":{"@id":"https:\/\/www.militia-christi.it\/sitoweb\/#website"},"breadcrumb":{"@id":"https:\/\/www.militia-christi.it\/sitoweb\/2023\/12\/16\/tristezza-amicale\/#breadcrumblist"},"author":{"@id":"https:\/\/www.militia-christi.it\/sitoweb\/author\/fvendola\/#author"},"creator":{"@id":"https:\/\/www.militia-christi.it\/sitoweb\/author\/fvendola\/#author"},"image":{"@type":"ImageObject","url":"https:\/\/i0.wp.com\/www.militia-christi.it\/sitoweb\/wp-content\/uploads\/2023\/12\/img_0089-1.jpg?fit=350%2C262&ssl=1","@id":"https:\/\/www.militia-christi.it\/sitoweb\/2023\/12\/16\/tristezza-amicale\/#mainImage","width":350,"height":262},"primaryImageOfPage":{"@id":"https:\/\/www.militia-christi.it\/sitoweb\/2023\/12\/16\/tristezza-amicale\/#mainImage"},"datePublished":"2023-12-16T20:23:15+01:00","dateModified":"2023-12-16T20:23:15+01:00"},{"@type":"WebSite","@id":"https:\/\/www.militia-christi.it\/sitoweb\/#website","url":"https:\/\/www.militia-christi.it\/sitoweb\/","name":"MILITIA CHRISTI Ordine Religioso","description":"Non nobis Domine, non nobis, sed nomini tuo da gloriam","inLanguage":"it-IT","publisher":{"@id":"https:\/\/www.militia-christi.it\/sitoweb\/#organization"}}]},"og:locale":"it_IT","og:site_name":"I Templari: Poveri Cavalieri di Cristo del Tempio di Salomone - Non nobis Domine, non nobis, sed nomini tuo da gloriam","og:type":"article","og:title":"Tristezza Amicale - I Templari: Poveri Cavalieri di Cristo del Tempio di Salomone","og:description":"Nell'ombra dei giorni tristi e grigi,La tristezza si insinua, si fa strada,E mi avvolge come un manto pesante,Creata dagli amici scorretti. Erano come stelle luminose,Che brillavano nel mio cielo,Ma ora si sono spente,Lasciando solo un vuoto profondo. Mi hanno tradito con parole false,Hanno giocato con il mio cuore,Hanno infranto la fiducia preziosa,Che avevo riposto in","og:url":"https:\/\/www.militia-christi.it\/sitoweb\/2023\/12\/16\/tristezza-amicale\/","og:image":"https:\/\/i0.wp.com\/www.militia-christi.it\/sitoweb\/wp-content\/uploads\/2024\/02\/LOGO-SMALL.png?fit=200%2C200&#038;ssl=1","og:image:secure_url":"https:\/\/i0.wp.com\/www.militia-christi.it\/sitoweb\/wp-content\/uploads\/2024\/02\/LOGO-SMALL.png?fit=200%2C200&#038;ssl=1","article:published_time":"2023-12-16T19:23:15+00:00","article:modified_time":"2023-12-16T19:23:15+00:00","twitter:card":"summary_large_image","twitter:title":"Tristezza Amicale - I Templari: Poveri Cavalieri di Cristo del Tempio di Salomone","twitter:description":"Nell'ombra dei giorni tristi e grigi,La tristezza si insinua, si fa strada,E mi avvolge come un manto pesante,Creata dagli amici scorretti. Erano come stelle luminose,Che brillavano nel mio cielo,Ma ora si sono spente,Lasciando solo un vuoto profondo. Mi hanno tradito con parole false,Hanno giocato con il mio cuore,Hanno infranto la fiducia preziosa,Che avevo riposto in","twitter:image":"https:\/\/i0.wp.com\/www.militia-christi.it\/sitoweb\/wp-content\/uploads\/2024\/02\/LOGO-SMALL.png?fit=200%2C200&ssl=1"},"aioseo_meta_data":{"post_id":"658","title":null,"description":null,"keywords":null,"keyphrases":null,"primary_term":null,"canonical_url":null,"og_title":null,"og_description":null,"og_object_type":"default","og_image_type":"default","og_image_url":null,"og_image_width":null,"og_image_height":null,"og_image_custom_url":null,"og_image_custom_fields":null,"og_video":null,"og_custom_url":null,"og_article_section":null,"og_article_tags":null,"twitter_use_og":false,"twitter_card":"default","twitter_image_type":"default","twitter_image_url":null,"twitter_image_custom_url":null,"twitter_image_custom_fields":null,"twitter_title":null,"twitter_description":null,"schema":{"blockGraphs":[],"customGraphs":[],"default":{"data":{"Article":[],"Course":[],"Dataset":[],"FAQPage":[],"Movie":[],"Person":[],"Product":[],"ProductReview":[],"Car":[],"Recipe":[],"Service":[],"SoftwareApplication":[],"WebPage":[]},"graphName":"","isEnabled":true},"graphs":[]},"schema_type":"default","schema_type_options":null,"pillar_content":false,"robots_default":true,"robots_noindex":false,"robots_noarchive":false,"robots_nosnippet":false,"robots_nofollow":false,"robots_noimageindex":false,"robots_noodp":false,"robots_notranslate":false,"robots_max_snippet":null,"robots_max_videopreview":null,"robots_max_imagepreview":"large","priority":null,"frequency":null,"local_seo":null,"breadcrumb_settings":null,"limit_modified_date":false,"ai":null,"created":"2023-12-17 02:30:06","updated":"2025-09-29 11:18:00","seo_analyzer_scan_date":null},"aioseo_breadcrumb":"<div class=\"aioseo-breadcrumbs\"><span class=\"aioseo-breadcrumb\">\n\t\t\t<a href=\"https:\/\/www.militia-christi.it\/sitoweb\" title=\"Home\">Home<\/a>\n\t\t<\/span><span class=\"aioseo-breadcrumb-separator\">&raquo;<\/span><span class=\"aioseo-breadcrumb\">\n\t\t\t<a href=\"https:\/\/www.militia-christi.it\/sitoweb\/category\/documenti-realizzati-da-cavalieri-o-dame\/\" title=\"Documenti realizzati da Cavalieri o Dame\">Documenti realizzati da Cavalieri o Dame<\/a>\n\t\t<\/span><span class=\"aioseo-breadcrumb-separator\">&raquo;<\/span><span class=\"aioseo-breadcrumb\">\n\t\t\tTristezza Amicale\n\t\t<\/span><\/div>","aioseo_breadcrumb_json":[{"label":"Home","link":"https:\/\/www.militia-christi.it\/sitoweb"},{"label":"Documenti realizzati da Cavalieri o Dame","link":"https:\/\/www.militia-christi.it\/sitoweb\/category\/documenti-realizzati-da-cavalieri-o-dame\/"},{"label":"Tristezza Amicale","link":"https:\/\/www.militia-christi.it\/sitoweb\/2023\/12\/16\/tristezza-amicale\/"}],"jetpack_publicize_connections":[],"jetpack_featured_media_url":"https:\/\/i0.wp.com\/www.militia-christi.it\/sitoweb\/wp-content\/uploads\/2023\/12\/img_0089-1.jpg?fit=350%2C262&ssl=1","jetpack-related-posts":[{"id":357,"url":"https:\/\/www.militia-christi.it\/sitoweb\/2023\/08\/01\/rector-parusio-chi-e\/","url_meta":{"origin":658,"position":0},"title":"Rector Parusio, chi \u00e8?","author":"fvendola","date":"1 Agosto 2023","format":false,"excerpt":"Tantissimi anni fa, durante una cena con amici e decidemmo tutti trovare un nickname per ognuno di noi. Ci divertiremo tanto e ognuno trovo un simpatico nome da attribuirsi, e l\u00ec alla et\u00e0 di 17 anni, decisi che il mio nickname sarebbe stato e Rector Parusio. Ma cosa significa? Il\u2026","rel":"","context":"In &quot;Documenti realizzati da Cavalieri o Dame&quot;","block_context":{"text":"Documenti realizzati da Cavalieri o Dame","link":"https:\/\/www.militia-christi.it\/sitoweb\/category\/documenti-realizzati-da-cavalieri-o-dame\/"},"img":{"alt_text":"","src":"https:\/\/i0.wp.com\/www.militia-christi.it\/sitoweb\/wp-content\/uploads\/2023\/08\/657057ef-034b-4dc3-85ee-f228b40cd45b.jpg?fit=768%2C1024&ssl=1&resize=350%2C200","width":350,"height":200,"srcset":"https:\/\/i0.wp.com\/www.militia-christi.it\/sitoweb\/wp-content\/uploads\/2023\/08\/657057ef-034b-4dc3-85ee-f228b40cd45b.jpg?fit=768%2C1024&ssl=1&resize=350%2C200 1x, https:\/\/i0.wp.com\/www.militia-christi.it\/sitoweb\/wp-content\/uploads\/2023\/08\/657057ef-034b-4dc3-85ee-f228b40cd45b.jpg?fit=768%2C1024&ssl=1&resize=525%2C300 1.5x, https:\/\/i0.wp.com\/www.militia-christi.it\/sitoweb\/wp-content\/uploads\/2023\/08\/657057ef-034b-4dc3-85ee-f228b40cd45b.jpg?fit=768%2C1024&ssl=1&resize=700%2C400 2x"},"classes":[]},{"id":169,"url":"https:\/\/www.militia-christi.it\/sitoweb\/2023\/07\/30\/preghiera-dei-templari\/","url_meta":{"origin":658,"position":1},"title":"Preghiera dei templari","author":"fvendola","date":"30 Luglio 2023","format":false,"excerpt":"Preghiera dei Templari Che la grazia dello Spirito Santo ci assista e che Maria, stella del mare ci conduca al porto della salvezza. Amen. Signore Ges\u00f9, Cristo santo, Padre eterno, Dio onnipotente, saggezza, creatore, dispensatore, amministratore benevole e amatissimo amico, prode umile Redentore, Salvatore misericordioso e clemente, santissimo Signore Iddio,\u2026","rel":"","context":"In &quot;Preghiere dei Templari&quot;","block_context":{"text":"Preghiere dei Templari","link":"https:\/\/www.militia-christi.it\/sitoweb\/category\/preghiere-dei-templari\/"},"img":{"alt_text":"","src":"https:\/\/i0.wp.com\/www.militia-christi.it\/sitoweb\/wp-content\/uploads\/2023\/07\/preghiera-templare.jpg?fit=605%2C960&ssl=1&resize=350%2C200","width":350,"height":200,"srcset":"https:\/\/i0.wp.com\/www.militia-christi.it\/sitoweb\/wp-content\/uploads\/2023\/07\/preghiera-templare.jpg?fit=605%2C960&ssl=1&resize=350%2C200 1x, https:\/\/i0.wp.com\/www.militia-christi.it\/sitoweb\/wp-content\/uploads\/2023\/07\/preghiera-templare.jpg?fit=605%2C960&ssl=1&resize=525%2C300 1.5x"},"classes":[]},{"id":1135,"url":"https:\/\/www.militia-christi.it\/sitoweb\/2024\/02\/19\/san-corrado-confalonieri\/","url_meta":{"origin":658,"position":2},"title":"San Corrado Confalonieri","author":"Admin Admin","date":"19 Febbraio 2024","format":false,"excerpt":"Corrado Confalonieri\u00a0(Calendasco,\u00a01290\u00a0\u2013\u00a0Noto,\u00a019 febbraio\u00a01351) fu un\u00a0penitente,\u00a0terziario\u00a0francescano e pellegrino, condusse una vita anacoretica, da eremita; \u00e8 venerato come\u00a0santo\u00a0dalla\u00a0Chiesa cattolica\u00a0che ne celebra la memoria liturgica il\u00a019 febbraio. Fatti in breve\u00a0San Corrado Confalonieri, Nascita ... Biografia Corrado nacque a\u00a0Calendasco\u00a0nel\u00a01290. Discendeva dalla nobile casata dei\u00a0Confalonieri\u00a0che, oltre ad abitare in\u00a0Piacenza, avevano vasti feudi assegnati loro quale\u2026","rel":"","context":"In &quot;Santi del Giorno&quot;","block_context":{"text":"Santi del Giorno","link":"https:\/\/www.militia-christi.it\/sitoweb\/category\/santi-del-giorno\/"},"img":{"alt_text":"","src":"https:\/\/i0.wp.com\/www.militia-christi.it\/sitoweb\/wp-content\/uploads\/2024\/02\/img_6527-1.jpg?fit=481%2C357&ssl=1&resize=350%2C200","width":350,"height":200},"classes":[]},{"id":1105,"url":"https:\/\/www.militia-christi.it\/sitoweb\/2024\/01\/24\/san-francesco-di-sales\/","url_meta":{"origin":658,"position":3},"title":"San Francesco di Sales","author":"Admin Admin","date":"24 Gennaio 2024","format":false,"excerpt":"Francesco di Sales (in francese Fran\u00e7ois de Sales; Thorens-Gli\u00e8res, 21 agosto 1567 \u2013 Lione, 28 dicembre 1622) \u00e8 stato un vescovo cattolico francese. Fatti in breve\u00a0San Francesco di Sales, Nascita ... Fatti in breve\u00a0Francesco di Sales vescovo della Chiesa cattolica, Incarichi ricoperti ... Francesco fu il figlio primogenito del signore\u2026","rel":"","context":"In &quot;Santi del Giorno&quot;","block_context":{"text":"Santi del Giorno","link":"https:\/\/www.militia-christi.it\/sitoweb\/category\/santi-del-giorno\/"},"img":{"alt_text":"","src":"https:\/\/i0.wp.com\/www.militia-christi.it\/sitoweb\/wp-content\/uploads\/2024\/01\/img_6004-1.jpg?resize=350%2C200&ssl=1","width":350,"height":200},"classes":[]},{"id":691,"url":"https:\/\/www.militia-christi.it\/sitoweb\/2023\/12\/23\/san-giacobbe\/","url_meta":{"origin":658,"position":4},"title":"San Giacobbe","author":"fvendola","date":"23 Dicembre 2023","format":false,"excerpt":"Giacobbe (ebraico \u05d9\u05b7\u05e2\u05b2\u05e7\u05b9\u05d1: Ya\u02bfaqov o Ya'\u00e3q\u014db, greco antico \u1fbf\u0399\u03b1\u03ba\u03ce\u03b2, latino Iacob, arabo \u064a\u0639\u0642\u0648\u0628 Ya\u02bfq\u016bb) \u00e8 stato secondo la Bibbia uno dei Padri dell'Ebraismononch\u00e9 eroe eponimo del popolo di Israele. Giacobbe significa \"il soppiantatore\". Il nome deriva da ageb ossia \"tallone\"; fu chiamato cos\u00ec poich\u00e9, \u00ab al momento del parto, teneva\u2026","rel":"","context":"In &quot;Santi del Giorno&quot;","block_context":{"text":"Santi del Giorno","link":"https:\/\/www.militia-christi.it\/sitoweb\/category\/santi-del-giorno\/"},"img":{"alt_text":"","src":"https:\/\/i0.wp.com\/www.militia-christi.it\/sitoweb\/wp-content\/uploads\/2023\/12\/img_0119-1.jpg?fit=1200%2C600&ssl=1&resize=350%2C200","width":350,"height":200,"srcset":"https:\/\/i0.wp.com\/www.militia-christi.it\/sitoweb\/wp-content\/uploads\/2023\/12\/img_0119-1.jpg?fit=1200%2C600&ssl=1&resize=350%2C200 1x, https:\/\/i0.wp.com\/www.militia-christi.it\/sitoweb\/wp-content\/uploads\/2023\/12\/img_0119-1.jpg?fit=1200%2C600&ssl=1&resize=525%2C300 1.5x, https:\/\/i0.wp.com\/www.militia-christi.it\/sitoweb\/wp-content\/uploads\/2023\/12\/img_0119-1.jpg?fit=1200%2C600&ssl=1&resize=700%2C400 2x, https:\/\/i0.wp.com\/www.militia-christi.it\/sitoweb\/wp-content\/uploads\/2023\/12\/img_0119-1.jpg?fit=1200%2C600&ssl=1&resize=1050%2C600 3x"},"classes":[]},{"id":793,"url":"https:\/\/www.militia-christi.it\/sitoweb\/2023\/12\/29\/san-tommaso-becket\/","url_meta":{"origin":658,"position":5},"title":"San Tommaso Becket","author":"fvendola","date":"29 Dicembre 2023","format":false,"excerpt":"ommaso Becket\u00a0(in inglese\u00a0Thomas Becket;\u00a0Londra,\u00a021 dicembre\u00a01118\u00a0\u2013\u00a0Canterbury,\u00a029 dicembre\u00a01170) \u00e8 stato un\u00a0arcivescovo cattolico\u00a0inglese.Lord cancelliere\u00a0del\u00a0Regno d'Inghilterra\u00a0dal\u00a01154, venne eletto\u00a0arcivescovo di Canterbury\u00a0e\u00a0primate\u00a0d'Inghilterra nel\u00a01162. Ostile ai propositi di\u00a0Enrico II\u00a0di ridimensionamento dei privilegi ecclesiastici, ne pag\u00f2 il prezzo con la vita. Fu infatti ucciso nella\u00a0cattedrale di Canterbury\u00a0nel\u00a01170. Nel febbraio\u00a01173\u00a0venne proclamato\u00a0santo\u00a0(San Tommaso di Canterbury) e ascritto nel catalogo dei\u2026","rel":"","context":"In &quot;Santi del Giorno&quot;","block_context":{"text":"Santi del Giorno","link":"https:\/\/www.militia-christi.it\/sitoweb\/category\/santi-del-giorno\/"},"img":{"alt_text":"","src":"https:\/\/i0.wp.com\/www.militia-christi.it\/sitoweb\/wp-content\/uploads\/2023\/12\/1920px-Pavia_San_Lanfranco_affreschi-e1703865558297.jpg?fit=1200%2C552&ssl=1&resize=350%2C200","width":350,"height":200,"srcset":"https:\/\/i0.wp.com\/www.militia-christi.it\/sitoweb\/wp-content\/uploads\/2023\/12\/1920px-Pavia_San_Lanfranco_affreschi-e1703865558297.jpg?fit=1200%2C552&ssl=1&resize=350%2C200 1x, https:\/\/i0.wp.com\/www.militia-christi.it\/sitoweb\/wp-content\/uploads\/2023\/12\/1920px-Pavia_San_Lanfranco_affreschi-e1703865558297.jpg?fit=1200%2C552&ssl=1&resize=525%2C300 1.5x, https:\/\/i0.wp.com\/www.militia-christi.it\/sitoweb\/wp-content\/uploads\/2023\/12\/1920px-Pavia_San_Lanfranco_affreschi-e1703865558297.jpg?fit=1200%2C552&ssl=1&resize=700%2C400 2x, https:\/\/i0.wp.com\/www.militia-christi.it\/sitoweb\/wp-content\/uploads\/2023\/12\/1920px-Pavia_San_Lanfranco_affreschi-e1703865558297.jpg?fit=1200%2C552&ssl=1&resize=1050%2C600 3x"},"classes":[]}],"jetpack_sharing_enabled":true,"_links":{"self":[{"href":"https:\/\/www.militia-christi.it\/sitoweb\/wp-json\/wp\/v2\/posts\/658","targetHints":{"allow":["GET"]}}],"collection":[{"href":"https:\/\/www.militia-christi.it\/sitoweb\/wp-json\/wp\/v2\/posts"}],"about":[{"href":"https:\/\/www.militia-christi.it\/sitoweb\/wp-json\/wp\/v2\/types\/post"}],"author":[{"embeddable":true,"href":"https:\/\/www.militia-christi.it\/sitoweb\/wp-json\/wp\/v2\/users\/1"}],"replies":[{"embeddable":true,"href":"https:\/\/www.militia-christi.it\/sitoweb\/wp-json\/wp\/v2\/comments?post=658"}],"version-history":[{"count":1,"href":"https:\/\/www.militia-christi.it\/sitoweb\/wp-json\/wp\/v2\/posts\/658\/revisions"}],"predecessor-version":[{"id":659,"href":"https:\/\/www.militia-christi.it\/sitoweb\/wp-json\/wp\/v2\/posts\/658\/revisions\/659"}],"wp:featuredmedia":[{"embeddable":true,"href":"https:\/\/www.militia-christi.it\/sitoweb\/wp-json\/wp\/v2\/media\/657"}],"wp:attachment":[{"href":"https:\/\/www.militia-christi.it\/sitoweb\/wp-json\/wp\/v2\/media?parent=658"}],"wp:term":[{"taxonomy":"category","embeddable":true,"href":"https:\/\/www.militia-christi.it\/sitoweb\/wp-json\/wp\/v2\/categories?post=658"},{"taxonomy":"post_tag","embeddable":true,"href":"https:\/\/www.militia-christi.it\/sitoweb\/wp-json\/wp\/v2\/tags?post=658"}],"curies":[{"name":"wp","href":"https:\/\/api.w.org\/{rel}","templated":true}]}}