{"id":666,"date":"2023-12-17T21:31:54","date_gmt":"2023-12-17T20:31:54","guid":{"rendered":"https:\/\/www.militia-christi.it\/sitoweb\/?p=666"},"modified":"2023-12-17T21:33:33","modified_gmt":"2023-12-17T20:33:33","slug":"non-nobis-domine","status":"publish","type":"post","link":"https:\/\/www.militia-christi.it\/sitoweb\/2023\/12\/17\/non-nobis-domine\/","title":{"rendered":"Non nobis Domine\u2026."},"content":{"rendered":"\n<p class=\"wp-block-paragraph\">La frase &#8220;Non nobis Domine&#8221; \u00e8 una locuzione latina che significa &#8220;Non a noi, Signore&#8221;. Questa frase \u00e8 associata ai Cavalieri Templari, un ordine militare e religioso fondato nel XII secolo durante le Crociate.<\/p>\n\n\n\n<p class=\"wp-block-paragraph\">La frase &#8220;Non nobis Domine&#8221; era il motto ufficiale dei Cavalieri Templari e veniva utilizzata come una sorta di umile riconoscimento che tutto il merito e la gloria delle loro imprese dovevano essere attribuiti a Dio e non a loro stessi. Era un modo per esprimere l&#8217;umilt\u00e0 e la devozione religiosa dell&#8217;ordine.<\/p>\n\n\n\n<figure class=\"wp-block-image size-large\"><img data-recalc-dims=\"1\" fetchpriority=\"high\" decoding=\"async\" width=\"527\" height=\"628\" src=\"https:\/\/i0.wp.com\/www.militia-christi.it\/sitoweb\/wp-content\/uploads\/2023\/12\/img_4862-1.jpg?resize=527%2C628&#038;ssl=1\" class=\"wp-image-664\" srcset=\"https:\/\/i0.wp.com\/www.militia-christi.it\/sitoweb\/wp-content\/uploads\/2023\/12\/img_4862-1.jpg?w=527&amp;ssl=1 527w, https:\/\/i0.wp.com\/www.militia-christi.it\/sitoweb\/wp-content\/uploads\/2023\/12\/img_4862-1.jpg?resize=252%2C300&amp;ssl=1 252w\" sizes=\"(max-width: 527px) 100vw, 527px\" \/><\/figure>\n\n\n\n<p class=\"wp-block-paragraph\">La frase \u00e8 stata resa famosa da una poesia scritta da Rudyard Kipling intitolata &#8220;Non Nobis Domine&#8221;, che celebra il coraggio e l&#8217;eroismo dei Cavalieri Templari. La poesia \u00e8 stata successivamente adattata in una canzone e continua ad essere associata all&#8217;ordine dei Templari.<\/p>\n\n\n\n<p class=\"wp-block-paragraph\"><em><strong>Non nobis Domine, non nobis, sed nomini tuo da gloriam<\/strong><\/em>&nbsp;\u00e8 il motto dei&nbsp;<a href=\"app:\/\/it.wikipedia.org\/wiki\/Cavalieri_templari\">Cavalieri templari<\/a>&nbsp;dell&#8217;Ordo Templi e significa: &#8220;Non a noi, o Signore, non a noi, ma al tuo nome dai gloria&#8221;.<\/p>\n\n\n\n<figure class=\"wp-block-image\"><a class=\"mw-file-description pcs-widen-image-ancestor\" href=\"app:\/\/it.wikipedia.org\/wiki\/File:Devise_templiers.jpg\"><img decoding=\"async\" src=\"app:\/\/upload.wikimedia.org\/wikipedia\/commons\/thumb\/b\/b3\/Devise_templiers.jpg\/320px-Devise_templiers.jpg\" alt=\"\"\/><\/a><figcaption class=\"wp-element-caption\">Motto latino dei cavalieri templari: &#8220;<em>Non a noi, non a noi Signore da&#8217; gloria, ma al nome tuo<\/em>&#8221; (<a href=\"app:\/\/it.wikipedia.org\/wiki\/Salmi\">salmo<\/a>&nbsp;114,1<sup class=\"mw-ref reference default-touch-area\"><a href=\"app:\/\/it.wikipedia.org\/wiki\/Non_nobis_Domine,_non_nobis,_sed_nomini_tuo_da_gloriam#cite_note-1\" class=\"reference-link\"><\/a><\/sup>&nbsp;della Bibbia&nbsp;<a href=\"app:\/\/it.wikipedia.org\/wiki\/Conferenza_Episcopale_Italiana\">CEI<\/a>; salmo&nbsp;115,1<sup class=\"mw-ref reference default-touch-area\"><a href=\"app:\/\/it.wikipedia.org\/wiki\/Non_nobis_Domine,_non_nobis,_sed_nomini_tuo_da_gloriam#cite_note-2\" class=\"reference-link\"><\/a><\/sup>&nbsp;della Bibbia Diodati)<\/figcaption><\/figure>\n\n\n\n<h2 class=\"wp-block-heading\" id=\"Descrizione\">Descrizione<\/h2>\n\n\n\n<p class=\"wp-block-paragraph\"><a href=\"app:\/\/it.wikipedia.org\/w\/index.php?title=Non_nobis_Domine,_non_nobis,_sed_nomini_tuo_da_gloriam&amp;action=edit&amp;section=1\" class=\"pcs-edit-section-link\"><\/a><\/p>\n\n\n\n<p class=\"wp-block-paragraph\">Il testo \u00e8 la traduzione dei versetti mediani del Salmo 113 (Antica Vulgata) o dell'&#8221;incipit&#8221; del Salmo 115 (secondo la numerazione ebraica)&nbsp;114<sup class=\"mw-ref reference default-touch-area\"><a href=\"app:\/\/it.wikipedia.org\/wiki\/Non_nobis_Domine,_non_nobis,_sed_nomini_tuo_da_gloriam#cite_note-3\" class=\"reference-link\"><\/a><\/sup>&nbsp;della&nbsp;<a href=\"app:\/\/it.wikipedia.org\/wiki\/Bibbia\">Bibbia<\/a>ed \u00e8 anche inciso su una fascia di basamento che occupa l&#8217;intera larghezza della facciata di&nbsp;<a href=\"app:\/\/it.wikipedia.org\/wiki\/Ca'_Vendramin_Calergi\">Ca&#8217; Vendramin Calergi<\/a>&nbsp;sul&nbsp;<a href=\"app:\/\/it.wikipedia.org\/wiki\/Canal_Grande\">Canal Grande<\/a>&nbsp;a&nbsp;<a href=\"app:\/\/it.wikipedia.org\/wiki\/Venezia\">Venezia<\/a>. Questa stessa scritta \u00e8 riportata anche sulle finestre della facciata di&nbsp;<a href=\"app:\/\/it.wikipedia.org\/wiki\/Palazzo_Zabarella\">Palazzo Zabarella<\/a>&nbsp;a&nbsp;<a href=\"app:\/\/it.wikipedia.org\/wiki\/Padova\">Padova<\/a>&nbsp;e sul basamento del campanile&nbsp;<a href=\"app:\/\/it.wikipedia.org\/wiki\/Chiesa_di_Santa_Barbara_(Mestre)\">parrocchiale di Santa Barbara<\/a><sup class=\"mw-ref reference right-touch-area\"><a href=\"app:\/\/it.wikipedia.org\/wiki\/Non_nobis_Domine,_non_nobis,_sed_nomini_tuo_da_gloriam#cite_note-4\" class=\"reference-link\"><\/a><\/sup>&nbsp;di Mestre (2001). La sola scritta&nbsp;<em>Non nobis domine non nobis<\/em>&nbsp;\u00e8 incisa su una lapide incastonata nella facciata lato lago di Garda del Municipio di&nbsp;<a href=\"app:\/\/it.wikipedia.org\/wiki\/Sal%C3%B2\">Sal\u00f2<\/a>(BS). La scritta si trova anche sul parapetto al secondo piano del Palazzo Pes di Villa Marina, sede dell\u2019Ufficio Beni Culturali della Diocesi di Tempio-Ampurias e del Sistema Museale Integrato, a&nbsp;<a href=\"app:\/\/it.wikipedia.org\/wiki\/Tempio_Pausania\">Tempio Pausania<\/a>&nbsp;(SS). Anche nei Musei Vaticani, nelle stanze di Raffaello, si trova questa scritta sulla cornice del quadro La Battaglia di Vienna, del pittore polacco&nbsp;<a href=\"app:\/\/it.wikipedia.org\/wiki\/Jan_Matejko\">Jan Matejko<\/a>. Quest&#8217;opera si trova nella sala intitolata a&nbsp;<a href=\"app:\/\/it.wikipedia.org\/wiki\/Giovanni_III_Sobieski\">Jan Sobieski<\/a>&nbsp;. Infine anche all&#8217;interno del cortile esterno presso la chiesa&nbsp;<a href=\"app:\/\/it.wikipedia.org\/wiki\/Chiesa_di_Santa_Maria_delle_Grazie_(Milano)\">Santa Maria delle Grazie<\/a>&nbsp;a Milano la scritta \u00e8 incisa su una lastra che si affaccia sul giardino ed anche su uno degli accessi alla galleria Rosazza presso il&nbsp;<a href=\"app:\/\/it.wikipedia.org\/wiki\/Santuario_di_Oropa\">Santuario di Oropa<\/a>&nbsp;(BI).<\/p>\n\n\n\n<p class=\"wp-block-paragraph\">La stessa iscrizione appare sulla facciata di un palazzetto costruito nel 1530 nel Largo Cavour di Venosa (Pz) \u00e8 incisa su due lastre sopra il portale, subito dopo altra scritta col nome e data del costruttore; in questo caso per\u00f2 all&#8217;iscrizione segue la data 1708.<\/p>\n\n\n\n<p class=\"wp-block-paragraph\">La sola frase iniziale <em>Non nobis domine<\/em> fu scelta come motto del cardinale <a href=\"app:\/\/it.wikipedia.org\/wiki\/Giuseppe_Siri\">Giuseppe Siri<\/a>. Il vescovo fiammingo <a href=\"app:\/\/it.wikipedia.org\/wiki\/Reginaldus_Cools\">Reginaldus Cools<\/a> scelse come motto le sole parole <em>Non nobis<\/em>.<\/p>\n","protected":false},"excerpt":{"rendered":"<p>La frase &#8220;Non nobis Domine&#8221; \u00e8 una locuzione latina che significa &#8220;Non a noi, Signore&#8221;. Questa frase \u00e8 associata ai Cavalieri Templari, un ordine militare e religioso fondato nel XII [&hellip;]<\/p>\n","protected":false},"author":1,"featured_media":668,"comment_status":"open","ping_status":"open","sticky":false,"template":"","format":"standard","meta":{"om_disable_all_campaigns":false,"_monsterinsights_skip_tracking":false,"_uf_show_specific_survey":0,"_uf_disable_surveys":false,"_jetpack_newsletter_access":"","_jetpack_dont_email_post_to_subs":false,"_jetpack_newsletter_tier_id":0,"_jetpack_memberships_contains_paywalled_content":false,"_jetpack_feature_clip_id":0,"_jetpack_memberships_contains_paid_content":false,"footnotes":"","jetpack_publicize_message":"","jetpack_publicize_feature_enabled":true,"jetpack_social_post_already_shared":false,"jetpack_social_options":{"image_generator_settings":{"template":"highway","default_image_id":0,"font":"","enabled":false},"version":2},"jetpack_post_was_ever_published":false},"categories":[7],"tags":[103],"class_list":["post-666","post","type-post","status-publish","format-standard","has-post-thumbnail","hentry","category-documenti-realizzati-da-cavalieri-o-dame","tag-non-nobis-domine"],"aioseo_notices":[],"aioseo_head":"\n\t\t<!-- All in One SEO 4.9.10 - aioseo.com -->\n\t<meta name=\"description\" content=\"La frase &quot;Non nobis Domine&quot; \u00e8 una locuzione latina che significa &quot;Non a noi, Signore&quot;. Questa frase \u00e8 associata ai Cavalieri Templari, un ordine militare e religioso fondato nel XII secolo durante le Crociate. La frase &quot;Non nobis Domine&quot; era il motto ufficiale dei Cavalieri Templari e veniva utilizzata come una sorta di umile riconoscimento\" \/>\n\t<meta name=\"robots\" content=\"max-image-preview:large\" \/>\n\t<meta name=\"author\" content=\"fvendola\"\/>\n\t<link rel=\"canonical\" href=\"https:\/\/www.militia-christi.it\/sitoweb\/2023\/12\/17\/non-nobis-domine\/\" \/>\n\t<meta name=\"generator\" content=\"All in One SEO (AIOSEO) 4.9.10\" \/>\n\t\t<meta property=\"og:locale\" content=\"it_IT\" \/>\n\t\t<meta property=\"og:site_name\" content=\"I Templari: Poveri Cavalieri di Cristo del Tempio di Salomone - Non nobis Domine, non nobis, sed nomini tuo da gloriam\" \/>\n\t\t<meta property=\"og:type\" content=\"article\" \/>\n\t\t<meta property=\"og:title\" content=\"Non nobis Domine\u2026. - I Templari: Poveri Cavalieri di Cristo del Tempio di Salomone\" \/>\n\t\t<meta property=\"og:description\" content=\"La frase &quot;Non nobis Domine&quot; \u00e8 una locuzione latina che significa &quot;Non a noi, Signore&quot;. Questa frase \u00e8 associata ai Cavalieri Templari, un ordine militare e religioso fondato nel XII secolo durante le Crociate. La frase &quot;Non nobis Domine&quot; era il motto ufficiale dei Cavalieri Templari e veniva utilizzata come una sorta di umile riconoscimento\" \/>\n\t\t<meta property=\"og:url\" content=\"https:\/\/www.militia-christi.it\/sitoweb\/2023\/12\/17\/non-nobis-domine\/\" \/>\n\t\t<meta property=\"og:image\" content=\"https:\/\/i0.wp.com\/www.militia-christi.it\/sitoweb\/wp-content\/uploads\/2024\/02\/LOGO-SMALL.png?fit=200%2C200&#038;ssl=1\" \/>\n\t\t<meta property=\"og:image:secure_url\" content=\"https:\/\/i0.wp.com\/www.militia-christi.it\/sitoweb\/wp-content\/uploads\/2024\/02\/LOGO-SMALL.png?fit=200%2C200&#038;ssl=1\" \/>\n\t\t<meta property=\"article:published_time\" content=\"2023-12-17T20:31:54+00:00\" \/>\n\t\t<meta property=\"article:modified_time\" content=\"2023-12-17T20:33:33+00:00\" \/>\n\t\t<meta name=\"twitter:card\" content=\"summary_large_image\" \/>\n\t\t<meta name=\"twitter:title\" content=\"Non nobis Domine\u2026. - I Templari: Poveri Cavalieri di Cristo del Tempio di Salomone\" \/>\n\t\t<meta name=\"twitter:description\" content=\"La frase &quot;Non nobis Domine&quot; \u00e8 una locuzione latina che significa &quot;Non a noi, Signore&quot;. Questa frase \u00e8 associata ai Cavalieri Templari, un ordine militare e religioso fondato nel XII secolo durante le Crociate. La frase &quot;Non nobis Domine&quot; era il motto ufficiale dei Cavalieri Templari e veniva utilizzata come una sorta di umile riconoscimento\" \/>\n\t\t<meta name=\"twitter:image\" content=\"https:\/\/i0.wp.com\/www.militia-christi.it\/sitoweb\/wp-content\/uploads\/2024\/02\/LOGO-SMALL.png?fit=200%2C200&amp;ssl=1\" \/>\n\t\t<script type=\"application\/ld+json\" class=\"aioseo-schema\">\n\t\t\t{\"@context\":\"https:\\\/\\\/schema.org\",\"@graph\":[{\"@type\":\"BlogPosting\",\"@id\":\"https:\\\/\\\/www.militia-christi.it\\\/sitoweb\\\/2023\\\/12\\\/17\\\/non-nobis-domine\\\/#blogposting\",\"name\":\"Non nobis Domine\\u2026. - I Templari: Poveri Cavalieri di Cristo del Tempio di Salomone\",\"headline\":\"Non nobis Domine\\u2026.\",\"author\":{\"@id\":\"https:\\\/\\\/www.militia-christi.it\\\/sitoweb\\\/author\\\/fvendola\\\/#author\"},\"publisher\":{\"@id\":\"https:\\\/\\\/www.militia-christi.it\\\/sitoweb\\\/#organization\"},\"image\":{\"@type\":\"ImageObject\",\"url\":\"https:\\\/\\\/i0.wp.com\\\/www.militia-christi.it\\\/sitoweb\\\/wp-content\\\/uploads\\\/2023\\\/12\\\/img_4863-1.jpg?fit=224%2C224&ssl=1\",\"width\":224,\"height\":224},\"datePublished\":\"2023-12-17T21:31:54+01:00\",\"dateModified\":\"2023-12-17T21:33:33+01:00\",\"inLanguage\":\"it-IT\",\"mainEntityOfPage\":{\"@id\":\"https:\\\/\\\/www.militia-christi.it\\\/sitoweb\\\/2023\\\/12\\\/17\\\/non-nobis-domine\\\/#webpage\"},\"isPartOf\":{\"@id\":\"https:\\\/\\\/www.militia-christi.it\\\/sitoweb\\\/2023\\\/12\\\/17\\\/non-nobis-domine\\\/#webpage\"},\"articleSection\":\"Documenti realizzati da Cavalieri o Dame, non nobis Domine\"},{\"@type\":\"BreadcrumbList\",\"@id\":\"https:\\\/\\\/www.militia-christi.it\\\/sitoweb\\\/2023\\\/12\\\/17\\\/non-nobis-domine\\\/#breadcrumblist\",\"itemListElement\":[{\"@type\":\"ListItem\",\"@id\":\"https:\\\/\\\/www.militia-christi.it\\\/sitoweb#listItem\",\"position\":1,\"name\":\"Home\",\"item\":\"https:\\\/\\\/www.militia-christi.it\\\/sitoweb\",\"nextItem\":{\"@type\":\"ListItem\",\"@id\":\"https:\\\/\\\/www.militia-christi.it\\\/sitoweb\\\/category\\\/documenti-realizzati-da-cavalieri-o-dame\\\/#listItem\",\"name\":\"Documenti realizzati da Cavalieri o Dame\"}},{\"@type\":\"ListItem\",\"@id\":\"https:\\\/\\\/www.militia-christi.it\\\/sitoweb\\\/category\\\/documenti-realizzati-da-cavalieri-o-dame\\\/#listItem\",\"position\":2,\"name\":\"Documenti realizzati da Cavalieri o Dame\",\"item\":\"https:\\\/\\\/www.militia-christi.it\\\/sitoweb\\\/category\\\/documenti-realizzati-da-cavalieri-o-dame\\\/\",\"nextItem\":{\"@type\":\"ListItem\",\"@id\":\"https:\\\/\\\/www.militia-christi.it\\\/sitoweb\\\/2023\\\/12\\\/17\\\/non-nobis-domine\\\/#listItem\",\"name\":\"Non nobis Domine\\u2026.\"},\"previousItem\":{\"@type\":\"ListItem\",\"@id\":\"https:\\\/\\\/www.militia-christi.it\\\/sitoweb#listItem\",\"name\":\"Home\"}},{\"@type\":\"ListItem\",\"@id\":\"https:\\\/\\\/www.militia-christi.it\\\/sitoweb\\\/2023\\\/12\\\/17\\\/non-nobis-domine\\\/#listItem\",\"position\":3,\"name\":\"Non nobis Domine\\u2026.\",\"previousItem\":{\"@type\":\"ListItem\",\"@id\":\"https:\\\/\\\/www.militia-christi.it\\\/sitoweb\\\/category\\\/documenti-realizzati-da-cavalieri-o-dame\\\/#listItem\",\"name\":\"Documenti realizzati da Cavalieri o Dame\"}}]},{\"@type\":\"Organization\",\"@id\":\"https:\\\/\\\/www.militia-christi.it\\\/sitoweb\\\/#organization\",\"name\":\"MILITIA CHRISTI Ordine Religioso\",\"description\":\"Non nobis Domine, non nobis, sed nomini tuo da gloriam\",\"url\":\"https:\\\/\\\/www.militia-christi.it\\\/sitoweb\\\/\",\"logo\":{\"@type\":\"ImageObject\",\"url\":\"https:\\\/\\\/i0.wp.com\\\/www.militia-christi.it\\\/sitoweb\\\/wp-content\\\/uploads\\\/2024\\\/02\\\/LOGO-SMALL.png?fit=200%2C200&ssl=1\",\"@id\":\"https:\\\/\\\/www.militia-christi.it\\\/sitoweb\\\/2023\\\/12\\\/17\\\/non-nobis-domine\\\/#organizationLogo\",\"width\":200,\"height\":200},\"image\":{\"@id\":\"https:\\\/\\\/www.militia-christi.it\\\/sitoweb\\\/2023\\\/12\\\/17\\\/non-nobis-domine\\\/#organizationLogo\"}},{\"@type\":\"Person\",\"@id\":\"https:\\\/\\\/www.militia-christi.it\\\/sitoweb\\\/author\\\/fvendola\\\/#author\",\"url\":\"https:\\\/\\\/www.militia-christi.it\\\/sitoweb\\\/author\\\/fvendola\\\/\",\"name\":\"fvendola\",\"image\":{\"@type\":\"ImageObject\",\"@id\":\"https:\\\/\\\/www.militia-christi.it\\\/sitoweb\\\/2023\\\/12\\\/17\\\/non-nobis-domine\\\/#authorImage\",\"url\":\"https:\\\/\\\/secure.gravatar.com\\\/avatar\\\/2f7b7f7001bb22b2f1e1020cf492551ff234d3563cbf36b40503b2be6a37beb8?s=96&d=mm&r=g\",\"width\":96,\"height\":96,\"caption\":\"fvendola\"}},{\"@type\":\"WebPage\",\"@id\":\"https:\\\/\\\/www.militia-christi.it\\\/sitoweb\\\/2023\\\/12\\\/17\\\/non-nobis-domine\\\/#webpage\",\"url\":\"https:\\\/\\\/www.militia-christi.it\\\/sitoweb\\\/2023\\\/12\\\/17\\\/non-nobis-domine\\\/\",\"name\":\"Non nobis Domine\\u2026. - I Templari: Poveri Cavalieri di Cristo del Tempio di Salomone\",\"description\":\"La frase \\\"Non nobis Domine\\\" \\u00e8 una locuzione latina che significa \\\"Non a noi, Signore\\\". Questa frase \\u00e8 associata ai Cavalieri Templari, un ordine militare e religioso fondato nel XII secolo durante le Crociate. La frase \\\"Non nobis Domine\\\" era il motto ufficiale dei Cavalieri Templari e veniva utilizzata come una sorta di umile riconoscimento\",\"inLanguage\":\"it-IT\",\"isPartOf\":{\"@id\":\"https:\\\/\\\/www.militia-christi.it\\\/sitoweb\\\/#website\"},\"breadcrumb\":{\"@id\":\"https:\\\/\\\/www.militia-christi.it\\\/sitoweb\\\/2023\\\/12\\\/17\\\/non-nobis-domine\\\/#breadcrumblist\"},\"author\":{\"@id\":\"https:\\\/\\\/www.militia-christi.it\\\/sitoweb\\\/author\\\/fvendola\\\/#author\"},\"creator\":{\"@id\":\"https:\\\/\\\/www.militia-christi.it\\\/sitoweb\\\/author\\\/fvendola\\\/#author\"},\"image\":{\"@type\":\"ImageObject\",\"url\":\"https:\\\/\\\/i0.wp.com\\\/www.militia-christi.it\\\/sitoweb\\\/wp-content\\\/uploads\\\/2023\\\/12\\\/img_4863-1.jpg?fit=224%2C224&ssl=1\",\"@id\":\"https:\\\/\\\/www.militia-christi.it\\\/sitoweb\\\/2023\\\/12\\\/17\\\/non-nobis-domine\\\/#mainImage\",\"width\":224,\"height\":224},\"primaryImageOfPage\":{\"@id\":\"https:\\\/\\\/www.militia-christi.it\\\/sitoweb\\\/2023\\\/12\\\/17\\\/non-nobis-domine\\\/#mainImage\"},\"datePublished\":\"2023-12-17T21:31:54+01:00\",\"dateModified\":\"2023-12-17T21:33:33+01:00\"},{\"@type\":\"WebSite\",\"@id\":\"https:\\\/\\\/www.militia-christi.it\\\/sitoweb\\\/#website\",\"url\":\"https:\\\/\\\/www.militia-christi.it\\\/sitoweb\\\/\",\"name\":\"MILITIA CHRISTI Ordine Religioso\",\"description\":\"Non nobis Domine, non nobis, sed nomini tuo da gloriam\",\"inLanguage\":\"it-IT\",\"publisher\":{\"@id\":\"https:\\\/\\\/www.militia-christi.it\\\/sitoweb\\\/#organization\"}}]}\n\t\t<\/script>\n\t\t<!-- All in One SEO -->\n\n","aioseo_head_json":{"title":"Non nobis Domine\u2026. - I Templari: Poveri Cavalieri di Cristo del Tempio di Salomone","description":"La frase \"Non nobis Domine\" \u00e8 una locuzione latina che significa \"Non a noi, Signore\". Questa frase \u00e8 associata ai Cavalieri Templari, un ordine militare e religioso fondato nel XII secolo durante le Crociate. La frase \"Non nobis Domine\" era il motto ufficiale dei Cavalieri Templari e veniva utilizzata come una sorta di umile riconoscimento","canonical_url":"https:\/\/www.militia-christi.it\/sitoweb\/2023\/12\/17\/non-nobis-domine\/","robots":"max-image-preview:large","keywords":"","webmasterTools":{"miscellaneous":""},"schema":{"@context":"https:\/\/schema.org","@graph":[{"@type":"BlogPosting","@id":"https:\/\/www.militia-christi.it\/sitoweb\/2023\/12\/17\/non-nobis-domine\/#blogposting","name":"Non nobis Domine\u2026. - I Templari: Poveri Cavalieri di Cristo del Tempio di Salomone","headline":"Non nobis Domine\u2026.","author":{"@id":"https:\/\/www.militia-christi.it\/sitoweb\/author\/fvendola\/#author"},"publisher":{"@id":"https:\/\/www.militia-christi.it\/sitoweb\/#organization"},"image":{"@type":"ImageObject","url":"https:\/\/i0.wp.com\/www.militia-christi.it\/sitoweb\/wp-content\/uploads\/2023\/12\/img_4863-1.jpg?fit=224%2C224&ssl=1","width":224,"height":224},"datePublished":"2023-12-17T21:31:54+01:00","dateModified":"2023-12-17T21:33:33+01:00","inLanguage":"it-IT","mainEntityOfPage":{"@id":"https:\/\/www.militia-christi.it\/sitoweb\/2023\/12\/17\/non-nobis-domine\/#webpage"},"isPartOf":{"@id":"https:\/\/www.militia-christi.it\/sitoweb\/2023\/12\/17\/non-nobis-domine\/#webpage"},"articleSection":"Documenti realizzati da Cavalieri o Dame, non nobis Domine"},{"@type":"BreadcrumbList","@id":"https:\/\/www.militia-christi.it\/sitoweb\/2023\/12\/17\/non-nobis-domine\/#breadcrumblist","itemListElement":[{"@type":"ListItem","@id":"https:\/\/www.militia-christi.it\/sitoweb#listItem","position":1,"name":"Home","item":"https:\/\/www.militia-christi.it\/sitoweb","nextItem":{"@type":"ListItem","@id":"https:\/\/www.militia-christi.it\/sitoweb\/category\/documenti-realizzati-da-cavalieri-o-dame\/#listItem","name":"Documenti realizzati da Cavalieri o Dame"}},{"@type":"ListItem","@id":"https:\/\/www.militia-christi.it\/sitoweb\/category\/documenti-realizzati-da-cavalieri-o-dame\/#listItem","position":2,"name":"Documenti realizzati da Cavalieri o Dame","item":"https:\/\/www.militia-christi.it\/sitoweb\/category\/documenti-realizzati-da-cavalieri-o-dame\/","nextItem":{"@type":"ListItem","@id":"https:\/\/www.militia-christi.it\/sitoweb\/2023\/12\/17\/non-nobis-domine\/#listItem","name":"Non nobis Domine\u2026."},"previousItem":{"@type":"ListItem","@id":"https:\/\/www.militia-christi.it\/sitoweb#listItem","name":"Home"}},{"@type":"ListItem","@id":"https:\/\/www.militia-christi.it\/sitoweb\/2023\/12\/17\/non-nobis-domine\/#listItem","position":3,"name":"Non nobis Domine\u2026.","previousItem":{"@type":"ListItem","@id":"https:\/\/www.militia-christi.it\/sitoweb\/category\/documenti-realizzati-da-cavalieri-o-dame\/#listItem","name":"Documenti realizzati da Cavalieri o Dame"}}]},{"@type":"Organization","@id":"https:\/\/www.militia-christi.it\/sitoweb\/#organization","name":"MILITIA CHRISTI Ordine Religioso","description":"Non nobis Domine, non nobis, sed nomini tuo da gloriam","url":"https:\/\/www.militia-christi.it\/sitoweb\/","logo":{"@type":"ImageObject","url":"https:\/\/i0.wp.com\/www.militia-christi.it\/sitoweb\/wp-content\/uploads\/2024\/02\/LOGO-SMALL.png?fit=200%2C200&ssl=1","@id":"https:\/\/www.militia-christi.it\/sitoweb\/2023\/12\/17\/non-nobis-domine\/#organizationLogo","width":200,"height":200},"image":{"@id":"https:\/\/www.militia-christi.it\/sitoweb\/2023\/12\/17\/non-nobis-domine\/#organizationLogo"}},{"@type":"Person","@id":"https:\/\/www.militia-christi.it\/sitoweb\/author\/fvendola\/#author","url":"https:\/\/www.militia-christi.it\/sitoweb\/author\/fvendola\/","name":"fvendola","image":{"@type":"ImageObject","@id":"https:\/\/www.militia-christi.it\/sitoweb\/2023\/12\/17\/non-nobis-domine\/#authorImage","url":"https:\/\/secure.gravatar.com\/avatar\/2f7b7f7001bb22b2f1e1020cf492551ff234d3563cbf36b40503b2be6a37beb8?s=96&d=mm&r=g","width":96,"height":96,"caption":"fvendola"}},{"@type":"WebPage","@id":"https:\/\/www.militia-christi.it\/sitoweb\/2023\/12\/17\/non-nobis-domine\/#webpage","url":"https:\/\/www.militia-christi.it\/sitoweb\/2023\/12\/17\/non-nobis-domine\/","name":"Non nobis Domine\u2026. - I Templari: Poveri Cavalieri di Cristo del Tempio di Salomone","description":"La frase \"Non nobis Domine\" \u00e8 una locuzione latina che significa \"Non a noi, Signore\". Questa frase \u00e8 associata ai Cavalieri Templari, un ordine militare e religioso fondato nel XII secolo durante le Crociate. La frase \"Non nobis Domine\" era il motto ufficiale dei Cavalieri Templari e veniva utilizzata come una sorta di umile riconoscimento","inLanguage":"it-IT","isPartOf":{"@id":"https:\/\/www.militia-christi.it\/sitoweb\/#website"},"breadcrumb":{"@id":"https:\/\/www.militia-christi.it\/sitoweb\/2023\/12\/17\/non-nobis-domine\/#breadcrumblist"},"author":{"@id":"https:\/\/www.militia-christi.it\/sitoweb\/author\/fvendola\/#author"},"creator":{"@id":"https:\/\/www.militia-christi.it\/sitoweb\/author\/fvendola\/#author"},"image":{"@type":"ImageObject","url":"https:\/\/i0.wp.com\/www.militia-christi.it\/sitoweb\/wp-content\/uploads\/2023\/12\/img_4863-1.jpg?fit=224%2C224&ssl=1","@id":"https:\/\/www.militia-christi.it\/sitoweb\/2023\/12\/17\/non-nobis-domine\/#mainImage","width":224,"height":224},"primaryImageOfPage":{"@id":"https:\/\/www.militia-christi.it\/sitoweb\/2023\/12\/17\/non-nobis-domine\/#mainImage"},"datePublished":"2023-12-17T21:31:54+01:00","dateModified":"2023-12-17T21:33:33+01:00"},{"@type":"WebSite","@id":"https:\/\/www.militia-christi.it\/sitoweb\/#website","url":"https:\/\/www.militia-christi.it\/sitoweb\/","name":"MILITIA CHRISTI Ordine Religioso","description":"Non nobis Domine, non nobis, sed nomini tuo da gloriam","inLanguage":"it-IT","publisher":{"@id":"https:\/\/www.militia-christi.it\/sitoweb\/#organization"}}]},"og:locale":"it_IT","og:site_name":"I Templari: Poveri Cavalieri di Cristo del Tempio di Salomone - Non nobis Domine, non nobis, sed nomini tuo da gloriam","og:type":"article","og:title":"Non nobis Domine\u2026. - I Templari: Poveri Cavalieri di Cristo del Tempio di Salomone","og:description":"La frase &quot;Non nobis Domine&quot; \u00e8 una locuzione latina che significa &quot;Non a noi, Signore&quot;. Questa frase \u00e8 associata ai Cavalieri Templari, un ordine militare e religioso fondato nel XII secolo durante le Crociate. La frase &quot;Non nobis Domine&quot; era il motto ufficiale dei Cavalieri Templari e veniva utilizzata come una sorta di umile riconoscimento","og:url":"https:\/\/www.militia-christi.it\/sitoweb\/2023\/12\/17\/non-nobis-domine\/","og:image":"https:\/\/i0.wp.com\/www.militia-christi.it\/sitoweb\/wp-content\/uploads\/2024\/02\/LOGO-SMALL.png?fit=200%2C200&#038;ssl=1","og:image:secure_url":"https:\/\/i0.wp.com\/www.militia-christi.it\/sitoweb\/wp-content\/uploads\/2024\/02\/LOGO-SMALL.png?fit=200%2C200&#038;ssl=1","article:published_time":"2023-12-17T20:31:54+00:00","article:modified_time":"2023-12-17T20:33:33+00:00","twitter:card":"summary_large_image","twitter:title":"Non nobis Domine\u2026. - I Templari: Poveri Cavalieri di Cristo del Tempio di Salomone","twitter:description":"La frase &quot;Non nobis Domine&quot; \u00e8 una locuzione latina che significa &quot;Non a noi, Signore&quot;. Questa frase \u00e8 associata ai Cavalieri Templari, un ordine militare e religioso fondato nel XII secolo durante le Crociate. La frase &quot;Non nobis Domine&quot; era il motto ufficiale dei Cavalieri Templari e veniva utilizzata come una sorta di umile riconoscimento","twitter:image":"https:\/\/i0.wp.com\/www.militia-christi.it\/sitoweb\/wp-content\/uploads\/2024\/02\/LOGO-SMALL.png?fit=200%2C200&ssl=1"},"aioseo_meta_data":{"post_id":"666","title":null,"description":null,"keywords":null,"keyphrases":null,"primary_term":null,"canonical_url":null,"og_title":null,"og_description":null,"og_object_type":"default","og_image_type":"default","og_image_url":null,"og_image_width":null,"og_image_height":null,"og_image_custom_url":null,"og_image_custom_fields":null,"og_video":null,"og_custom_url":null,"og_article_section":null,"og_article_tags":null,"twitter_use_og":false,"twitter_card":"default","twitter_image_type":"default","twitter_image_url":null,"twitter_image_custom_url":null,"twitter_image_custom_fields":null,"twitter_title":null,"twitter_description":null,"schema":{"blockGraphs":[],"customGraphs":[],"default":{"data":{"Article":[],"Course":[],"Dataset":[],"FAQPage":[],"Movie":[],"Person":[],"Product":[],"ProductReview":[],"Car":[],"Recipe":[],"Service":[],"SoftwareApplication":[],"WebPage":[]},"graphName":"","isEnabled":true},"graphs":[]},"schema_type":"default","schema_type_options":null,"pillar_content":false,"robots_default":true,"robots_noindex":false,"robots_noarchive":false,"robots_nosnippet":false,"robots_nofollow":false,"robots_noimageindex":false,"robots_noodp":false,"robots_notranslate":false,"robots_max_snippet":null,"robots_max_videopreview":null,"robots_max_imagepreview":"large","priority":null,"frequency":null,"local_seo":null,"breadcrumb_settings":null,"limit_modified_date":false,"ai":null,"created":"2023-12-17 20:45:30","updated":"2025-09-29 11:23:00","seo_analyzer_scan_date":null},"aioseo_breadcrumb":"<div class=\"aioseo-breadcrumbs\"><span class=\"aioseo-breadcrumb\">\n\t\t\t<a href=\"https:\/\/www.militia-christi.it\/sitoweb\" title=\"Home\">Home<\/a>\n\t\t<\/span><span class=\"aioseo-breadcrumb-separator\">&raquo;<\/span><span class=\"aioseo-breadcrumb\">\n\t\t\t<a href=\"https:\/\/www.militia-christi.it\/sitoweb\/category\/documenti-realizzati-da-cavalieri-o-dame\/\" title=\"Documenti realizzati da Cavalieri o Dame\">Documenti realizzati da Cavalieri o Dame<\/a>\n\t\t<\/span><span class=\"aioseo-breadcrumb-separator\">&raquo;<\/span><span class=\"aioseo-breadcrumb\">\n\t\t\tNon nobis Domine\u2026.\n\t\t<\/span><\/div>","aioseo_breadcrumb_json":[{"label":"Home","link":"https:\/\/www.militia-christi.it\/sitoweb"},{"label":"Documenti realizzati da Cavalieri o Dame","link":"https:\/\/www.militia-christi.it\/sitoweb\/category\/documenti-realizzati-da-cavalieri-o-dame\/"},{"label":"Non nobis Domine\u2026.","link":"https:\/\/www.militia-christi.it\/sitoweb\/2023\/12\/17\/non-nobis-domine\/"}],"jetpack_publicize_connections":[],"jetpack_featured_media_url":"https:\/\/i0.wp.com\/www.militia-christi.it\/sitoweb\/wp-content\/uploads\/2023\/12\/img_4863-1.jpg?fit=224%2C224&ssl=1","jetpack-related-posts":[{"id":1100,"url":"https:\/\/www.militia-christi.it\/sitoweb\/2024\/01\/17\/nasce-lassociazione\/","url_meta":{"origin":666,"position":0},"title":"Nasce l\u2019Associazione","author":"Admin Admin","date":"17 Gennaio 2024","format":false,"excerpt":"Posso descriverti un'associazione no-profit che combina l'aiuto alle persone con problemi sanitari, economici e alimentari con caratteristiche religiose cattoliche e una storia templare. L'Associazione dei Templari \u00e8 un'organizzazione no-profit che si dedicher\u00e0 a fornire assistenza e sostegno a coloro che si trovano in difficolt\u00e0 a livello sanitario, economico e alimentare.\u2026","rel":"","context":"In &quot;Relazioni&quot;","block_context":{"text":"Relazioni","link":"https:\/\/www.militia-christi.it\/sitoweb\/category\/documenti-realizzati-da-cavalieri-o-dame\/relazioni\/"},"img":{"alt_text":"","src":"https:\/\/i0.wp.com\/www.militia-christi.it\/sitoweb\/wp-content\/uploads\/2024\/01\/img_5779-1.jpg?fit=1024%2C1024&ssl=1&resize=350%2C200","width":350,"height":200,"srcset":"https:\/\/i0.wp.com\/www.militia-christi.it\/sitoweb\/wp-content\/uploads\/2024\/01\/img_5779-1.jpg?fit=1024%2C1024&ssl=1&resize=350%2C200 1x, https:\/\/i0.wp.com\/www.militia-christi.it\/sitoweb\/wp-content\/uploads\/2024\/01\/img_5779-1.jpg?fit=1024%2C1024&ssl=1&resize=525%2C300 1.5x, https:\/\/i0.wp.com\/www.militia-christi.it\/sitoweb\/wp-content\/uploads\/2024\/01\/img_5779-1.jpg?fit=1024%2C1024&ssl=1&resize=700%2C400 2x"},"classes":[]},{"id":1091,"url":"https:\/\/www.militia-christi.it\/sitoweb\/2024\/01\/15\/santa-maria-e-i-templari\/","url_meta":{"origin":666,"position":1},"title":"Santa Maria e i Templari","author":"fvendola","date":"15 Gennaio 2024","format":false,"excerpt":"Il culto Mariano \u00e8 da sempre nel Cuore dei Templari, i quali furono grandi devoti della Vergine Maria e contribuirono a diffonderlo in tutta Europa, erigendo centinaia di chiese a Lei dedicate. I Templari, uomini di profonda spiritualit\u00e0, testimoni della Fede in Ges\u00f9 Cristo, avevano un saldo credo viscerale nei\u2026","rel":"","context":"In &quot;Documenti realizzati da Cavalieri o Dame&quot;","block_context":{"text":"Documenti realizzati da Cavalieri o Dame","link":"https:\/\/www.militia-christi.it\/sitoweb\/category\/documenti-realizzati-da-cavalieri-o-dame\/"},"img":{"alt_text":"","src":"https:\/\/i0.wp.com\/www.militia-christi.it\/sitoweb\/wp-content\/uploads\/2024\/01\/fatima-685x515-1-e1705322601691.jpg?fit=685%2C382&ssl=1&resize=350%2C200","width":350,"height":200,"srcset":"https:\/\/i0.wp.com\/www.militia-christi.it\/sitoweb\/wp-content\/uploads\/2024\/01\/fatima-685x515-1-e1705322601691.jpg?fit=685%2C382&ssl=1&resize=350%2C200 1x, https:\/\/i0.wp.com\/www.militia-christi.it\/sitoweb\/wp-content\/uploads\/2024\/01\/fatima-685x515-1-e1705322601691.jpg?fit=685%2C382&ssl=1&resize=525%2C300 1.5x"},"classes":[]},{"id":1068,"url":"https:\/\/www.militia-christi.it\/sitoweb\/2024\/01\/14\/simbologia-templare-2\/","url_meta":{"origin":666,"position":2},"title":"Simboli Templari","author":"fvendola","date":"14 Gennaio 2024","format":false,"excerpt":"Simbologia e storia della Croce TemplareTutto ci\u00f2 che c\u2019\u00e8 da sapere sui simboli dei Cavalieri Templari.\u00a0L'ordine dei Templari affonda le sue radici nel contesto delle Crociate. Per i cristiani\u00a0dell'XI secolo,\u00a0Gerusalemme era il centro del mondo, la citt\u00e0 santa che ospitava la Tomba di Cristo e il ricordo di grandi momenti\u2026","rel":"","context":"In &quot;Loghi e Simboli Templari&quot;","block_context":{"text":"Loghi e Simboli Templari","link":"https:\/\/www.militia-christi.it\/sitoweb\/category\/loghi-e-simboli-templari\/"},"img":{"alt_text":"","src":"https:\/\/i0.wp.com\/www.militia-christi.it\/sitoweb\/wp-content\/uploads\/2024\/01\/croce-templare-pietra.jpg?fit=980%2C654&ssl=1&resize=350%2C200","width":350,"height":200,"srcset":"https:\/\/i0.wp.com\/www.militia-christi.it\/sitoweb\/wp-content\/uploads\/2024\/01\/croce-templare-pietra.jpg?fit=980%2C654&ssl=1&resize=350%2C200 1x, https:\/\/i0.wp.com\/www.militia-christi.it\/sitoweb\/wp-content\/uploads\/2024\/01\/croce-templare-pietra.jpg?fit=980%2C654&ssl=1&resize=525%2C300 1.5x, https:\/\/i0.wp.com\/www.militia-christi.it\/sitoweb\/wp-content\/uploads\/2024\/01\/croce-templare-pietra.jpg?fit=980%2C654&ssl=1&resize=700%2C400 2x"},"classes":[]},{"id":344,"url":"https:\/\/www.militia-christi.it\/sitoweb\/2023\/07\/31\/la-grande-famiglia-gerarchica-dei-templari\/","url_meta":{"origin":666,"position":3},"title":"LA GRANDE FAMIGLIA GERARCHICA DEI TEMPLARI","author":"fvendola","date":"31 Luglio 2023","format":false,"excerpt":"LA GRANDE FAMIGLIA GERARCHICA DEI TEMPLARI Il \u201cpopolo\u201d templare era molto numeroso. Malgrado che solo coloro che erano stati accettati pronunziando i tre voti (obbedienza, castit\u00e0 e povert\u00e0) potessero denominarsi come \u201cfratelli del Tempio\u201d esisteva un gruppo molto pi\u00f9 esteso di persone che, pur senza aver pronunciato i voti, erano\u2026","rel":"","context":"In &quot;Analisi Storica Templari&quot;","block_context":{"text":"Analisi Storica Templari","link":"https:\/\/www.militia-christi.it\/sitoweb\/category\/storia-dei-templari\/analisi-storica-templari\/"},"img":{"alt_text":"","src":"https:\/\/i0.wp.com\/www.militia-christi.it\/sitoweb\/wp-content\/uploads\/2023\/07\/cavalieri-templari-2.jpg?fit=800%2C450&ssl=1&resize=350%2C200","width":350,"height":200,"srcset":"https:\/\/i0.wp.com\/www.militia-christi.it\/sitoweb\/wp-content\/uploads\/2023\/07\/cavalieri-templari-2.jpg?fit=800%2C450&ssl=1&resize=350%2C200 1x, https:\/\/i0.wp.com\/www.militia-christi.it\/sitoweb\/wp-content\/uploads\/2023\/07\/cavalieri-templari-2.jpg?fit=800%2C450&ssl=1&resize=525%2C300 1.5x, https:\/\/i0.wp.com\/www.militia-christi.it\/sitoweb\/wp-content\/uploads\/2023\/07\/cavalieri-templari-2.jpg?fit=800%2C450&ssl=1&resize=700%2C400 2x"},"classes":[]},{"id":671,"url":"https:\/\/www.militia-christi.it\/sitoweb\/2023\/12\/18\/poesia-lultimo-gran-maestro\/","url_meta":{"origin":666,"position":4},"title":"Poesia &#8211; L\u2019ultimo gran Maestro","author":"fvendola","date":"18 Dicembre 2023","format":false,"excerpt":"Jacques de Molay, valoroso Templare,Con il tuo coraggio hai saputo affrontareLe sfide e le prove che la vita ti ha dato,Fedele al tuo ordine, sempre al tuo fianco. Nel nome della fede, hai combattuto con ardore,Guidando i tuoi compagni con onore.Ma l'ombra dell'accusa si \u00e8 abbattuta su di te,E la\u2026","rel":"","context":"In &quot;Documenti realizzati da Cavalieri o Dame&quot;","block_context":{"text":"Documenti realizzati da Cavalieri o Dame","link":"https:\/\/www.militia-christi.it\/sitoweb\/category\/documenti-realizzati-da-cavalieri-o-dame\/"},"img":{"alt_text":"","src":"https:\/\/i0.wp.com\/www.militia-christi.it\/sitoweb\/wp-content\/uploads\/2023\/12\/img_4886-1.jpg?fit=1200%2C712&ssl=1&resize=350%2C200","width":350,"height":200,"srcset":"https:\/\/i0.wp.com\/www.militia-christi.it\/sitoweb\/wp-content\/uploads\/2023\/12\/img_4886-1.jpg?fit=1200%2C712&ssl=1&resize=350%2C200 1x, https:\/\/i0.wp.com\/www.militia-christi.it\/sitoweb\/wp-content\/uploads\/2023\/12\/img_4886-1.jpg?fit=1200%2C712&ssl=1&resize=525%2C300 1.5x, https:\/\/i0.wp.com\/www.militia-christi.it\/sitoweb\/wp-content\/uploads\/2023\/12\/img_4886-1.jpg?fit=1200%2C712&ssl=1&resize=700%2C400 2x, https:\/\/i0.wp.com\/www.militia-christi.it\/sitoweb\/wp-content\/uploads\/2023\/12\/img_4886-1.jpg?fit=1200%2C712&ssl=1&resize=1050%2C600 3x"},"classes":[]},{"id":643,"url":"https:\/\/www.militia-christi.it\/sitoweb\/2023\/12\/14\/noi-cavalieri-testo-canzone\/","url_meta":{"origin":666,"position":5},"title":"Noi Cavalieri (testo canzone)","author":"fvendola","date":"14 Dicembre 2023","format":false,"excerpt":"Canzone Templari (Verse 1) Nel cuore dell'antico mistero, Sorge un ordine di valore vero, I Templari, guerrieri di luce, Custodi di un segreto che seduce. (Chorus) Oh, Templari, guardiani del sacro, Nella storia, il vostro nome \u00e8 un fuoco, Con coraggio e fede, avanti andiamo, Canteremo la vostra gloria, Templari\u2026","rel":"","context":"In &quot;Documenti realizzati da Cavalieri o Dame&quot;","block_context":{"text":"Documenti realizzati da Cavalieri o Dame","link":"https:\/\/www.militia-christi.it\/sitoweb\/category\/documenti-realizzati-da-cavalieri-o-dame\/"},"img":{"alt_text":"","src":"https:\/\/i0.wp.com\/www.militia-christi.it\/sitoweb\/wp-content\/uploads\/2023\/12\/img_4614-1.jpg?fit=669%2C1200&ssl=1&resize=350%2C200","width":350,"height":200,"srcset":"https:\/\/i0.wp.com\/www.militia-christi.it\/sitoweb\/wp-content\/uploads\/2023\/12\/img_4614-1.jpg?fit=669%2C1200&ssl=1&resize=350%2C200 1x, https:\/\/i0.wp.com\/www.militia-christi.it\/sitoweb\/wp-content\/uploads\/2023\/12\/img_4614-1.jpg?fit=669%2C1200&ssl=1&resize=525%2C300 1.5x"},"classes":[]}],"jetpack_sharing_enabled":true,"_links":{"self":[{"href":"https:\/\/www.militia-christi.it\/sitoweb\/wp-json\/wp\/v2\/posts\/666","targetHints":{"allow":["GET"]}}],"collection":[{"href":"https:\/\/www.militia-christi.it\/sitoweb\/wp-json\/wp\/v2\/posts"}],"about":[{"href":"https:\/\/www.militia-christi.it\/sitoweb\/wp-json\/wp\/v2\/types\/post"}],"author":[{"embeddable":true,"href":"https:\/\/www.militia-christi.it\/sitoweb\/wp-json\/wp\/v2\/users\/1"}],"replies":[{"embeddable":true,"href":"https:\/\/www.militia-christi.it\/sitoweb\/wp-json\/wp\/v2\/comments?post=666"}],"version-history":[{"count":1,"href":"https:\/\/www.militia-christi.it\/sitoweb\/wp-json\/wp\/v2\/posts\/666\/revisions"}],"predecessor-version":[{"id":667,"href":"https:\/\/www.militia-christi.it\/sitoweb\/wp-json\/wp\/v2\/posts\/666\/revisions\/667"}],"wp:featuredmedia":[{"embeddable":true,"href":"https:\/\/www.militia-christi.it\/sitoweb\/wp-json\/wp\/v2\/media\/668"}],"wp:attachment":[{"href":"https:\/\/www.militia-christi.it\/sitoweb\/wp-json\/wp\/v2\/media?parent=666"}],"wp:term":[{"taxonomy":"category","embeddable":true,"href":"https:\/\/www.militia-christi.it\/sitoweb\/wp-json\/wp\/v2\/categories?post=666"},{"taxonomy":"post_tag","embeddable":true,"href":"https:\/\/www.militia-christi.it\/sitoweb\/wp-json\/wp\/v2\/tags?post=666"}],"curies":[{"name":"wp","href":"https:\/\/api.w.org\/{rel}","templated":true}]}}